{"id":512258,"date":"2026-09-04T22:45:10","date_gmt":"2026-09-04T22:45:10","guid":{"rendered":"https:\/\/www.europesays.com\/pt\/512258\/"},"modified":"2026-09-04T22:45:10","modified_gmt":"2026-09-04T22:45:10","slug":"formula-1-transforma-safety-car-em-relampago-mcqueen-para-celebrar-20-anos-de-carros-gkpb","status":"publish","type":"post","link":"https:\/\/www.europesays.com\/pt\/512258\/","title":{"rendered":"F\u00f3rmula 1 transforma safety car em Rel\u00e2mpago McQueen para celebrar 20 anos de Carros &#8211; GKPB"},"content":{"rendered":"<p class=\"wp-block-paragraph\">No pr\u00f3ximo dia 8 de outubro, \u2018<strong><a href=\"https:\/\/gkpb.com.br\/tag\/carros\/\" data-type=\"link\" data-id=\"gkpb.com.br\/tag\/carros\/\" rel=\"nofollow noopener\" target=\"_blank\">Carros<\/a><\/strong>\u2019, da Pixar, completa 20 anos, e diversas marcas j\u00e1 est\u00e3o aproveitando a data para celebrar a franquia. \u00c9 o caso do Cinemark dos Estados Unidos, que vai exibir o filme novamente e tamb\u00e9m lan\u00e7ou <strong><a href=\"https:\/\/gkpb.com.br\/197294\/cinemark-balde-relampago-mcqueen\/\" data-type=\"link\" data-id=\"https:\/\/gkpb.com.br\/197294\/cinemark-balde-relampago-mcqueen\/\" rel=\"nofollow noopener\" target=\"_blank\">dois baldes comemorativos.<\/a><\/strong> Agora, \u00e9 a vez da <strong><a href=\"https:\/\/gkpb.com.br\/tag\/formula-1\/\" data-type=\"link\" data-id=\"gkpb.com.br\/tag\/formula-1\/\" rel=\"nofollow noopener\" target=\"_blank\">F\u00f3rmula 1<\/a><\/strong> homenagear a anima\u00e7\u00e3o durante o pr\u00f3ximo GP, que acontece em Monza, na It\u00e1lia.<\/p>\n<p class=\"wp-block-paragraph\">Para a homenagem, a <strong>Mercedes-AMG 63 PRO 4MATIC+<\/strong>, safety car da corrida, se transformou no personagem principal do filme, o <strong>Rel\u00e2mpago McQueen<\/strong>. Por meio do <a href=\"https:\/\/www.instagram.com\/p\/Dc0pnJeDRqD\/?utm_source=ig_web_copy_link&amp;igsi=MzRlODBiNWFlZA==\" data-type=\"link\" data-id=\"https:\/\/www.instagram.com\/p\/Dc0pnJeDRqD\/?utm_source=ig_web_copy_link&amp;igsi=MzRlODBiNWFlZA==\" rel=\"nofollow noopener\" target=\"_blank\">Instagram<\/a>, a <strong>F\u00f3rmula 1<\/strong> anunciou que o heptacampe\u00e3o da <strong>Copa Pist\u00e3o<\/strong> faria a apari\u00e7\u00e3o na corrida deste final de semana.<\/p>\n<p><img loading=\"lazy\" decoding=\"async\" width=\"1024\" height=\"1280\" data-attachment-id=\"198059\" data-permalink=\"https:\/\/gkpb.com.br\/198057\/formula-1-relampago-mqueen\/792748696_18636170794020293_1397444084028108680_n\/\" data-orig-file=\"https:\/\/gkpb.com.br\/wp-content\/uploads\/2026\/09\/792748696_18636170794020293_1397444084028108680_n.jpg\" data-orig-size=\"2160,2700\" data-comments-opened=\"1\" data-image-title=\"Rel\u00e2mpago McQueen safety car na pista do GP da It\u00e1lia\" data-image-description=\"\" data-image-caption=\"&lt;p&gt;Rel\u00e2mpago McQueen na pista do aut\u00f3dromo, em imagem promocional para o safety car do GP da It\u00e1lia da F\u00f3rmula 1.&lt;\/p&gt;\" data-large-file=\"https:\/\/www.europesays.com\/pt\/wp-content\/uploads\/2026\/09\/792748696_18636170794020293_1397444084028108680_n-1024x1280.jpg\" data-id=\"198059\" src=\"data:image\/svg+xml,%3Csvg%20xmlns=\" http:=\"\" alt=\"Rel\u00e2mpago McQueen vermelho em pista de corrida, com c\u00e2mera e arquibancada ao fundo.\" data-lazy- data-lazy- data-lazy-src=\"https:\/\/www.europesays.com\/pt\/wp-content\/uploads\/2026\/09\/792748696_18636170794020293_1397444084028108680_n-1024x1280.jpg\"\/><\/p>\n<p>Rel\u00e2mpago McQueen na pista do aut\u00f3dromo, em imagem promocional para o safety car do GP da It\u00e1lia da F\u00f3rmula 1.<\/p>\n<p><img loading=\"lazy\" decoding=\"async\" width=\"1024\" height=\"1280\" data-attachment-id=\"198058\" data-permalink=\"https:\/\/gkpb.com.br\/198057\/formula-1-relampago-mqueen\/793580682_18636170761020293_3929634801133030624_n\/\" data-orig-file=\"https:\/\/gkpb.com.br\/wp-content\/uploads\/2026\/09\/793580682_18636170761020293_3929634801133030624_n.jpg\" data-orig-size=\"2160,2700\" data-comments-opened=\"1\" data-image-title=\"McQueen e carro de corrida na pista da F\u00f3rmula 1\" data-image-description=\"\" data-image-caption=\"&lt;p&gt;McQueen e um carro de corrida vermelho posam na pista do GP, em imagem que sugere o Rel\u00e2mpago McQueen como safety car.&lt;\/p&gt;\" data-large-file=\"https:\/\/www.europesays.com\/pt\/wp-content\/uploads\/2026\/09\/793580682_18636170761020293_3929634801133030624_n-1024x1280.jpg\" data-id=\"198058\" src=\"data:image\/svg+xml,%3Csvg%20xmlns=\" http:=\"\" alt=\"Carros de desenho McQueen e um carro de corrida vermelho em pista de F\u00f3rmula 1, com arquibancada ao fundo.\" data-lazy- data-lazy- data-lazy-src=\"https:\/\/www.europesays.com\/pt\/wp-content\/uploads\/2026\/09\/793580682_18636170761020293_3929634801133030624_n-1024x1280.jpg\"\/><\/p>\n<p>McQueen e um carro de corrida vermelho posam na pista do GP, em imagem que sugere o Rel\u00e2mpago McQueen como safety car.<\/p>\n<p><img loading=\"lazy\" decoding=\"async\" width=\"1024\" height=\"1280\" data-attachment-id=\"198060\" data-permalink=\"https:\/\/gkpb.com.br\/198057\/formula-1-relampago-mqueen\/793244632_18636170749020293_2300482998719907222_n\/\" data-orig-file=\"https:\/\/gkpb.com.br\/wp-content\/uploads\/2026\/09\/793244632_18636170749020293_2300482998719907222_n.jpg\" data-orig-size=\"2160,2700\" data-comments-opened=\"1\" data-image-title=\"Rel\u00e2mpago McQueen como safety car no GP da It\u00e1lia\" data-image-description=\"\" data-image-caption=\"&lt;p&gt;Rel\u00e2mpago McQueen como safety car na pista do GP da It\u00e1lia, em meio a arquibancadas e sinaliza\u00e7\u00e3o do circuito.&lt;\/p&gt;\" data-large-file=\"https:\/\/www.europesays.com\/pt\/wp-content\/uploads\/2026\/09\/793244632_18636170749020293_2300482998719907222_n-1024x1280.jpg\" data-id=\"198060\" src=\"data:image\/svg+xml,%3Csvg%20xmlns=\" http:=\"\" alt=\"Carro vermelho do Rel\u00e2mpago McQueen na pista, com bandeira de corrida e arquibancadas ao fundo\" data-lazy- data-lazy- data-lazy-src=\"https:\/\/www.europesays.com\/pt\/wp-content\/uploads\/2026\/09\/793244632_18636170749020293_2300482998719907222_n-1024x1280.jpg\"\/><\/p>\n<p>Rel\u00e2mpago McQueen como safety car na pista do GP da It\u00e1lia, em meio a arquibancadas e sinaliza\u00e7\u00e3o do circuito.<\/p>\n<p class=\"wp-block-paragraph\">Al\u00e9m da apari\u00e7\u00e3o do <strong>Rel\u00e2mpago <\/strong>na corrida, a parceria entre <strong>F1 <\/strong>e <strong>Disney<\/strong> ganhou um novo cap\u00edtulo: depois da cole\u00e7\u00e3o \u2018<a href=\"https:\/\/gkpb.com.br\/187962\/colecao-disney-formula-1\/\" data-type=\"link\" data-id=\"https:\/\/gkpb.com.br\/187962\/colecao-disney-formula-1\/\" rel=\"nofollow noopener\" target=\"_blank\">Acelerando a Magia\u2019 de <strong>Mickey &amp; Amigos<\/strong><\/a>, as marcas renovaram o contrato at\u00e9 2028.<\/p>\n<blockquote class=\"wp-block-quote is-layout-flow wp-block-quote-is-layout-flow\">\n<p class=\"wp-block-paragraph\">\u201cNossa miss\u00e3o neste projeto com a F\u00f3rmula 1 \u00e9 levar a magia da Disney aos f\u00e3s de maneiras inesperadas e criativas, seja assistindo \u00e0s corridas de casa, \u00e0 beira da pista ou acompanhando-as pelas redes sociais\u201d, afirma <strong>Joss Hastings, Vice-Presidente S\u00eanior de Marketing de Disney Consumer Products<\/strong>. \u201cAmpliar esse projeto para incluir CARROS, da Disney e Pixar, representa tamb\u00e9m uma grande oportunidade de \u2018acelerar a magia\u2019 e reunir duas comunidades de f\u00e3s que compartilham a mesma paix\u00e3o por velocidade, espet\u00e1culo e emo\u00e7\u00e3o. O futuro dessa iniciativa pertence a esses f\u00e3s, e nosso papel \u00e9 continuar criando momentos que celebrem essa paix\u00e3o.\u201d<\/p>\n<\/blockquote>\n<p><script async src=\"\/\/www.instagram.com\/embed.js\"><\/script><\/p>\n","protected":false},"excerpt":{"rendered":"No pr\u00f3ximo dia 8 de outubro, \u2018Carros\u2019, da Pixar, completa 20 anos, e diversas marcas j\u00e1 est\u00e3o aproveitando&hellip;\n","protected":false},"author":2,"featured_media":512259,"comment_status":"","ping_status":"","sticky":false,"template":"","format":"standard","meta":{"footnotes":"","_share_on_mastodon":"0"},"categories":[140],"tags":[2637,1579,114,115,147,148,971,146,11381,32,33,82071],"class_list":["post-512258","post","type-post","status-publish","format-standard","has-post-thumbnail","category-filmes","tag-carros","tag-disney","tag-entertainment","tag-entretenimento","tag-film","tag-filmes","tag-formula-1","tag-movies","tag-pixar","tag-portugal","tag-pt","tag-relampago-mcqueen"],"share_on_mastodon":{"url":"https:\/\/pubeurope.com\/@pt\/117215200831036758","error":""},"_links":{"self":[{"href":"https:\/\/www.europesays.com\/pt\/wp-json\/wp\/v2\/posts\/512258","targetHints":{"allow":["GET"]}}],"collection":[{"href":"https:\/\/www.europesays.com\/pt\/wp-json\/wp\/v2\/posts"}],"about":[{"href":"https:\/\/www.europesays.com\/pt\/wp-json\/wp\/v2\/types\/post"}],"author":[{"embeddable":true,"href":"https:\/\/www.europesays.com\/pt\/wp-json\/wp\/v2\/users\/2"}],"replies":[{"embeddable":true,"href":"https:\/\/www.europesays.com\/pt\/wp-json\/wp\/v2\/comments?post=512258"}],"version-history":[{"count":0,"href":"https:\/\/www.europesays.com\/pt\/wp-json\/wp\/v2\/posts\/512258\/revisions"}],"wp:featuredmedia":[{"embeddable":true,"href":"https:\/\/www.europesays.com\/pt\/wp-json\/wp\/v2\/media\/512259"}],"wp:attachment":[{"href":"https:\/\/www.europesays.com\/pt\/wp-json\/wp\/v2\/media?parent=512258"}],"wp:term":[{"taxonomy":"category","embeddable":true,"href":"https:\/\/www.europesays.com\/pt\/wp-json\/wp\/v2\/categories?post=512258"},{"taxonomy":"post_tag","embeddable":true,"href":"https:\/\/www.europesays.com\/pt\/wp-json\/wp\/v2\/tags?post=512258"}],"curies":[{"name":"wp","href":"https:\/\/api.w.org\/{rel}","templated":true}]}}