{"id":512262,"date":"2026-09-04T22:47:24","date_gmt":"2026-09-04T22:47:24","guid":{"rendered":"https:\/\/www.europesays.com\/pt\/512262\/"},"modified":"2026-09-04T22:47:24","modified_gmt":"2026-09-04T22:47:24","slug":"o-papel-secreto-de-doulas-e-babas-no-pos-parto-sem-sobrecarga","status":"publish","type":"post","link":"https:\/\/www.europesays.com\/pt\/512262\/","title":{"rendered":"O papel secreto de doulas e bab\u00e1s no p\u00f3s-parto sem sobrecarga"},"content":{"rendered":"<p data-path-to-node=\"7\">O per\u00edodo p\u00f3s-parto dura oficialmente entre 6 e 8 semanas. Contudo, as profundas transforma\u00e7\u00f5es emocionais e <a href=\"https:\/\/www.bonsfluidos.com.br\/gravidez\/a-nevoa-mental-nao-acontece-so-na-menopausa-conheca-os-sintomas-do-pos-parto.phtml\" rel=\"nofollow noopener\" target=\"_blank\">psicol\u00f3gicas<\/a> na vida da mulher se estendem por muito mais tempo. Nessa fase, a m\u00e3e precisa de um olhar atento que contemple suas necessidades f\u00edsicas, afetivas e pr\u00e1ticas.<\/p>\n<p data-path-to-node=\"8\">\u201cEssa \u00e9 uma das etapas mais desafiadoras da vida de uma mulher, pois exige adapta\u00e7\u00e3o f\u00edsica e emocional, sendo de extrema import\u00e2ncia ter uma abordagem ampla e prolongada, que considere as particularidades de cada pessoa, afinal, \u00e9 um momento delicado, onde as m\u00e3es encaram um cen\u00e1rio totalmente novo, de aprendizado e conex\u00e3o com o filho, al\u00e9m da reconstru\u00e7\u00e3o da pr\u00f3pria <a href=\"https:\/\/www.bonsfluidos.com.br\/gravidez\/fazer-exercicios-apos-o-parto-ajuda-a-diminuir-as-chances-de-depressao-e-ansiedade.phtml\" rel=\"nofollow noopener\" target=\"_blank\">individualidade<\/a>\u201d, explica <strong>Tatiane Dias de Oliveira<\/strong>, doula p\u00f3s-parto e especialista em rec\u00e9m-nascidos.<\/p>\n<p data-path-to-node=\"9\">Nesse sentido, as intensas <a href=\"https:\/\/www.bonsfluidos.com.br\/saude\/hormonios-desregulados-que-impactos-causam-no-corpo-da-mulher.phtml\" rel=\"nofollow noopener\" target=\"_blank\">oscila\u00e7\u00f5es hormonais<\/a> somadas \u00e0s incertezas da nova rotina costumam trazer ansiedade. Da mesma forma, surge o sentimento de culpa quando a mulher tenta reservar um tempo para o pr\u00f3prio autocuidado.<\/p>\n<p> A sobrecarga velada em n\u00fameros <\/p>\n<p data-path-to-node=\"11\">Uma pesquisa realizada pela empresa de tecnologia <strong>MindMiners<\/strong> com mais de duas mil pessoas revelou quais <a href=\"https:\/\/www.bonsfluidos.com.br\/gravidez\/tristeza-pos-parto-entenda-o-que-acontece-no-corpo-da-mulher-neste-momento.phtml\" rel=\"nofollow noopener\" target=\"_blank\">emo\u00e7\u00f5es<\/a> mais marcam esse momento:<\/p>\n<ul data-path-to-node=\"12\">\n<li>\n<p data-path-to-node=\"12,0,0\"><b data-path-to-node=\"12,0,0\" data-index-in-node=\"0\">Cansa\u00e7o:<\/b> relatado por 80% das mulheres.<\/p>\n<\/li>\n<li>\n<p data-path-to-node=\"12,1,0\"><b data-path-to-node=\"12,1,0\" data-index-in-node=\"0\">Amor:<\/b> presente na viv\u00eancia de 74%.<\/p>\n<\/li>\n<li>\n<p data-path-to-node=\"12,2,0\"><b data-path-to-node=\"12,2,0\" data-index-in-node=\"0\">Medo:<\/b> sentido por 70% das participantes.<\/p>\n<\/li>\n<\/ul>\n<p data-path-to-node=\"13\">Por outro lado, contar com uma rede de apoio qualificada faz toda a diferen\u00e7a para suavizar essas estat\u00edsticas. \u201c\u00c9 necess\u00e1rio proporcionar um ambiente tranquilo para a adapta\u00e7\u00e3o familiar, aliviando a <a href=\"https:\/\/www.bonsfluidos.com.br\/autoconhecimento\/o-perigoso-apagao-emocional-que-afeta-maes-sob-pressao-constante.phtml\" rel=\"nofollow noopener\" target=\"_blank\">sobrecarga<\/a> da m\u00e3e, pois precisamos salientar que o cuidado com a m\u00e3e tamb\u00e9m \u00e9 essencial para o bem-estar da crian\u00e7a\u201d, ressalta.<\/p>\n<p>\t <img loading=\"lazy\" decoding=\"async\" class=\"wp-image-143510 size-large img-fluid lazy\" alt=\"p\u00f3s-parto\" width=\"1024\" height=\"576\" src=\"https:\/\/www.europesays.com\/pt\/wp-content\/uploads\/2026\/09\/CAPA-BONS-FLUIDOS-5-6-1024x576.jpg\"  \/>\u00c9 necess\u00e1rio proporcionar um ambiente tranquilo para a adapta\u00e7\u00e3o familiar, aliviando a sobrecarga da m\u00e3e \u2013 monkeybusinessimages\/iStock \/ Getty Images Plus Os pilares do suporte profissional no p\u00f3s-parto <\/p>\n<p data-path-to-node=\"15\">Ademais, a atua\u00e7\u00e3o de especialistas traz benef\u00edcios comprovados. Inclusive, estudos publicados no <strong>Journal of the American Medical Association<\/strong> indicam que m\u00e3es com suporte cont\u00ednuo t\u00eam menor risco de desenvolver <a href=\"https:\/\/www.bonsfluidos.com.br\/gravidez\/amor-tardio-ao-filho-veja-mais-sobre-a-condicao-que-isis-valverde-teve-na-gravidez.phtml\" rel=\"nofollow noopener\" target=\"_blank\">depress\u00e3o p\u00f3s-parto<\/a> e se recuperam mais r\u00e1pido.<\/p>\n<p data-path-to-node=\"16\">Para a especialista, esse suporte atua em quatro frentes principais:<\/p>\n<ul data-path-to-node=\"17\">\n<li>\n<p data-path-to-node=\"17,0,0\"><b data-path-to-node=\"17,0,0\" data-index-in-node=\"0\">Cuidado e descanso materno:<\/b> preserva a sa\u00fade f\u00edsica e <a href=\"https:\/\/www.bonsfluidos.com.br\/gravidez\/privacao-de-sono-na-maternidade-o-risco-real-que-vai-muito-alem-do-cansaco.phtml\" rel=\"nofollow noopener\" target=\"_blank\">mental<\/a> da mulher sem gerar sentimentos de culpa.<\/p>\n<\/li>\n<li>\n<p data-path-to-node=\"17,1,0\"><b data-path-to-node=\"17,1,0\" data-index-in-node=\"0\">Apoio emocional:<\/b> abre um espa\u00e7o de escuta sem julgamentos para lidar com as expectativas da <a href=\"https:\/\/www.bonsfluidos.com.br\/comportamento\/maternidade-apos-os-40-dispara-no-mundo-conheca-o-novo-perfil-da-gravidez-tardia.phtml\" rel=\"nofollow noopener\" target=\"_blank\">maternidade<\/a>.<\/p>\n<\/li>\n<li>\n<p data-path-to-node=\"17,2,0\"><b data-path-to-node=\"17,2,0\" data-index-in-node=\"0\">Orienta\u00e7\u00e3o nos primeiros passos:<\/b> ensina t\u00e9cnicas de amamenta\u00e7\u00e3o, rotina de sono, banho e trocas com seguran\u00e7a.<\/p>\n<\/li>\n<li><b data-path-to-node=\"17,3,0\" data-index-in-node=\"0\">Redu\u00e7\u00e3o do estresse:<\/b> garante uma transi\u00e7\u00e3o mais harmoniosa para os <a href=\"https:\/\/www.bonsfluidos.com.br\/bem-estar\/regressao-do-sono-saiba-como-educar-o-seu-bebe-na-hora-de-dormir.phtml\" rel=\"nofollow noopener\" target=\"_blank\">pais de primeira viagem<\/a>.<\/li>\n<\/ul>\n<p> <img loading=\"lazy\" decoding=\"async\" class=\"wp-image-143509 size-large img-fluid lazy\" alt=\"p\u00f3s-parto\" width=\"1024\" height=\"576\" src=\"https:\/\/www.europesays.com\/pt\/wp-content\/uploads\/2026\/09\/CAPA-BONS-FLUIDOS-6-6-1024x576.jpg\"  \/>Garante uma transi\u00e7\u00e3o mais harmoniosa para os pais de primeira viagem \u2013 Peerakorn Chotthanawarapong\/iStock \/ Getty Images Plus Doula p\u00f3s-parto ou bab\u00e1 especializada? <\/p>\n<p data-path-to-node=\"19\">Embora trabalhem em sintonia, cada profissional cumpre um papel diferente. Enquanto a bab\u00e1 foca no cuidado direto do rec\u00e9m-nascido e no alinhamento da <a href=\"https:\/\/www.bonsfluidos.com.br\/gravidez\/cinco-dicas-para-voce-conseguir-manter-o-sono-do-seu-bebe-em-meio-as-festas.phtml\" rel=\"nofollow noopener\" target=\"_blank\">rotina do beb\u00ea<\/a>, a doula p\u00f3s-parto dedica-se ao bem-estar integral da m\u00e3e e do ambiente familiar.<\/p>\n<p data-path-to-node=\"20\">\u201cAmbos os tipos de suporte profissional s\u00e3o valiosos e podem ser adaptados \u00e0s necessidades espec\u00edficas de cada fam\u00edlia durante esse per\u00edodo de transi\u00e7\u00e3o\u201d, refor\u00e7a a doula. Em suma, receber assist\u00eancia pr\u00e1tica e afetiva transforma o puerp\u00e9rio. Essa rede de <a href=\"https:\/\/www.bonsfluidos.com.br\/espiritualidade\/protecao-no-lar-conselhos-espirituais-para-blindar-sua-casa-e-se-proteger-contra-a-inveja.phtml\" rel=\"nofollow noopener\" target=\"_blank\">prote\u00e7\u00e3o<\/a> cuida de quem cuida, criando um lar mais seguro, leve e saud\u00e1vel para a chegada de uma nova vida.<\/p>\n","protected":false},"excerpt":{"rendered":"O per\u00edodo p\u00f3s-parto dura oficialmente entre 6 e 8 semanas. Contudo, as profundas transforma\u00e7\u00f5es emocionais e psicol\u00f3gicas na&hellip;\n","protected":false},"author":2,"featured_media":512263,"comment_status":"","ping_status":"","sticky":false,"template":"","format":"standard","meta":{"footnotes":"","_share_on_mastodon":"0"},"categories":[86],"tags":[82072,1031,82073,538,82074,62286,82075,116,2558,32,33,22059,117,1030],"class_list":["post-512262","post","type-post","status-publish","format-standard","has-post-thumbnail","category-saude","tag-apoio-materno","tag-autocuidado","tag-baba-especializada","tag-bem-estar","tag-cuidados-com-o-bebe","tag-depressao-pos-parto","tag-doula-pos-parto","tag-health","tag-maternidade","tag-portugal","tag-pt","tag-puerperio","tag-saude","tag-saude-mental"],"share_on_mastodon":{"url":"https:\/\/pubeurope.com\/@pt\/117215209508821734","error":""},"_links":{"self":[{"href":"https:\/\/www.europesays.com\/pt\/wp-json\/wp\/v2\/posts\/512262","targetHints":{"allow":["GET"]}}],"collection":[{"href":"https:\/\/www.europesays.com\/pt\/wp-json\/wp\/v2\/posts"}],"about":[{"href":"https:\/\/www.europesays.com\/pt\/wp-json\/wp\/v2\/types\/post"}],"author":[{"embeddable":true,"href":"https:\/\/www.europesays.com\/pt\/wp-json\/wp\/v2\/users\/2"}],"replies":[{"embeddable":true,"href":"https:\/\/www.europesays.com\/pt\/wp-json\/wp\/v2\/comments?post=512262"}],"version-history":[{"count":0,"href":"https:\/\/www.europesays.com\/pt\/wp-json\/wp\/v2\/posts\/512262\/revisions"}],"wp:featuredmedia":[{"embeddable":true,"href":"https:\/\/www.europesays.com\/pt\/wp-json\/wp\/v2\/media\/512263"}],"wp:attachment":[{"href":"https:\/\/www.europesays.com\/pt\/wp-json\/wp\/v2\/media?parent=512262"}],"wp:term":[{"taxonomy":"category","embeddable":true,"href":"https:\/\/www.europesays.com\/pt\/wp-json\/wp\/v2\/categories?post=512262"},{"taxonomy":"post_tag","embeddable":true,"href":"https:\/\/www.europesays.com\/pt\/wp-json\/wp\/v2\/tags?post=512262"}],"curies":[{"name":"wp","href":"https:\/\/api.w.org\/{rel}","templated":true}]}}