{"id":512270,"date":"2026-09-04T22:57:11","date_gmt":"2026-09-04T22:57:11","guid":{"rendered":"https:\/\/www.europesays.com\/pt\/512270\/"},"modified":"2026-09-04T22:57:11","modified_gmt":"2026-09-04T22:57:11","slug":"brilhos-e-elegancia-este-foi-o-look-escolhido-por-maria-botelho-moniz-para-a-gala-final-do-big-brother-verao-big-brother-verao-2026-ultimas-noticias-videos-e-diretos","status":"publish","type":"post","link":"https:\/\/www.europesays.com\/pt\/512270\/","title":{"rendered":"Brilhos e eleg\u00e2ncia: Este foi o look escolhido por Maria Botelho Moniz para a Gala Final do Big Brother Ver\u00e3o &#8211; Big Brother Ver\u00e3o 2026: \u00daltimas Not\u00edcias, V\u00eddeos e Diretos"},"content":{"rendered":"<p>Para a derradeira gala desta edi\u00e7\u00e3o, a apresentadora surgiu com um vestido cor de rosa, numa escolha elegante e \u00e0 altura de uma das noites mais aguardadas do Big Brother Ver\u00e3o.\u00a0<\/p>\n<p>O visual escolhido destaca-se pelo seu <strong>corte cl\u00e1ssico<\/strong>, para cor escolheu um delicado rosa beb\u00e9 e uns brilhos, como n\u00e3o podia faltar nesta gala final.\u00a0<\/p>\n<p>Mais uma vez, <a href=\"https:\/\/tvi.iol.pt\/bigbrother\/maria-botelho-moniz\/big-brother-all-stars\/maria-botelho-moniz-revela-detalhes-sobre-concorrentes-do-big-brother-all-stars-estao-la-os-tres\" rel=\"nofollow noopener\" target=\"_blank\"><strong>Maria Botelho Moniz<\/strong> apostou num visual pensado ao pormenor<\/a> para uma noite em que todas as aten\u00e7\u00f5es est\u00e3o centradas na casa mais vigiada do Pa\u00eds e no an\u00fancio do grande vencedor.<\/p>\n<p>Entre a emo\u00e7\u00e3o da final e a expectativa para conhecer o novo campe\u00e3o do <strong>Big Brother Ver\u00e3o<\/strong>, h\u00e1 ainda tempo para admirar todos os detalhes do look escolhido por Maria para encerrar esta edi\u00e7\u00e3o em grande estilo.<\/p>\n<p><strong>Veja a publica\u00e7\u00e3o.<\/strong><\/p>\n<p>\u00a0<\/p>\n","protected":false},"excerpt":{"rendered":"Para a derradeira gala desta edi\u00e7\u00e3o, a apresentadora surgiu com um vestido cor de rosa, numa escolha elegante&hellip;\n","protected":false},"author":2,"featured_media":512271,"comment_status":"","ping_status":"","sticky":false,"template":"","format":"standard","meta":{"footnotes":"","_share_on_mastodon":"0"},"categories":[142],"tags":[331,48,333,328,335,336,114,115,334,332,330,82076,4319,338,13,32,33,151,162,227],"class_list":["post-512270","post","type-post","status-publish","format-standard","has-post-thumbnail","category-tv","tag-big","tag-big-brother","tag-comentadores","tag-concorrentes","tag-confrontos","tag-discussoes","tag-entertainment","tag-entretenimento","tag-exclusivos","tag-expulso","tag-gala","tag-gala-final","tag-look","tag-maria-botelho-moniz","tag-noticias","tag-portugal","tag-pt","tag-tv","tag-tvi","tag-videos"],"share_on_mastodon":{"url":"https:\/\/pubeurope.com\/@pt\/117215248309013100","error":""},"_links":{"self":[{"href":"https:\/\/www.europesays.com\/pt\/wp-json\/wp\/v2\/posts\/512270","targetHints":{"allow":["GET"]}}],"collection":[{"href":"https:\/\/www.europesays.com\/pt\/wp-json\/wp\/v2\/posts"}],"about":[{"href":"https:\/\/www.europesays.com\/pt\/wp-json\/wp\/v2\/types\/post"}],"author":[{"embeddable":true,"href":"https:\/\/www.europesays.com\/pt\/wp-json\/wp\/v2\/users\/2"}],"replies":[{"embeddable":true,"href":"https:\/\/www.europesays.com\/pt\/wp-json\/wp\/v2\/comments?post=512270"}],"version-history":[{"count":0,"href":"https:\/\/www.europesays.com\/pt\/wp-json\/wp\/v2\/posts\/512270\/revisions"}],"wp:featuredmedia":[{"embeddable":true,"href":"https:\/\/www.europesays.com\/pt\/wp-json\/wp\/v2\/media\/512271"}],"wp:attachment":[{"href":"https:\/\/www.europesays.com\/pt\/wp-json\/wp\/v2\/media?parent=512270"}],"wp:term":[{"taxonomy":"category","embeddable":true,"href":"https:\/\/www.europesays.com\/pt\/wp-json\/wp\/v2\/categories?post=512270"},{"taxonomy":"post_tag","embeddable":true,"href":"https:\/\/www.europesays.com\/pt\/wp-json\/wp\/v2\/tags?post=512270"}],"curies":[{"name":"wp","href":"https:\/\/api.w.org\/{rel}","templated":true}]}}