{"id":512272,"date":"2026-09-04T22:58:18","date_gmt":"2026-09-04T22:58:18","guid":{"rendered":"https:\/\/www.europesays.com\/pt\/512272\/"},"modified":"2026-09-04T22:58:18","modified_gmt":"2026-09-04T22:58:18","slug":"o-ultimo-azul-esta-entre-melhores-de-2026-na-indiewire-04-09-2026-ilustrada","status":"publish","type":"post","link":"https:\/\/www.europesays.com\/pt\/512272\/","title":{"rendered":"&#8216;O \u00daltimo Azul&#8217; est\u00e1 entre melhores de 2026 na IndieWire &#8211; 04\/09\/2026 &#8211; Ilustrada"},"content":{"rendered":"<p>&#8220;<a href=\"https:\/\/www1.folha.uol.com.br\/ilustrada\/2025\/08\/o-ultimo-azul-encanta-com-distanciamento-que-permite-a-contemplacao.shtml\" rel=\"nofollow noopener\" target=\"\">O \u00daltimo Azul<\/a>&#8220;, de <a href=\"https:\/\/www1.folha.uol.com.br\/ilustrada\/2025\/02\/premiado-em-berlim-gabriel-mascaro-e-dono-de-um-cinema-inquieto.shtml\" rel=\"nofollow noopener\" target=\"\">Gabriel Mascaro<\/a>, est\u00e1 entre os destaques de 2026 at\u00e9 agora para a IndieWire, site de cr\u00edticas de filmes e da ind\u00fastria de entretenimento. O filme aparece na sele\u00e7\u00e3o dos melhores do ano publicada pela revista americana, que re\u00fane produ\u00e7\u00f5es de diferentes g\u00eaneros e pa\u00edses e deve ser atualizada ao longo dos pr\u00f3ximos meses.<\/p>\n<p>Estrelado por Denise Weinberg, &#8220;<a href=\"https:\/\/www1.folha.uol.com.br\/ilustrada\/2025\/08\/o-ultimo-azul-premiado-em-berlim-pensa-o-papel-do-idoso-a-partir-da-fantasia.shtml\" rel=\"nofollow noopener\" target=\"\">O \u00daltimo Azul<\/a>&#8221; acompanha Tereza, uma mulher de 77 anos que vive na Amaz\u00f4nia e \u00e9 enviada para uma col\u00f4nia destinada a idosos. Antes de partir, ela decide realizar um \u00faltimo desejo, que \u00e9 viajar de avi\u00e3o. <a href=\"https:\/\/www1.folha.uol.com.br\/folha-topicos\/rodrigo-santoro\/\" rel=\"nofollow noopener\" target=\"_blank\">Rodrigo Santoro<\/a>, Miriam Socarras e Adanilo tamb\u00e9m est\u00e3o no elenco do longa que <a href=\"https:\/\/www1.folha.uol.com.br\/ilustrada\/2025\/02\/filme-brasileiro-o-ultimo-azul-leva-o-grande-premio-do-juri-no-festival-de-berlim.shtml\" rel=\"nofollow noopener\" target=\"\">conquistou Urso de Prata<\/a> no <a href=\"https:\/\/www1.folha.uol.com.br\/folha-topicos\/festival-de-berlim\/\" rel=\"nofollow noopener\" target=\"_blank\">Festival de Berlim<\/a>.<\/p>\n<p>Apesar de a estreia ter acontecido oficialmente em 2025, o filme s\u00f3 chegou aos Estados Unidos em neste ano.<\/p>\n<p>&#8220;O \u00daltimo Azul&#8221; divide a sele\u00e7\u00e3o de 40 t\u00edtulos com filmes como &#8220;Blue Heron&#8221;, estreia da canadense Sophy Romvari, e &#8220;Miroirs No. 3&#8221;, de Christian Petzold, protagonizado por Paula Beer. Tamb\u00e9m est\u00e1 na lista &#8220;Mother Mary&#8221;, de David Lowery, drama estrelado por <a href=\"https:\/\/www1.folha.uol.com.br\/folha-topicos\/anne-hathaway\/\" rel=\"nofollow noopener\" target=\"_blank\">Anne Hathaway<\/a> e Michaela Coel.<\/p>\n<p>A sele\u00e7\u00e3o inclui ainda produ\u00e7\u00f5es de grande escala, como os blockbusters &#8220;<a href=\"https:\/\/www1.folha.uol.com.br\/ilustrissima\/2026\/07\/a-odisseia-de-nolan-poe-homero-na-boca-do-povo-e-e-experiencia-poderosa.shtml\" rel=\"nofollow noopener\" target=\"\">A Odisseia<\/a>&#8220;, &#8220;<a href=\"https:\/\/www1.folha.uol.com.br\/ilustrada\/2026\/03\/como-ryan-gosling-deixou-o-cinema-alternativo-para-virar-astro-de-figuras-comicas.shtml\" rel=\"nofollow noopener\" target=\"\">Devoradores de Estrelas<\/a>&#8220;, &#8220;<a href=\"https:\/\/www1.folha.uol.com.br\/ilustrada\/2026\/06\/toy-story-aos-30-anos-defende-a-fantasia-na-era-da-infancia-dominada-por-telas.shtml\" rel=\"nofollow noopener\" target=\"\">Toy Story 5<\/a>&#8220;, queridinhos da com\u00e9dia de drama como <a href=\"https:\/\/www1.folha.uol.com.br\/ilustrada\/2026\/04\/o-drama-se-limita-ao-publico-americano-ao-explorar-a-psicopatia.shtml\" rel=\"nofollow noopener\" target=\"\">&#8220;O Drama<\/a>&#8220;, &#8220;<a href=\"https:\/\/www1.folha.uol.com.br\/ilustrada\/2026\/07\/o-convite-usa-humor-para-analisar-o-fim-das-relacoes-com-casais-que-tentam-orgia.shtml\" rel=\"nofollow noopener\" target=\"\">O Convite<\/a>&#8221; e filmes de g\u00eanero como &#8220;28 Years Later: The Bone Temple&#8221;, de Nia DaCosta. Entre os t\u00edtulos mais experimentais est\u00e3o &#8220;Yes&#8221;, de Nadav Lapid, e &#8220;Camp&#8221;, de Avalon Fast. A IndieWire afirma que a maior parte das surpresas do ano, at\u00e9 agora, veio do <a href=\"https:\/\/www1.folha.uol.com.br\/folha-topicos\/cinema\/\" rel=\"nofollow noopener\" target=\"_blank\">cinema<\/a> de arte.<\/p>\n","protected":false},"excerpt":{"rendered":"&#8220;O \u00daltimo Azul&#8220;, de Gabriel Mascaro, est\u00e1 entre os destaques de 2026 at\u00e9 agora para a IndieWire, site&hellip;\n","protected":false},"author":2,"featured_media":512273,"comment_status":"","ping_status":"","sticky":false,"template":"","format":"standard","meta":{"footnotes":"","_share_on_mastodon":"0"},"categories":[141],"tags":[470,114,115,236,149,150,32,33,5062],"class_list":["post-512272","post","type-post","status-publish","format-standard","has-post-thumbnail","category-musica","tag-cinema","tag-entertainment","tag-entretenimento","tag-folha","tag-music","tag-musica","tag-portugal","tag-pt","tag-rodrigo-santoro"],"share_on_mastodon":{"url":"https:\/\/pubeurope.com\/@pt\/117215252370506854","error":""},"_links":{"self":[{"href":"https:\/\/www.europesays.com\/pt\/wp-json\/wp\/v2\/posts\/512272","targetHints":{"allow":["GET"]}}],"collection":[{"href":"https:\/\/www.europesays.com\/pt\/wp-json\/wp\/v2\/posts"}],"about":[{"href":"https:\/\/www.europesays.com\/pt\/wp-json\/wp\/v2\/types\/post"}],"author":[{"embeddable":true,"href":"https:\/\/www.europesays.com\/pt\/wp-json\/wp\/v2\/users\/2"}],"replies":[{"embeddable":true,"href":"https:\/\/www.europesays.com\/pt\/wp-json\/wp\/v2\/comments?post=512272"}],"version-history":[{"count":0,"href":"https:\/\/www.europesays.com\/pt\/wp-json\/wp\/v2\/posts\/512272\/revisions"}],"wp:featuredmedia":[{"embeddable":true,"href":"https:\/\/www.europesays.com\/pt\/wp-json\/wp\/v2\/media\/512273"}],"wp:attachment":[{"href":"https:\/\/www.europesays.com\/pt\/wp-json\/wp\/v2\/media?parent=512272"}],"wp:term":[{"taxonomy":"category","embeddable":true,"href":"https:\/\/www.europesays.com\/pt\/wp-json\/wp\/v2\/categories?post=512272"},{"taxonomy":"post_tag","embeddable":true,"href":"https:\/\/www.europesays.com\/pt\/wp-json\/wp\/v2\/tags?post=512272"}],"curies":[{"name":"wp","href":"https:\/\/api.w.org\/{rel}","templated":true}]}}