{"id":512294,"date":"2026-09-04T23:15:21","date_gmt":"2026-09-04T23:15:21","guid":{"rendered":"https:\/\/www.europesays.com\/pt\/512294\/"},"modified":"2026-09-04T23:15:21","modified_gmt":"2026-09-04T23:15:21","slug":"estudo-demonstra-que-a-psilocibina-previne-efeitos-secundarios-da-quimioterapia-sem-reduzir-efeitos","status":"publish","type":"post","link":"https:\/\/www.europesays.com\/pt\/512294\/","title":{"rendered":"Estudo demonstra que a psilocibina previne efeitos secund\u00e1rios da quimioterapia sem reduzir efeitos"},"content":{"rendered":"<p>                Investiga\u00e7\u00e3o realizada com ratos culmina em resultados promissores<\/p>\n<p class=\"CustomStyleTitle\" style=\"margin-bottom:11px\">A psilocibina \u00e9 um composto psicad\u00e9lico de origem natural que poder\u00e1 ajudar a prevenir um dos efeitos secund\u00e1rios mais debilitantes da quimioterapia, sem reduzir os seus efeitos antitumorais, de acordo com um estudo realizado em ratos.<\/p>\n<p>A neuropatia perif\u00e9rica induzida pela quimioterapia (CIPN) \u00e9 uma consequ\u00eancia frequente (afeta mais de 60% dos doentes) e, muitas vezes, debilitante dos tratamentos oncol\u00f3gicos \u00e0 base de platina.<\/p>\n<p>Esta doen\u00e7a provoca dor persistente, sensa\u00e7\u00e3o de ardor e dorm\u00eancia, podendo reduzir consideravelmente a qualidade de vida e obrigar a limitar ou interromper a terapia contra o cancro; al\u00e9m disso, os tratamentos existentes proporcionam apenas um al\u00edvio moderado.<\/p>\n<p>A equipa liderada pela Universidade do Texas (EUA) realizou testes em ratos e constatou que a psilocibina, administrada antes da quimioterapia, prevenia o aparecimento de les\u00f5es nervosas, mesmo ap\u00f3s ciclos repetidos de tratamento, o que poder\u00e1 ajudar a prevenir a dor, dorm\u00eancia e outros efeitos secund\u00e1rios comuns da quimioterapia.<\/p>\n<p>O estudo publicado na revista Science revela uma fun\u00e7\u00e3o neuroprotetora at\u00e9 agora desconhecida dos recetores de serotonina e sugere que a psilocibina poder\u00e1 ser a primeira interven\u00e7\u00e3o do seu g\u00e9nero para a preven\u00e7\u00e3o da CIPN.<\/p>\n<p>Em animais com tumores submetidos a ciclos repetidos e clinicamente relevantes de quimioterapia \u00e0 base de platina e taxanos, os autores demonstraram que a administra\u00e7\u00e3o pr\u00e9via prevenia de forma duradoura a CIPN, em at\u00e9 seis ciclos, sem reduzir os efeitos antitumorais da mesma.<\/p>\n<p>A CIPN est\u00e1 associada a perturba\u00e7\u00f5es na fun\u00e7\u00e3o mitocondrial e \u00e0 degenera\u00e7\u00e3o progressiva das partes mais distais das fibras nervosas sensoriais.<\/p>\n<p>Estudos anteriores sugeriram que a psilocibina promove a plasticidade neural atrav\u00e9s do recetor 5HT2A, o que tamb\u00e9m pode influenciar a produ\u00e7\u00e3o mitocondrial e as vias sensoriais da dor.<\/p>\n<p>Esse composto, que est\u00e1 atualmente a ser investigado para o tratamento de perturba\u00e7\u00f5es neuropsiqui\u00e1tricas e neurol\u00f3gicas, pode permitir, temporariamente, que o c\u00e9rebro se reorganize e forme novas ramifica\u00e7\u00f5es neuronais que poderiam ajudar a evitar les\u00f5es nervosas.<\/p>\n<p>Assim, a equipa levantou a hip\u00f3tese de que a psilocibina poderia provocar uma remodela\u00e7\u00e3o e uma prote\u00e7\u00e3o duradouras no sistema nervoso.<\/p>\n<p>\u201cA psilocibina faz mais do que apenas reduzir os sinais de dor, protegendo os pr\u00f3prios nervos atrav\u00e9s do fornecimento de energia&#8221;\u201c, explica Patrick Dougherty, outro dos signat\u00e1rios.<\/p>\n<p>Este efeito neuroprotetor poderia, considerou, ajudar a \u201csuportar o stress da quimioterapia, mantendo a sensibilidade, a mobilidade e a qualidade de vida durante o tratamento e durante muito tempo depois de ter superado a doen\u00e7a\u201d.<\/p>\n","protected":false},"excerpt":{"rendered":"Investiga\u00e7\u00e3o realizada com ratos culmina em resultados promissores A psilocibina \u00e9 um composto psicad\u00e9lico de origem natural que&hellip;\n","protected":false},"author":2,"featured_media":512295,"comment_status":"","ping_status":"","sticky":false,"template":"","format":"standard","meta":{"footnotes":"","_share_on_mastodon":"0"},"categories":[86],"tags":[609,836,611,27,1207,607,608,82078,333,832,604,135,610,476,301,830,116,603,570,831,833,62,834,13,835,602,52,32,82077,33,2197,117,29],"class_list":["post-512294","post","type-post","status-publish","format-standard","has-post-thumbnail","category-saude","tag-alerta","tag-analise","tag-ao-minuto","tag-breaking-news","tag-cancro","tag-cnn","tag-cnn-portugal","tag-cogumelos-magicos","tag-comentadores","tag-costa","tag-crime","tag-desporto","tag-direto","tag-economia","tag-governo","tag-guerra","tag-health","tag-justica","tag-live","tag-mais-vistas","tag-marcelo","tag-mundo","tag-negocios","tag-noticias","tag-opiniao","tag-pais","tag-politica","tag-portugal","tag-psilocibina","tag-pt","tag-quimioterapia","tag-saude","tag-ultimas"],"share_on_mastodon":{"url":"https:\/\/pubeurope.com\/@pt\/117215318972886114","error":""},"_links":{"self":[{"href":"https:\/\/www.europesays.com\/pt\/wp-json\/wp\/v2\/posts\/512294","targetHints":{"allow":["GET"]}}],"collection":[{"href":"https:\/\/www.europesays.com\/pt\/wp-json\/wp\/v2\/posts"}],"about":[{"href":"https:\/\/www.europesays.com\/pt\/wp-json\/wp\/v2\/types\/post"}],"author":[{"embeddable":true,"href":"https:\/\/www.europesays.com\/pt\/wp-json\/wp\/v2\/users\/2"}],"replies":[{"embeddable":true,"href":"https:\/\/www.europesays.com\/pt\/wp-json\/wp\/v2\/comments?post=512294"}],"version-history":[{"count":0,"href":"https:\/\/www.europesays.com\/pt\/wp-json\/wp\/v2\/posts\/512294\/revisions"}],"wp:featuredmedia":[{"embeddable":true,"href":"https:\/\/www.europesays.com\/pt\/wp-json\/wp\/v2\/media\/512295"}],"wp:attachment":[{"href":"https:\/\/www.europesays.com\/pt\/wp-json\/wp\/v2\/media?parent=512294"}],"wp:term":[{"taxonomy":"category","embeddable":true,"href":"https:\/\/www.europesays.com\/pt\/wp-json\/wp\/v2\/categories?post=512294"},{"taxonomy":"post_tag","embeddable":true,"href":"https:\/\/www.europesays.com\/pt\/wp-json\/wp\/v2\/tags?post=512294"}],"curies":[{"name":"wp","href":"https:\/\/api.w.org\/{rel}","templated":true}]}}