{"id":512296,"date":"2026-09-04T23:16:12","date_gmt":"2026-09-04T23:16:12","guid":{"rendered":"https:\/\/www.europesays.com\/pt\/512296\/"},"modified":"2026-09-04T23:16:12","modified_gmt":"2026-09-04T23:16:12","slug":"ninguem-contava-esta-concorrente-saiu-em-quinto-lugar-na-grande-final-do-big-brother-verao-big-brother-verao-2026-ultimas-noticias-videos-e-diretos","status":"publish","type":"post","link":"https:\/\/www.europesays.com\/pt\/512296\/","title":{"rendered":"Ningu\u00e9m contava. Esta concorrente saiu em quinto lugar na grande final do Big Brother Ver\u00e3o &#8211; Big Brother Ver\u00e3o 2026: \u00daltimas Not\u00edcias, V\u00eddeos e Diretos"},"content":{"rendered":"<p>Depois de uma caminhada intensa dentro da casa, marcada por muitos desafios, recome\u00e7os, e por uma longa estadia na &#8220;Casa da av\u00f3&#8221;, a concorrente chega ao fim da sua participa\u00e7\u00e3o no reality show.<\/p>\n<p><strong><a href=\"https:\/\/tvi.iol.pt\/bigbrother\/video\/dedicatoria-de-big-para-ana-luisa-deixa-qualquer-um-emocionado-brindemos-a-mulher\/6a9a9a420cf2b42132dc0111\" rel=\"nofollow noopener\" target=\"_blank\">Ana Lu\u00edsa<\/a>\u00a0<\/strong>foi uma das figuras desta edi\u00e7\u00e3o e conseguiu conquistar o seu espa\u00e7o na competi\u00e7\u00e3o, dando que falar dentro e fora da casa e reunindo uma verdadeira legi\u00e3o de f\u00e3s.<\/p>\n<p>Fica agora no quinto lugar do p\u00f3dio, numa noite em que cada resultado pode surpreender.<\/p>\n<p><strong>Veja o v\u00eddeo.<\/strong><\/p>\n<p>\u00a0<\/p>\n","protected":false},"excerpt":{"rendered":"Depois de uma caminhada intensa dentro da casa, marcada por muitos desafios, recome\u00e7os, e por uma longa estadia&hellip;\n","protected":false},"author":2,"featured_media":512297,"comment_status":"","ping_status":"","sticky":false,"template":"","format":"standard","meta":{"footnotes":"","_share_on_mastodon":"0"},"categories":[85],"tags":[13786,331,48,333,328,335,336,114,115,334,332,9485,330,338,13,32,33,82079,162,227],"class_list":["post-512296","post","type-post","status-publish","format-standard","has-post-thumbnail","category-entretenimento","tag-ana-luisa","tag-big","tag-big-brother","tag-comentadores","tag-concorrentes","tag-confrontos","tag-discussoes","tag-entertainment","tag-entretenimento","tag-exclusivos","tag-expulso","tag-finalista","tag-gala","tag-maria-botelho-moniz","tag-noticias","tag-portugal","tag-pt","tag-quinto-lugar","tag-tvi","tag-videos"],"share_on_mastodon":{"url":"https:\/\/pubeurope.com\/@pt\/117215322963661729","error":""},"_links":{"self":[{"href":"https:\/\/www.europesays.com\/pt\/wp-json\/wp\/v2\/posts\/512296","targetHints":{"allow":["GET"]}}],"collection":[{"href":"https:\/\/www.europesays.com\/pt\/wp-json\/wp\/v2\/posts"}],"about":[{"href":"https:\/\/www.europesays.com\/pt\/wp-json\/wp\/v2\/types\/post"}],"author":[{"embeddable":true,"href":"https:\/\/www.europesays.com\/pt\/wp-json\/wp\/v2\/users\/2"}],"replies":[{"embeddable":true,"href":"https:\/\/www.europesays.com\/pt\/wp-json\/wp\/v2\/comments?post=512296"}],"version-history":[{"count":0,"href":"https:\/\/www.europesays.com\/pt\/wp-json\/wp\/v2\/posts\/512296\/revisions"}],"wp:featuredmedia":[{"embeddable":true,"href":"https:\/\/www.europesays.com\/pt\/wp-json\/wp\/v2\/media\/512297"}],"wp:attachment":[{"href":"https:\/\/www.europesays.com\/pt\/wp-json\/wp\/v2\/media?parent=512296"}],"wp:term":[{"taxonomy":"category","embeddable":true,"href":"https:\/\/www.europesays.com\/pt\/wp-json\/wp\/v2\/categories?post=512296"},{"taxonomy":"post_tag","embeddable":true,"href":"https:\/\/www.europesays.com\/pt\/wp-json\/wp\/v2\/tags?post=512296"}],"curies":[{"name":"wp","href":"https:\/\/api.w.org\/{rel}","templated":true}]}}