{"id":512298,"date":"2026-09-04T23:17:21","date_gmt":"2026-09-04T23:17:21","guid":{"rendered":"https:\/\/www.europesays.com\/pt\/512298\/"},"modified":"2026-09-04T23:17:21","modified_gmt":"2026-09-04T23:17:21","slug":"branqueamento-dos-corais-efeito-devastador-esta-mudando-a-realidade-no-mar-e-o-tempo-para-recupera-los-e-cada-vez-menor-2","status":"publish","type":"post","link":"https:\/\/www.europesays.com\/pt\/512298\/","title":{"rendered":"Branqueamento dos corais: efeito devastador est\u00e1 mudando a realidade no mar e o tempo para recuper\u00e1-los \u00e9 cada vez menor"},"content":{"rendered":"<p class=\"my-5 break-words group-[.isActiveSource]:text-xl\">O maior estudo global sobre recifes de corais desde 2009 acaba de ser divulgado, e os resultados mostram um cen\u00e1rio preocupante para a sa\u00fade dos oceanos. Os dados foram publicados no relat\u00f3rio <strong class=\"group-[.isActiveSource]:text-xl group-[.isActiveSource]:font-bold\">Status dos recifes de coral do mundo: 2025<\/strong> pela <strong class=\"group-[.isActiveSource]:text-xl group-[.isActiveSource]:font-bold\">Rede Global de Monitoramento de Recifes de Coral<\/strong>.<\/p>\n<p class=\"my-5 break-words group-[.isActiveSource]:text-xl\">A descoberta mais alarmante \u00e9 o aumento da frequ\u00eancia de eventos de grande perturba\u00e7\u00e3o dos recifes. Os epis\u00f3dios de <strong class=\"group-[.isActiveSource]:text-xl group-[.isActiveSource]:font-bold\">branqueamento em massa<\/strong> que costumavam ocorrer a cada dez anos, em m\u00e9dia, agora se repetem com intervalos de at\u00e9 quatro anos. Isso significa que h\u00e1 cada vez menos tempo para os corais recuperarem a sa\u00fade.<\/p>\n<p>Quando corais perdem a cor<\/p>\n<p class=\"my-5 break-words group-[.isActiveSource]:text-xl\">A sa\u00fade dos <strong class=\"group-[.isActiveSource]:text-xl group-[.isActiveSource]:font-bold\">recifes de coral<\/strong> importa porque neles habitam <a href=\"https:\/\/www.cnnbrasil.com.br\/economia\/estudo-mostra-que-ilhas-brasileiras-abrigam-especies-unicas-do-planeta\/\" class=\"text-red-600 underline hover:text-red-500 font-medium break-words group-[.isActiveSource]:text-xl\" target=\"_self\" rel=\"nofollow noopener\"><strong class=\"group-[.isActiveSource]:text-xl group-[.isActiveSource]:font-bold\">milhares de esp\u00e9cies<\/strong><\/a>, entre crust\u00e1ceos, peixes e moluscos. Neles, cerca de 25% de toda a vida marinha nasce, come e se reproduz, protegida da for\u00e7a das ondas e de predadores.<\/p>\n<p class=\"my-5 break-words group-[.isActiveSource]:text-xl\">Mas corais n\u00e3o s\u00e3o pedras ou plantas: s\u00e3o tamb\u00e9m animais que dependem do oceano para obter alimento e outras condi\u00e7\u00f5es necess\u00e1rias para a vida.<\/p>\n<p class=\"my-5 break-words group-[.isActiveSource]:text-xl\">A melhor maneira de consegui-las envolve uma associa\u00e7\u00e3o de interesse m\u00fatuo com algas chamadas <strong class=\"group-[.isActiveSource]:text-xl group-[.isActiveSource]:font-bold\">zooxantelas<\/strong>. Elas vivem em seguran\u00e7a no tecido dos corais, onde fazem <strong class=\"group-[.isActiveSource]:text-xl group-[.isActiveSource]:font-bold\">fotoss\u00edntese<\/strong>. Os produtos n\u00e3o utilizados por elas, que incluem nutrientes importantes, s\u00e3o aproveitados pelos animais.<\/p>\n<p class=\"my-5 break-words group-[.isActiveSource]:text-xl\">Mas quando os corais est\u00e3o em situa\u00e7\u00e3o de stress, eles expulsam as zooxantelas de seu corpo e, pouco a pouco, v\u00e3o perdendo a cor e o alimento necess\u00e1rio para sobreviverem. Este processo, o branqueamento, est\u00e1 acontecendo com frequ\u00eancia cada vez maior.<\/p>\n<p><img decoding=\"async\" src=\"https:\/\/www.europesays.com\/pt\/wp-content\/uploads\/2026\/09\/1788563841_227_Coral_reef_98.jpg\" alt=\"Quando saud\u00e1veis, recifes de corais s\u00e3o para\u00edsos repletos de cor que atraem turismo e hospedam animais \u2022 Wikimedia Commons\" width=\"849\" height=\"477\" class=\"flex size-full object-cover\" loading=\"lazy\"\/>Quando saud\u00e1veis, recifes de corais s\u00e3o para\u00edsos repletos de cor que atraem turismo e hospedam animais \u2022 Wikimedia Commons<br \/>\nO que estressa um coral?<\/p>\n<p class=\"my-5 break-words group-[.isActiveSource]:text-xl\">O principal motivo destacado pela GCRMN s\u00e3o as ondas de calor nas \u00e1guas marinhas. Entre 1985 e 2025, as temperaturas na superf\u00edcie dos mares aumentou em m\u00e9dia 0,81\u00baC, e o processo \u00e9 agravado a cada ocorr\u00eancia do fen\u00f4meno <strong class=\"group-[.isActiveSource]:text-xl group-[.isActiveSource]:font-bold\"><a href=\"https:\/\/www.cnnbrasil.com.br\/ciencia\/super-el-nino-sera-muito-forte-nos-meses-de-setembro-outubro-e-novembro-entenda-os-efeitos\/\" class=\"text-red-600 underline hover:text-red-500 font-medium break-words group-[.isActiveSource]:text-xl\" target=\"_self\" rel=\"nofollow noopener\">El Ni\u00f1o<\/a><\/strong>. O <strong class=\"group-[.isActiveSource]:text-xl group-[.isActiveSource]:font-bold\"><a href=\"https:\/\/www.cnnbrasil.com.br\/blogs\/pedro-cortes\/nacional\/brasil\/analise-recorde-nos-oceanos-amplia-o-custo-do-risco-climatico\/\" class=\"text-red-600 underline hover:text-red-500 font-medium break-words group-[.isActiveSource]:text-xl\" target=\"_self\" rel=\"nofollow noopener\">aumento geral das temperaturas globais<\/a><\/strong>, causado pelas mudan\u00e7as clim\u00e1ticas, \u00e9 outro agravante.<\/p>\n<p class=\"my-5 break-words group-[.isActiveSource]:text-xl\">O relat\u00f3rio mostra que, ainda assim, os corais t\u00eam a resili\u00eancia suficiente para se recuperar de grandes eventos de branqueamento em massa. Foi o que aconteceu entre 2017 e 2019: condi\u00e7\u00f5es menos estressantes permitiram um aumento de 6% na cobertura por corais nos recifes do planeta. Este avan\u00e7o, por\u00e9m, foi completamente desfeito por novas perturba\u00e7\u00f5es nos oceanos.<\/p>\n","protected":false},"excerpt":{"rendered":"O maior estudo global sobre recifes de corais desde 2009 acaba de ser divulgado, e os resultados mostram&hellip;\n","protected":false},"author":2,"featured_media":512299,"comment_status":"","ping_status":"","sticky":false,"template":"","format":"standard","meta":{"footnotes":"","_share_on_mastodon":"0"},"categories":[84],"tags":[109,107,108,32,33,105,103,104,106,110],"class_list":["post-512298","post","type-post","status-publish","format-standard","has-post-thumbnail","category-ciencia-e-tecnologia","tag-ciencia","tag-ciencia-e-tecnologia","tag-cienciaetecnologia","tag-portugal","tag-pt","tag-science","tag-science-and-technology","tag-scienceandtechnology","tag-technology","tag-tecnologia"],"share_on_mastodon":{"url":"https:\/\/pubeurope.com\/@pt\/117215327212232885","error":""},"_links":{"self":[{"href":"https:\/\/www.europesays.com\/pt\/wp-json\/wp\/v2\/posts\/512298","targetHints":{"allow":["GET"]}}],"collection":[{"href":"https:\/\/www.europesays.com\/pt\/wp-json\/wp\/v2\/posts"}],"about":[{"href":"https:\/\/www.europesays.com\/pt\/wp-json\/wp\/v2\/types\/post"}],"author":[{"embeddable":true,"href":"https:\/\/www.europesays.com\/pt\/wp-json\/wp\/v2\/users\/2"}],"replies":[{"embeddable":true,"href":"https:\/\/www.europesays.com\/pt\/wp-json\/wp\/v2\/comments?post=512298"}],"version-history":[{"count":0,"href":"https:\/\/www.europesays.com\/pt\/wp-json\/wp\/v2\/posts\/512298\/revisions"}],"wp:featuredmedia":[{"embeddable":true,"href":"https:\/\/www.europesays.com\/pt\/wp-json\/wp\/v2\/media\/512299"}],"wp:attachment":[{"href":"https:\/\/www.europesays.com\/pt\/wp-json\/wp\/v2\/media?parent=512298"}],"wp:term":[{"taxonomy":"category","embeddable":true,"href":"https:\/\/www.europesays.com\/pt\/wp-json\/wp\/v2\/categories?post=512298"},{"taxonomy":"post_tag","embeddable":true,"href":"https:\/\/www.europesays.com\/pt\/wp-json\/wp\/v2\/tags?post=512298"}],"curies":[{"name":"wp","href":"https:\/\/api.w.org\/{rel}","templated":true}]}}