{"id":512314,"date":"2026-09-04T23:35:27","date_gmt":"2026-09-04T23:35:27","guid":{"rendered":"https:\/\/www.europesays.com\/pt\/512314\/"},"modified":"2026-09-04T23:35:27","modified_gmt":"2026-09-04T23:35:27","slug":"governo-inicia-negociacoes-finais-com-os-dois-candidatos-a-compra-da-tap-sociedade","status":"publish","type":"post","link":"https:\/\/www.europesays.com\/pt\/512314\/","title":{"rendered":"Governo inicia negocia\u00e7\u00f5es finais com os dois candidatos \u00e0 compra da TAP &#8211; Sociedade"},"content":{"rendered":"<p>&#13;<br \/>\n                                &#13;<\/p>\n<p class=\"\">&#13;<br \/>\n        O Governo vai iniciar negocia\u00e7\u00f5es finais com os dois candidatos que entregaram ofertas vinculativas para a compra de 44,9% da TAP, Air France-KLM e Lufthansa, segundo anunciou esta sexta-feira o ministro da Presid\u00eancia, Leit\u00e3o Amaro.&#13;\n    <\/p>\n<p>&#13;<br \/>\n&#13;<br \/>\n&#13;<br \/>\n                                &#13;<\/p>\n<p class=\"\">&#13;<br \/>\n        O ministro Leit\u00e3o Amaro adiantou que as ofertas, sendo diferentes, t\u00eam uma &#8220;avalia\u00e7\u00e3o global muito pr\u00f3xima&#8221;, o que justifica &#8220;o esfor\u00e7o de negocia\u00e7\u00e3o&#8221; com ambos os concorrentes, com o objetivo de obter &#8220;propostas melhoradas&#8221; para que o Governo possa escolher &#8220;um \u00fanico concorrente para a negocia\u00e7\u00e3o final\u00edssima&#8221;.&#13;\n    <\/p>\n<p>&#13;<br \/>\n&#13;<br \/>\n&#13;<br \/>\n                        &#13;<br \/>\n                                &#13;<\/p>\n<p class=\"\">&#13;<br \/>\n        Em 01 de setembro, a Parp\u00fablica entregou para an\u00e1lise do Governo o relat\u00f3rio sobre as duas ofertas vinculativas para a privatiza\u00e7\u00e3o da TAP, cujo processo prev\u00ea a venda de at\u00e9 49,9% do capital da companhia, dos quais 5% est\u00e3o reservados aos trabalhadores, podendo a parcela n\u00e3o subscrita ser adquirida pelo investidor selecionado, ao abrigo de um direito de prefer\u00eancia.&#13;\n    <\/p>\n<p>&#13;<br \/>\n&#13;<br \/>\n&#13;<br \/>\n                                &#13;<\/p>\n<p class=\"\">&#13;<br \/>\n        Leit\u00e3o Amaro esclareceu que as propostas s\u00e3o &#8220;globalmente t\u00e3o pr\u00f3ximas que o melhor para o interesse nacional \u00e9 ter uma fase adicional, final, da negocia\u00e7\u00e3o com ambos&#8221; os candidatos.&#13;\n    <\/p>\n<p>&#13;<br \/>\n&#13;<br \/>\n&#13;<br \/>\n                                &#13;<\/p>\n<p class=\"\">&#13;<br \/>\n        Esse per\u00edodo de negocia\u00e7\u00e3o final com os dois concorrentes ser\u00e1 de &#8220;algumas semanas&#8221;.&#13;\n    <\/p>\n<p>&#13;<br \/>\n&#13;<br \/>\n&#13;<br \/>\n                                &#13;<\/p>\n<p class=\"\">&#13;<br \/>\n        Sobre os resultados apresentados pela TAP no primeiro semestre, com um preju\u00edzo de 99,2 milh\u00f5es de euros, justificado pelo pre\u00e7o dos combust\u00edveis, o ministro da Presid\u00eancia optou por destacar &#8220;as vendas historicamente elevadas, das mais elevadas que h\u00e1 mem\u00f3ria&#8221; registadas pela transportadora no mesmo per\u00edodo.&#13;\n    <\/p>\n<p>&#13;<br \/>\n&#13;<br \/>\n&#13;<br \/>\n                        &#13;<br \/>\n                                &#13;<\/p>\n<p class=\"\">&#13;<br \/>\n        &#8220;As avalia\u00e7\u00f5es naturalmente t\u00eam em conta sempre este tipo de fatores circunstanciais e as trajet\u00f3rias estruturais, designadamente de expans\u00e3o de vendas e de neg\u00f3cio&#8221;, acrescentou.&#13;\n    <\/p>\n<p>&#13;<br \/>\n&#13;<br \/>\n&#13;<br \/>\n                                &#13;<\/p>\n<p class=\"\">&#13;<br \/>\n        Leit\u00e3o Amaro admitiu que o pre\u00e7o &#8220;\u00e9 naturalmente um crit\u00e9rio importante, mas n\u00e3o \u00e9 o \u00fanico&#8221;, uma vez que o caderno de encargos da privatiza\u00e7\u00e3o determina uma avalia\u00e7\u00e3o global das ofertas, em termos de rotas e do projeto industrial, entre outros.&#13;\n    <\/p>\n<p>&#13;<br \/>\n&#13;<br \/>\n&#13;<br \/>\n                                &#13;<\/p>\n<p class=\"\">&#13;<br \/>\n        Sobre o mandato do presidente executivo da TAP, Lu\u00eds Rodrigues, que terminou no final de 2024, o ministro disse que o Governo n\u00e3o tomou qualquer decis\u00e3o.&#13;\n    <\/p>\n<p>&#13;<br \/>\n&#13;<br \/>\n&#13;<br \/>\n                                &#13;<\/p>\n<p class=\"\">&#13;<br \/>\n        A Air France-KLM e a Lufthansa entregaram em 29 de julho, no \u00faltimo dia do prazo, propostas vinculativas no processo de privatiza\u00e7\u00e3o da TAP.&#13;\n    <\/p>\n<p>&#13;<br \/>\n&#13;<br \/>\n&#13;<br \/>\n                        &#13;<br \/>\n                                &#13;<\/p>\n<p class=\"\">&#13;<br \/>\n        As propostas finais incluem os termos financeiros e estrat\u00e9gicos para a entrada no capital da companhia a\u00e9rea, sendo ainda avaliados o investimento previsto, o desenvolvimento da frota, a aposta em \u00e1reas como a manuten\u00e7\u00e3o e os combust\u00edveis sustent\u00e1veis e o respeito pelos compromissos laborais.&#13;\n    <\/p>\n<p>&#13;<br \/>\n&#13;<br \/>\n&#13;<br \/>\n                        &#13;<br \/>\n                                &#13;<\/p>\n<p class=\"\">&#13;<br \/>\n        O processo prev\u00ea, desde o in\u00edcio, a exist\u00eancia de uma fase opcional de negocia\u00e7\u00f5es para melhorar as propostas, antes da escolha do investidor.&#13;\n    <\/p>\n<p>&#13;<br \/>\n&#13;<br \/>\n&#13;<br \/>\n                                &#13;<\/p>\n<p class=\"\">&#13;<br \/>\n        A decis\u00e3o final implicar\u00e1 ainda um conjunto de passos formais, incluindo a aprova\u00e7\u00e3o em Conselho de Ministros e a obten\u00e7\u00e3o de &#8216;luz verde&#8217; das autoridades europeias de concorr\u00eancia.&#13;\n    <\/p>\n<p>&#13;<br \/>\n&#13;<br \/>\n&#13;<br \/>\n                                &#13;<\/p>\n<p class=\"\">&#13;<br \/>\n        A Air France-KLM foi a primeira interessada a confirmar a apresenta\u00e7\u00e3o de uma proposta n\u00e3o vinculativa, em abril, e reiterou o seu forte interesse na transportadora portuguesa. O grupo destacou tamb\u00e9m a experi\u00eancia na rela\u00e7\u00e3o com acionistas estatais.&#13;\n    <\/p>\n<p>&#13;<br \/>\n&#13;<br \/>\n&#13;<br \/>\n                        &#13;<br \/>\n                                &#13;<\/p>\n<p class=\"\">&#13;<br \/>\n        O Estado franc\u00eas \u00e9 o maior acionista da Air France-KLM, com 27,98% do capital, seguido pelo Estado neerland\u00eas, que det\u00e9m 9,13%.&#13;\n    <\/p>\n<p>&#13;<br \/>\n&#13;<br \/>\n&#13;<br \/>\n                                &#13;<\/p>\n<p class=\"\">&#13;<br \/>\n        &#8220;A TAP encaixa totalmente na estrat\u00e9gia &#8216;multi-hub&#8217; da Air France-KLM, e o nosso objetivo \u00e9 refor\u00e7ar as opera\u00e7\u00f5es em Lisboa, ao mesmo tempo que desenvolvemos a conectividade noutras cidades do pa\u00eds, incluindo o Porto&#8221;, afirmou recentemente o presidente executivo do grupo, Benjamin Smith.&#13;\n    <\/p>\n<p>&#13;<br \/>\n&#13;<br \/>\n&#13;<br \/>\n                                &#13;<\/p>\n<p class=\"\">&#13;<br \/>\n        A Lufthansa defende, por sua vez, o crescimento da TAP no mercado brasileiro, a expans\u00e3o do &#8216;hub&#8217; &#8211; plataforma girat\u00f3ria de distribui\u00e7\u00e3o de voos &#8211; de Lisboa e o refor\u00e7o da opera\u00e7\u00e3o no Porto.&#13;\n    <\/p>\n<p>&#13;<br \/>\n&#13;<br \/>\n&#13;<br \/>\n                                &#13;<\/p>\n<p class=\"\">&#13;<br \/>\n        O grupo alem\u00e3o admite adquirir uma participa\u00e7\u00e3o minorit\u00e1ria, mas pretende assegurar influ\u00eancia na gest\u00e3o executiva da companhia.&#13;\n    <\/p>\n<p>&#13;<br \/>\n&#13;<br \/>\n&#13;<br \/>\n                        &#13;<br \/>\n                                &#13;<\/p>\n<p class=\"\">&#13;<br \/>\n        A Lufthansa Technik est\u00e1 tamb\u00e9m a construir uma unidade industrial no parque empresarial Lusopark, em Santa Maria da Feira, dedicada \u00e0 repara\u00e7\u00e3o e manuten\u00e7\u00e3o de componentes de aeronaves. O investimento est\u00e1 avaliado em centenas de milh\u00f5es de euros e dever\u00e1 criar mais de 700 empregos qualificados at\u00e9 2027.&#13;\n    <\/p>\n<p>&#13;<br \/>\n&#13;<br \/>\n&#13;<br \/>\n                                &#13;<\/p>\n<p class=\"\">&#13;<br \/>\n        O Governo exige garantias quanto \u00e0 manuten\u00e7\u00e3o da marca TAP, da sede em Portugal, do &#8216;hub&#8217; de Lisboa e de rotas consideradas estrat\u00e9gicas, incluindo liga\u00e7\u00f5es internacionais relevantes para a economia e para as comunidades portuguesas.&#13;\n    <\/p>\n<p>&#13;<br \/>\n&#13;<br \/>\n&#13;<br \/>\n                                &#13;<\/p>\n<p class=\"\">&#13;<br \/>\n        O executivo mant\u00e9m ainda a possibilidade de cancelar o processo em qualquer fase, sem direito a indemniza\u00e7\u00e3o para os interessados, caso considere que as propostas n\u00e3o salvaguardam o interesse estrat\u00e9gico do pa\u00eds.&#13;\n    <\/p>\n<p>&#13;<br \/>\n&#13;<br \/>\n&#13;<br \/>\n                                            &#13;<br \/>\n&#13;<br \/>\n&#13;<br \/>\n                &#13;<br \/>\n&#13;<br \/>\n&#13;<br \/>\n&#13;<\/p>\n","protected":false},"excerpt":{"rendered":"&#13; &#13; &#13; O Governo vai iniciar negocia\u00e7\u00f5es finais com os dois candidatos que entregaram ofertas vinculativas para&hellip;\n","protected":false},"author":2,"featured_media":512315,"comment_status":"","ping_status":"","sticky":false,"template":"","format":"standard","meta":{"footnotes":"","_share_on_mastodon":"0"},"categories":[83],"tags":[5350,88,89,90,55940,295,19568,2967,34200,32,19652,33],"class_list":["post-512314","post","type-post","status-publish","format-standard","has-post-thumbnail","category-empresas","tag-air-france-klm","tag-business","tag-economy","tag-empresas","tag-esforco","tag-industria","tag-lufthansa","tag-negociacoes","tag-parpublica","tag-portugal","tag-privatizacao","tag-pt"],"share_on_mastodon":{"url":"https:\/\/pubeurope.com\/@pt\/117215397287599961","error":""},"_links":{"self":[{"href":"https:\/\/www.europesays.com\/pt\/wp-json\/wp\/v2\/posts\/512314","targetHints":{"allow":["GET"]}}],"collection":[{"href":"https:\/\/www.europesays.com\/pt\/wp-json\/wp\/v2\/posts"}],"about":[{"href":"https:\/\/www.europesays.com\/pt\/wp-json\/wp\/v2\/types\/post"}],"author":[{"embeddable":true,"href":"https:\/\/www.europesays.com\/pt\/wp-json\/wp\/v2\/users\/2"}],"replies":[{"embeddable":true,"href":"https:\/\/www.europesays.com\/pt\/wp-json\/wp\/v2\/comments?post=512314"}],"version-history":[{"count":0,"href":"https:\/\/www.europesays.com\/pt\/wp-json\/wp\/v2\/posts\/512314\/revisions"}],"wp:featuredmedia":[{"embeddable":true,"href":"https:\/\/www.europesays.com\/pt\/wp-json\/wp\/v2\/media\/512315"}],"wp:attachment":[{"href":"https:\/\/www.europesays.com\/pt\/wp-json\/wp\/v2\/media?parent=512314"}],"wp:term":[{"taxonomy":"category","embeddable":true,"href":"https:\/\/www.europesays.com\/pt\/wp-json\/wp\/v2\/categories?post=512314"},{"taxonomy":"post_tag","embeddable":true,"href":"https:\/\/www.europesays.com\/pt\/wp-json\/wp\/v2\/tags?post=512314"}],"curies":[{"name":"wp","href":"https:\/\/api.w.org\/{rel}","templated":true}]}}