{"id":512316,"date":"2026-09-04T23:41:12","date_gmt":"2026-09-04T23:41:12","guid":{"rendered":"https:\/\/www.europesays.com\/pt\/512316\/"},"modified":"2026-09-04T23:41:12","modified_gmt":"2026-09-04T23:41:12","slug":"como-tirar-a-foto-perfeita-no-letreiro-do-rock-in-rio-e-em-outros-espacos-instagramaveis","status":"publish","type":"post","link":"https:\/\/www.europesays.com\/pt\/512316\/","title":{"rendered":"Como tirar a foto perfeita no letreiro do Rock in Rio e em outros espa\u00e7os instagram\u00e1veis?"},"content":{"rendered":"\n<p class=\" content-text__container \" data-track-category=\"Link no Texto\" data-track-links=\"\"> Pr\u00f3ximo ao port\u00e3o de entrada principal, h\u00e1 uma quadra de futebol cercada. Ali pode servir como refer\u00eancia para que seu amigo ou amiga com o celular fa\u00e7a uma foto sua. O ideal \u00e9 que ele utilize o recurso de zoom do telefone, algo em torno do 2x. Ent\u00e3o, enquanto voc\u00ea se afasta para ficar melhor enquadrado, o zoom \u00e9 suficiente para dar a sensa\u00e7\u00e3o de que o letreiro completo est\u00e1 mais perto de voc\u00ea. Ter\u00e3o pessoas atr\u00e1s, claro, mas elas ficar\u00e3o miudinhas e voc\u00ea continuar\u00e1 em destaque. <\/p>\n","protected":false},"excerpt":{"rendered":"Pr\u00f3ximo ao port\u00e3o de entrada principal, h\u00e1 uma quadra de futebol cercada. Ali pode servir como refer\u00eancia para&hellip;\n","protected":false},"author":2,"featured_media":512317,"comment_status":"","ping_status":"","sticky":false,"template":"","format":"standard","meta":{"footnotes":"","_share_on_mastodon":"0"},"categories":[144],"tags":[207,205,206,203,201,202,204,114,115,32,33],"class_list":["post-512316","post","type-post","status-publish","format-standard","has-post-thumbnail","category-arte-e-design","tag-arte","tag-arte-e-design","tag-artedesign","tag-arts","tag-arts-and-design","tag-artsanddesign","tag-design","tag-entertainment","tag-entretenimento","tag-portugal","tag-pt"],"share_on_mastodon":{"url":"https:\/\/pubeurope.com\/@pt\/117215421175570784","error":""},"_links":{"self":[{"href":"https:\/\/www.europesays.com\/pt\/wp-json\/wp\/v2\/posts\/512316","targetHints":{"allow":["GET"]}}],"collection":[{"href":"https:\/\/www.europesays.com\/pt\/wp-json\/wp\/v2\/posts"}],"about":[{"href":"https:\/\/www.europesays.com\/pt\/wp-json\/wp\/v2\/types\/post"}],"author":[{"embeddable":true,"href":"https:\/\/www.europesays.com\/pt\/wp-json\/wp\/v2\/users\/2"}],"replies":[{"embeddable":true,"href":"https:\/\/www.europesays.com\/pt\/wp-json\/wp\/v2\/comments?post=512316"}],"version-history":[{"count":0,"href":"https:\/\/www.europesays.com\/pt\/wp-json\/wp\/v2\/posts\/512316\/revisions"}],"wp:featuredmedia":[{"embeddable":true,"href":"https:\/\/www.europesays.com\/pt\/wp-json\/wp\/v2\/media\/512317"}],"wp:attachment":[{"href":"https:\/\/www.europesays.com\/pt\/wp-json\/wp\/v2\/media?parent=512316"}],"wp:term":[{"taxonomy":"category","embeddable":true,"href":"https:\/\/www.europesays.com\/pt\/wp-json\/wp\/v2\/categories?post=512316"},{"taxonomy":"post_tag","embeddable":true,"href":"https:\/\/www.europesays.com\/pt\/wp-json\/wp\/v2\/tags?post=512316"}],"curies":[{"name":"wp","href":"https:\/\/api.w.org\/{rel}","templated":true}]}}