{"id":512328,"date":"2026-09-04T23:49:17","date_gmt":"2026-09-04T23:49:17","guid":{"rendered":"https:\/\/www.europesays.com\/pt\/512328\/"},"modified":"2026-09-04T23:49:17","modified_gmt":"2026-09-04T23:49:17","slug":"quem-foi-nancy-grace-roman-astronoma-que-batiza-o-novo-telescopio-espacial-da-nasa","status":"publish","type":"post","link":"https:\/\/www.europesays.com\/pt\/512328\/","title":{"rendered":"Quem foi Nancy Grace Roman, astr\u00f4noma que batiza o novo telesc\u00f3pio espacial da Nasa"},"content":{"rendered":"<p class=\"my-5 break-words group-[.isActiveSource]:text-xl\">Lan\u00e7ado ao espa\u00e7o no \u00faltimo domingo, dia 30, o novo telesc\u00f3pio espacial Nancy Grace Roman foi batizado em homenagem \u00e0 astr\u00f4noma que ocupou o primeiro posto de chefia da astronomia na Nasa. Apelidada de \u201cM\u00e3e do Hubble\u201d, liderou o projeto de lan\u00e7amento do revolucion\u00e1rio telesc\u00f3pio espacial em 1990.<\/p>\n<p>Quem foi Nancy Grace Roman?<\/p>\n<p class=\"my-5 break-words group-[.isActiveSource]:text-xl\">Filha de uma professora de m\u00fasica e de um pai matem\u00e1tico e f\u00edsico, era natural de Nashville, no estado americano do Tennessee. Desde o gin\u00e1sio manifestou o desejo de trilhar o caminho da astronomia e se graduou na \u00e1rea em 1946 pelo Swarthmore College na Pensilv\u00e2nia. Obteve seu doutorado tr\u00eas anos depois pela Universidade de Chicago e concluiu sua p\u00f3s-gradua\u00e7\u00e3o no Observat\u00f3rio Yerkes pela mesma faculdade.<\/p>\n<p class=\"my-5 break-words group-[.isActiveSource]:text-xl\">Inicialmente, contribuiu com o lan\u00e7amento do Observat\u00f3rio A\u00e9reo Kuiper, utilizando comprimentos de onda infravermelhos, ligeiramente mais longos do que a luz vermelha vis\u00edvel e detect\u00e1vel.<\/p>\n<ul class=\"list-none [li&gt;&amp;]:pl-5\">\n<li class=\"[ul&gt;&amp;]:indent-5 mb-3 break-words [ul&gt;&amp;]:relative [ul&gt;&amp;]:before:absolute [ul&gt;&amp;]:before:left-1 [ul&gt;&amp;]:before:top-2 [ul&gt;&amp;]:before:w-2 [ul&gt;&amp;]:before:h-2 [ul&gt;&amp;]:before:bg-red-600 [ul&gt;&amp;]:before:rounded-full marker:inline group-[.isActiveSource]:text-xl\"><strong class=\"group-[.isActiveSource]:text-xl group-[.isActiveSource]:font-bold\">Pioneira na NASA:<\/strong> foi a primeira mulher a ocupar um cargo executivo na institui\u00e7\u00e3o, atuando como chefe de Astronomia da ag\u00eancia espacial<\/li>\n<li class=\"[ul&gt;&amp;]:indent-5 mb-3 break-words [ul&gt;&amp;]:relative [ul&gt;&amp;]:before:absolute [ul&gt;&amp;]:before:left-1 [ul&gt;&amp;]:before:top-2 [ul&gt;&amp;]:before:w-2 [ul&gt;&amp;]:before:h-2 [ul&gt;&amp;]:before:bg-red-600 [ul&gt;&amp;]:before:rounded-full marker:inline group-[.isActiveSource]:text-xl\"><strong class=\"group-[.isActiveSource]:text-xl group-[.isActiveSource]:font-bold\">Arquiteta do Hubble:<\/strong> liderou a comunidade cient\u00edfica para tornar o projeto do Hubble vi\u00e1vel, articulando apoio pol\u00edtico e financeiro na d\u00e9cada de 1960<\/li>\n<li class=\"[ul&gt;&amp;]:indent-5 mb-3 break-words [ul&gt;&amp;]:relative [ul&gt;&amp;]:before:absolute [ul&gt;&amp;]:before:left-1 [ul&gt;&amp;]:before:top-2 [ul&gt;&amp;]:before:w-2 [ul&gt;&amp;]:before:h-2 [ul&gt;&amp;]:before:bg-red-600 [ul&gt;&amp;]:before:rounded-full marker:inline group-[.isActiveSource]:text-xl\"><strong class=\"group-[.isActiveSource]:text-xl group-[.isActiveSource]:font-bold\">Preconceito e legado:<\/strong> enfrentou discrimina\u00e7\u00e3o em um ambiente dominado por homens e defendeu a atua\u00e7\u00e3o das mulheres na ci\u00eancia<\/li>\n<li class=\"[ul&gt;&amp;]:indent-5 mb-3 break-words [ul&gt;&amp;]:relative [ul&gt;&amp;]:before:absolute [ul&gt;&amp;]:before:left-1 [ul&gt;&amp;]:before:top-2 [ul&gt;&amp;]:before:w-2 [ul&gt;&amp;]:before:h-2 [ul&gt;&amp;]:before:bg-red-600 [ul&gt;&amp;]:before:rounded-full marker:inline group-[.isActiveSource]:text-xl\"><strong class=\"group-[.isActiveSource]:text-xl group-[.isActiveSource]:font-bold\">Desigualdade salarial:<\/strong> afirmou publicamente que ganhava 60% do sal\u00e1rio pago aos seus colegas homens<\/li>\n<\/ul>\n<p>Descobertas cient\u00edficas na astronomia<\/p>\n<p class=\"my-5 break-words group-[.isActiveSource]:text-xl\">Estudando a composi\u00e7\u00e3o das estrelas, fez descobertas que impactavam a evolu\u00e7\u00e3o da Via L\u00e1ctea. Roman tamb\u00e9m descobriu que os elementos qu\u00edmicos pesados (mais densos que o h\u00e9lio) nas estrelas estavam conectadas \u00e0 velocidade e direcionamento, culminando na cria\u00e7\u00e3o de um modelo matem\u00e1tico para analisar o nascimento dos astros de uma mesma nebulosa.<\/p>\n<p class=\"my-5 break-words group-[.isActiveSource]:text-xl\">Seu mapeamento estrelar permitiu identificar que, apesar de estarem em uma mesma \u00e1rea, nem todos os corpos celeste teriam a mesma idade, ajudando a entender melhor a estrutura\u00e7\u00e3o da nossa gal\u00e1xia.<\/p>\n<p class=\"my-5 break-words group-[.isActiveSource]:text-xl\">No Laborat\u00f3rio de Pesquisa Naval, em Washington, utilizou ondas de r\u00e1dio para potencializar a precis\u00e3o das m\u00e9tricas de dist\u00e2ncia entre a Terra e a Lua, al\u00e9m de mapear grandes se\u00e7\u00f5es da Via L\u00e1ctea por meio das mesmas ondas de r\u00e1dio.<\/p>\n<p><img decoding=\"async\" src=\"https:\/\/www.europesays.com\/pt\/wp-content\/uploads\/2026\/09\/ngr-hubble-model.webp\" alt=\"\u2022 Divulga\u00e7\u00e3o\/Nasa\" width=\"849\" height=\"477\" class=\"flex size-full object-cover\" loading=\"lazy\"\/>\u2022 Divulga\u00e7\u00e3o\/Nasa<br \/>\nO potencial do telesc\u00f3pio Roman<\/p>\n<p class=\"my-5 break-words group-[.isActiveSource]:text-xl\">Projetado para oferecer uma vis\u00e3o panor\u00e2mica das <a href=\"https:\/\/www.cnnbrasil.com.br\/curiosidades\/o-som-do-egito-antigo-a-historia-das-trombetas-de-tutancamon-que-voltaram-a-tocar-apos-3-mil-anos\/\" class=\"text-red-600 underline hover:text-red-500 font-medium break-words group-[.isActiveSource]:text-xl\" target=\"_self\" rel=\"nofollow noopener\">extens\u00f5es<\/a> do espa\u00e7o, o telesc\u00f3pio Roman e \u00e9 equipado com vis\u00e3o infravermelha, auxiliando astr\u00f4nomos na explora\u00e7\u00e3o de mat\u00e9ria, energia escura e exoplanetas.<\/p>\n<p class=\"my-5 break-words group-[.isActiveSource]:text-xl\">Ser\u00e1 capaz de cobrir \u00e1reas muito mais extensas do que os telesc\u00f3pios mais famosos, tendo 18 sensores de pixel com dimens\u00f5es maiores do que o Hubble (que possui 2 sensores) e do Webb (com 8 no total).<\/p>\n<p class=\"my-5 break-words group-[.isActiveSource]:text-xl\">Entre os registros planejados pelo novo telesc\u00f3pio, estima-se a capta\u00e7\u00e3o de 1.375 terabites de dados por dia, abrangendo em sua totalidade cerca de 80 mil explos\u00f5es estrelares, planetas fora do Sistema Solar e buracos negros, bilh\u00f5es de astros e de gal\u00e1xias<\/p>\n<p class=\"my-5 break-words group-[.isActiveSource]:text-xl\">Nancy Grace Roman faleceu em 2018, aos 93 anos, mas seu legado continua nas estrelas.<\/p>\n","protected":false},"excerpt":{"rendered":"Lan\u00e7ado ao espa\u00e7o no \u00faltimo domingo, dia 30, o novo telesc\u00f3pio espacial Nancy Grace Roman foi batizado em&hellip;\n","protected":false},"author":2,"featured_media":512329,"comment_status":"","ping_status":"","sticky":false,"template":"","format":"standard","meta":{"footnotes":"","_share_on_mastodon":"0"},"categories":[84],"tags":[109,107,108,32,33,105,103,104,106,110],"class_list":["post-512328","post","type-post","status-publish","format-standard","has-post-thumbnail","category-ciencia-e-tecnologia","tag-ciencia","tag-ciencia-e-tecnologia","tag-cienciaetecnologia","tag-portugal","tag-pt","tag-science","tag-science-and-technology","tag-scienceandtechnology","tag-technology","tag-tecnologia"],"share_on_mastodon":{"url":"https:\/\/pubeurope.com\/@pt\/117215453064482400","error":""},"_links":{"self":[{"href":"https:\/\/www.europesays.com\/pt\/wp-json\/wp\/v2\/posts\/512328","targetHints":{"allow":["GET"]}}],"collection":[{"href":"https:\/\/www.europesays.com\/pt\/wp-json\/wp\/v2\/posts"}],"about":[{"href":"https:\/\/www.europesays.com\/pt\/wp-json\/wp\/v2\/types\/post"}],"author":[{"embeddable":true,"href":"https:\/\/www.europesays.com\/pt\/wp-json\/wp\/v2\/users\/2"}],"replies":[{"embeddable":true,"href":"https:\/\/www.europesays.com\/pt\/wp-json\/wp\/v2\/comments?post=512328"}],"version-history":[{"count":0,"href":"https:\/\/www.europesays.com\/pt\/wp-json\/wp\/v2\/posts\/512328\/revisions"}],"wp:featuredmedia":[{"embeddable":true,"href":"https:\/\/www.europesays.com\/pt\/wp-json\/wp\/v2\/media\/512329"}],"wp:attachment":[{"href":"https:\/\/www.europesays.com\/pt\/wp-json\/wp\/v2\/media?parent=512328"}],"wp:term":[{"taxonomy":"category","embeddable":true,"href":"https:\/\/www.europesays.com\/pt\/wp-json\/wp\/v2\/categories?post=512328"},{"taxonomy":"post_tag","embeddable":true,"href":"https:\/\/www.europesays.com\/pt\/wp-json\/wp\/v2\/tags?post=512328"}],"curies":[{"name":"wp","href":"https:\/\/api.w.org\/{rel}","templated":true}]}}