{"id":512330,"date":"2026-09-04T23:50:24","date_gmt":"2026-09-04T23:50:24","guid":{"rendered":"https:\/\/www.europesays.com\/pt\/512330\/"},"modified":"2026-09-04T23:50:24","modified_gmt":"2026-09-04T23:50:24","slug":"estudo-revela-carros-hibridos-plug-in-emitem-ate-cinco-vezes-mais-co2-que-o-previsto-pela-ue","status":"publish","type":"post","link":"https:\/\/www.europesays.com\/pt\/512330\/","title":{"rendered":"Estudo revela: carros h\u00edbridos plug-in emitem at\u00e9 cinco vezes mais CO2 que o previsto pela UE"},"content":{"rendered":"<p>Os autom\u00f3veis h\u00edbridos plug-in emitem at\u00e9 cinco vezes mais CO2 em condi\u00e7\u00f5es de condu\u00e7\u00e3o reais do que o calculado pela Uni\u00e3o Europeia (UE), de acordo com um estudo.<\/p>\n<p>Um estudo conduzido pelo Conselho Internacional de Transporte Limpo (ICCT), uma organiza\u00e7\u00e3o n\u00e3o-governamental (ONG) ambientalista, destaca &#8220;uma discrep\u00e2ncia significativa e crescente entre as emiss\u00f5es reais de CO2 e as medidas durante os testes de homologa\u00e7\u00e3o&#8221; para os ve\u00edculos el\u00e9tricos h\u00edbridos plug-in (PHEVs) registados entre 2021 e 2023.<\/p>\n<p>Especificamente, as emiss\u00f5es m\u00e9dias reais de CO2 foram 3,5 vezes superiores aos valores de homologa\u00e7\u00e3o em 2021 e 4,6 vezes superiores em 2023.<\/p>\n<p>A principal raz\u00e3o para esta discrep\u00e2ncia \u00e9 que estes tipos de ve\u00edculos s\u00e3o &#8220;carregados com menos frequ\u00eancia e conduzidos com menos frequ\u00eancia no modo el\u00e9trico do que o previsto&#8221; pelos c\u00e1lculos iniciais, segundo o ICCT.<\/p>\n<p>O estudo, conduzido pelo ICCT, sublinha que estes tipos de ve\u00edculos s\u00e3o &#8220;carregados com menos frequ\u00eancia e conduzidos com menos frequ\u00eancia no modo el\u00e9trico do que o previsto&#8221; pelos c\u00e1lculos iniciais.<\/p>\n<p>Esta ONG esteve por detr\u00e1s das revela\u00e7\u00f5es do &#8216;dieselgate&#8217;, um esc\u00e2ndalo que envolveu gigantes da ind\u00fastria desde 2015, acusados de ocultar o verdadeiro n\u00edvel de polui\u00e7\u00e3o por \u00f3xidos de azoto (NOx).<\/p>\n<p>Al\u00e9m disso, explicou Peter Mock, diretor do ICCT Europa, &#8220;pode parecer contraintuitivo, mas o aumento da autonomia el\u00e9trica dos novos modelos n\u00e3o se traduziu numa maior utiliza\u00e7\u00e3o do modo el\u00e9trico na pr\u00e1tica&#8221;.<\/p>\n<p>A revis\u00e3o do m\u00e9todo de c\u00e1lculo no pr\u00f3ximo ano, contudo, &#8220;provavelmente reduzir\u00e1 o apelo dos h\u00edbridos plug-in como ferramenta para os fabricantes cumprirem as metas europeias de emiss\u00e3o de CO2 para carros novos&#8221;, alertou Peter Mock.<\/p>\n<p>&#8220;Tamb\u00e9m dever\u00e1 levar a uma queda ainda maior da sua quota de mercado&#8221;, acrescentou.<\/p>\n<p>De acordo com o ICCT, os h\u00edbridos plug-in representaram aproximadamente 10% dos registos de autom\u00f3veis novos na Europa entre janeiro e julho de 2026, em compara\u00e7\u00e3o com 9% no mesmo per\u00edodo do ano anterior, enquanto os ve\u00edculos totalmente el\u00e9tricos atingiram uma quota de mercado de 22% no mesmo per\u00edodo.<\/p>\n<p>A publica\u00e7\u00e3o deste estudo surge numa altura em que os h\u00edbridos plug-in est\u00e3o entre as tecnologias que alguns fabricantes, particularmente os alem\u00e3es, querem ver continuar a ser consideradas na estrat\u00e9gia europeia para a descarboniza\u00e7\u00e3o do setor autom\u00f3vel.<\/p>\n<p>A pedido da Alemanha, a Comiss\u00e3o Europeia prop\u00f4s, em dezembro, o abandono da proibi\u00e7\u00e3o da venda de novos autom\u00f3veis com motor de combust\u00e3o interna em 2035, de forma a oferecer mais flexibilidade \u00e0 ind\u00fastria.<\/p>\n<p>Em vez disso, os fabricantes ter\u00e3o de reduzir as emiss\u00f5es de CO2 em 90% em compara\u00e7\u00e3o com os n\u00edveis de 2021 e compensar os restantes 10% das emiss\u00f5es.<\/p>\n","protected":false},"excerpt":{"rendered":"Os autom\u00f3veis h\u00edbridos plug-in emitem at\u00e9 cinco vezes mais CO2 em condi\u00e7\u00f5es de condu\u00e7\u00e3o reais do que o&hellip;\n","protected":false},"author":2,"featured_media":512331,"comment_status":"","ping_status":"","sticky":false,"template":"","format":"standard","meta":{"footnotes":"","_share_on_mastodon":"0"},"categories":[83],"tags":[88,19409,50095,32736,89,28748,90,429,82082,82084,74616,82083,32,33,636],"class_list":["post-512330","post","type-post","status-publish","format-standard","has-post-thumbnail","category-empresas","tag-business","tag-carros-eletricos","tag-descarbonizacao","tag-dieselgate","tag-economy","tag-emissoes-co2","tag-empresas","tag-hibridos-plug-in","tag-icct","tag-metas-europeias","tag-phev","tag-poluicao-automovel","tag-portugal","tag-pt","tag-uniao-europeia"],"share_on_mastodon":{"url":"https:\/\/pubeurope.com\/@pt\/117215456637977751","error":""},"_links":{"self":[{"href":"https:\/\/www.europesays.com\/pt\/wp-json\/wp\/v2\/posts\/512330","targetHints":{"allow":["GET"]}}],"collection":[{"href":"https:\/\/www.europesays.com\/pt\/wp-json\/wp\/v2\/posts"}],"about":[{"href":"https:\/\/www.europesays.com\/pt\/wp-json\/wp\/v2\/types\/post"}],"author":[{"embeddable":true,"href":"https:\/\/www.europesays.com\/pt\/wp-json\/wp\/v2\/users\/2"}],"replies":[{"embeddable":true,"href":"https:\/\/www.europesays.com\/pt\/wp-json\/wp\/v2\/comments?post=512330"}],"version-history":[{"count":0,"href":"https:\/\/www.europesays.com\/pt\/wp-json\/wp\/v2\/posts\/512330\/revisions"}],"wp:featuredmedia":[{"embeddable":true,"href":"https:\/\/www.europesays.com\/pt\/wp-json\/wp\/v2\/media\/512331"}],"wp:attachment":[{"href":"https:\/\/www.europesays.com\/pt\/wp-json\/wp\/v2\/media?parent=512330"}],"wp:term":[{"taxonomy":"category","embeddable":true,"href":"https:\/\/www.europesays.com\/pt\/wp-json\/wp\/v2\/categories?post=512330"},{"taxonomy":"post_tag","embeddable":true,"href":"https:\/\/www.europesays.com\/pt\/wp-json\/wp\/v2\/tags?post=512330"}],"curies":[{"name":"wp","href":"https:\/\/api.w.org\/{rel}","templated":true}]}}