{"id":512358,"date":"2026-09-05T00:34:31","date_gmt":"2026-09-05T00:34:31","guid":{"rendered":"https:\/\/www.europesays.com\/pt\/512358\/"},"modified":"2026-09-05T00:34:31","modified_gmt":"2026-09-05T00:34:31","slug":"georgina-rodriguez-e-tema-em-veneza-sutia-a-mostra-e-a-carteira-mais-polemica-do-mundo","status":"publish","type":"post","link":"https:\/\/www.europesays.com\/pt\/512358\/","title":{"rendered":"Georgina Rodr\u00edguez \u00e9 tema em Veneza: suti\u00e3 \u00e0 mostra e a carteira mais pol\u00e9mica do mundo"},"content":{"rendered":"<p><a target=\"_blank\" rel=\"noopener noreferrer nofollow\" href=\"https:\/\/versa.iol.pt\/georgina-rodriguez\/kiko-milano\/georgina-rodriguez-apanhada-as-compras-em-loja-low-cost-o-que-tera-escolhido-desta-marca\/20260819\/6a85931d0cf2b42132dbe2e2\">Georgina Rodr\u00edguez est\u00e1<\/a> a tornar-se, aos poucos, uma das caras conhecidas mais associadas <a target=\"_blank\" rel=\"noopener noreferrer nofollow\" href=\"https:\/\/versa.iol.pt\/georgina-rodriguez\/festival-de-cinema-de-veneza\/so-se-fala-num-vestido-mas-e-os-bastidores-de-georgina-rodriguez-em-veneza\/20250901\/68b55501d34ef72ee44a01df\">ao Festival de Cinema de Veneza, em It\u00e1lia<\/a>. Desde 2020 que pisa a passadeira vermelha do evento e, claro, est\u00e1 a preparar-se para fazer o mesmo este ano.<\/p>\n<p>Rodr\u00edguez chegou \u00e0 cidade italiana na passada quinta-feira, 3 de setembro, e chamou a nossa aten\u00e7\u00e3o com o seu primeiro look. E, aten\u00e7\u00e3o, ainda nem estamos a falar de um vestido de gala, mas sim do outfit mais casual que usou para a viagem.<\/p>\n<p>O segredo est\u00e1 nos detalhes&#8230; <\/p>\n<p>Para a ocasi\u00e3o, a empres\u00e1ria escolheu um look que parece descontra\u00eddo, composto pelas <a target=\"_blank\" rel=\"noopener noreferrer nofollow\" href=\"https:\/\/versa.iol.pt\/jeans\/anos-80\/jeans-que-eram-tendencia-nos-anos-80-estao-de-volta-e-temos-39-sugestoes-que-todos-vao-querer-usar\/20260825\/6a8d63c30cf2b42132dbee7b\">cal\u00e7as de ganga tend\u00eancia<\/a> e uma camisa castanha, mas, na verdade, esconde detalhes muito interessantes.<\/p>\n<p>Podemos come\u00e7ar pelas<a target=\"_blank\" rel=\"noopener noreferrer nofollow\" href=\"https:\/\/versa.iol.pt\/jeans\/tendencia\/dos-20-aos-60-anos-todos-podem-usar-estes-35-jeans-tendencia\/20260515\/6a070392d34edcee7c6430bb\"> jeans de silhueta bootcut <\/a>da Giambattista Valli. Tamb\u00e9m podemos mencionar as joias como, por exemplo, o colar da Pasquale Bruni, <a target=\"_blank\" rel=\"noopener noreferrer nofollow\" href=\"https:\/\/versa.iol.pt\/cristiano-ronaldo\/georgina-rodriguez\/anel-milionario-aliancas-de-ouro-o-casamento-de-ronaldo-e-georgina-aconteceu-e-um-detalhe-passou-despercebido\/20260811\/6a7b798f0cf2f6a1a1e73afd\">o anel de noivado oferecido por Cristiano Ronaldo, agora seu marido<\/a>, <a target=\"_blank\" rel=\"noopener noreferrer nofollow\" href=\"https:\/\/versa.iol.pt\/rolex\/obra\/rolex-de-16-mil-euros-anda-perdido-numa-obra-quem-o-encontra-agora\/20260202\/6980ae35d34e0ec52ec3050d\">ou o rel\u00f3gio<\/a> com diamantes da Rolex.<\/p>\n<p>Mas, apesar de tudo isto, o que realmente saltou \u00e0 vista foi a camisa, com o suti\u00e3 \u00e0 mostra, e a <a target=\"_blank\" rel=\"noopener noreferrer nofollow\" href=\"https:\/\/versa.iol.pt\/birkin\/hermes\/georgina-rodriguez-esquece-a-tua-crush-as-tuas-adversarias-ja-decidiram-que-a-carteira-tendencia-e-outra\/20260623\/6a3a8f98d34edcee7c659c5a\">carteira rara da Herm\u00e8s, uma das marcas favoritas da argentina<\/a>.<\/p>\n<p>O suti\u00e3 e a carteira pol\u00e9mica <\/p>\n<p>Para alguns, mostrar apenas a al\u00e7a do suti\u00e3 pode ser um faux pas, uma forma de quebrar as regras da moda e da etiqueta. J\u00e1 Georgina leva a ideia mais longe e transforma o suti\u00e3 numa pe\u00e7a statement que pode (e deve) ser mostrada, ao estilo cl\u00e1ssico Dolce &amp; Gabbana, o ver\u00e3o italiano cool e sensual.<\/p>\n<p>Em It\u00e1lia, usou o <a target=\"_blank\" rel=\"noopener noreferrer nofollow\" href=\"https:\/\/www.intimissimi.com\/pt\/product\/soutien_balconette_sofia_in_pretty_flowers-RI1294R.html\">Sofia Pretty Flowers Balconette Bra<\/a> da Intimissimi por baixo de uma camisa da mesma marca e, sinceramente, entendemos a necessidade de mostrar o suti\u00e3. \u00c9 uma pe\u00e7a em tons de castanho escuro com aplica\u00e7\u00f5es de renda, num estampado florido que merece destaque.<\/p>\n<p>N\u00e3o podemos falar sobre o look de Georgina sem mencionar o acess\u00f3rio que leva nas m\u00e3os, uma das carteiras mais desejadas, mais caras e mais pol\u00e9micas da Herm\u00e8s. \u00c9 a Himalaya Birkin, &#8220;uma das bolsas mais cobi\u00e7adas de sempre e que est\u00e1 dispon\u00edvel em vers\u00f5es com ou sem diamantes&#8221;, segundo a\u00a0<a target=\"_blank\" rel=\"noopener noreferrer nofollow\" href=\"https:\/\/www.sothebys.com\/en\/articles\/the-top-6-most-expensive-hermes-birkin-bags\">Sotheby&#8217;s<\/a>, e faz parte da <a target=\"_blank\" rel=\"noopener noreferrer nofollow\" href=\"https:\/\/versa.iol.pt\/erling-haaland\/cristiano-ronaldo\/nem-os-brinquedos-de-ronaldo-e-georgina-fazem-frente-ao-que-este-jogador-guarda-em-casa-ou-no-balneario\/20260620\/6a355e37d34edcee7c657c81\">cole\u00e7\u00e3o da empres\u00e1ria h\u00e1 pouco tempo<\/a>.<\/p>\n<p>Uma vers\u00e3o desta carteira foi uma das mais caras alguma vez vendidas num leil\u00e3o por 336 mil d\u00f3lares. Foi <a target=\"_blank\" rel=\"noopener noreferrer nofollow\" href=\"https:\/\/versa.iol.pt\/georgina-rodriguez\/hermes\/sera-o-novo-brinquedo-de-georgina-mais-valioso-do-que-o-anel-de-noivado\/20251016\/68f0e339d34ee0c2fed15146\">ultrapassada apenas pela Birkin original, a que foi criada pela marca para Jane Birkin nos anos 80<\/a>, cujo valor chegou aos 8 milh\u00f5es de euros.<\/p>\n<p>Existem, no entanto, algumas cr\u00edticas a esta carteira por ser feita com <a target=\"_blank\" rel=\"noopener noreferrer nofollow\" href=\"https:\/\/versa.iol.pt\/coolhunting\/georgina-rodriguez\/ficamos-chocados-com-a-carteira-de-georgina-e-nao-e-so-pelo-preco\/20221129\/6385f77a0cf255d6e13d9d30\">pele de Crocodilo do Nilo, um dos materiais mais raros e caros utilizado pela marca,<\/a> algo que a pr\u00f3pria Jane criticou em 2015 e que fez com que pedisse \u00e0 maison para n\u00e3o continuar a usar o seu nome.<\/p>\n<p>\u00c9, no entanto, importante mecionar que marca obedece a padr\u00f5es \u00e9ticos rigorosos no processo de cria\u00e7\u00e3o animal que leva d\u00e9cadas at\u00e9 atingir a maturidade ideal para poder ser trabalhado.<\/p>\n<p>H\u00e1 quem acredite que a carteira est\u00e1 dispon\u00edvel nesta cor clara por esta esp\u00e9cie de crocodilo ser albina, mas isso n\u00e3o passa de um mito. Na verdade, a pele \u00e9 tingida pelos artes\u00e3os da Herm\u00e8s para ficar com o degrad\u00e9 caracter\u00edstico que faz lembrar as montanhas cobertas de neve do Himalaia, a paisagem que d\u00e1 o nome \u00e0 carteira.<\/p>\n<p>Pela sua raridade, a carteira pode custar a partir de 150 mil e ultrapassar os 350 mil euros, um valor atribu\u00eddo a edi\u00e7\u00f5es quase \u00fanicas desta Birkin, muitas com diamantes.<\/p>\n","protected":false},"excerpt":{"rendered":"Georgina Rodr\u00edguez est\u00e1 a tornar-se, aos poucos, uma das caras conhecidas mais associadas ao Festival de Cinema de&hellip;\n","protected":false},"author":2,"featured_media":512359,"comment_status":"","ping_status":"","sticky":false,"template":"","format":"standard","meta":{"footnotes":"","_share_on_mastodon":"0"},"categories":[85],"tags":[1081,27025,204,114,115,14554,754,3509,186,4319,1079,32,33,1078,1080],"class_list":["post-512358","post","type-post","status-publish","format-standard","has-post-thumbnail","category-entretenimento","tag-beleza","tag-birkin","tag-design","tag-entertainment","tag-entretenimento","tag-festival-de-veneza","tag-gastronomia","tag-georgina-rodriguez","tag-lifestyle","tag-look","tag-moda","tag-portugal","tag-pt","tag-versa","tag-viagens"],"share_on_mastodon":{"url":"https:\/\/pubeurope.com\/@pt\/117215629513506625","error":""},"_links":{"self":[{"href":"https:\/\/www.europesays.com\/pt\/wp-json\/wp\/v2\/posts\/512358","targetHints":{"allow":["GET"]}}],"collection":[{"href":"https:\/\/www.europesays.com\/pt\/wp-json\/wp\/v2\/posts"}],"about":[{"href":"https:\/\/www.europesays.com\/pt\/wp-json\/wp\/v2\/types\/post"}],"author":[{"embeddable":true,"href":"https:\/\/www.europesays.com\/pt\/wp-json\/wp\/v2\/users\/2"}],"replies":[{"embeddable":true,"href":"https:\/\/www.europesays.com\/pt\/wp-json\/wp\/v2\/comments?post=512358"}],"version-history":[{"count":0,"href":"https:\/\/www.europesays.com\/pt\/wp-json\/wp\/v2\/posts\/512358\/revisions"}],"wp:featuredmedia":[{"embeddable":true,"href":"https:\/\/www.europesays.com\/pt\/wp-json\/wp\/v2\/media\/512359"}],"wp:attachment":[{"href":"https:\/\/www.europesays.com\/pt\/wp-json\/wp\/v2\/media?parent=512358"}],"wp:term":[{"taxonomy":"category","embeddable":true,"href":"https:\/\/www.europesays.com\/pt\/wp-json\/wp\/v2\/categories?post=512358"},{"taxonomy":"post_tag","embeddable":true,"href":"https:\/\/www.europesays.com\/pt\/wp-json\/wp\/v2\/tags?post=512358"}],"curies":[{"name":"wp","href":"https:\/\/api.w.org\/{rel}","templated":true}]}}