{"id":51239,"date":"2025-08-30T08:38:31","date_gmt":"2025-08-30T08:38:31","guid":{"rendered":"https:\/\/www.europesays.com\/pt\/51239\/"},"modified":"2025-08-30T08:38:31","modified_gmt":"2025-08-30T08:38:31","slug":"suspeito-de-chegar-fogo-ao-monte-em-cabeceiras-de-basto-sai-em-liberdade","status":"publish","type":"post","link":"https:\/\/www.europesays.com\/pt\/51239\/","title":{"rendered":"Suspeito de chegar fogo ao monte em Cabeceiras de Basto sai em liberdade"},"content":{"rendered":"<p>O homem de 64 anos que foi ontem detido por suspeitas do crime de inc\u00eandio florestal, em Cabeceiras de Basto, vai aguardar julgamento em liberdade, com apresenta\u00e7\u00f5es semanais no posto da GNR local.<\/p>\n<p>O suspeito foi hoje ouvido para primeiro interrogat\u00f3rio pelo juiz no Tribunal de Guimar\u00e3es.<\/p>\n<p>Em comunicado, a PJ referiu ontem que o suspeito ter\u00e1 iniciado dois inc\u00eandios por meio de chama direta na freguesia de Painzela, por volta da meia-noite, em 02 de agosto.<\/p>\n<p>Aquela for\u00e7a explica ainda que, num contexto de \u201crecorrente registo de igni\u00e7\u00f5es verificadas naquela freguesia e \u00e1reas lim\u00edtrofes\u201d, foi poss\u00edvel constatar, por testemunhas que se deslocavam na EN205, que, por volta da meia-noite da referida data, iniciava-se mais um inc\u00eandio em zona florestal.<\/p>\n<p>\u201cUma vez alcan\u00e7ada a sua r\u00e1pida extin\u00e7\u00e3o, por interm\u00e9dio de populares que ali circulavam, n\u00e3o tardou at\u00e9 que uma segunda igni\u00e7\u00e3o fosse detetada, desta vez com r\u00e1pida propaga\u00e7\u00e3o, a qual n\u00e3o causou danos de maior dimens\u00e3o gra\u00e7as \u00e0 pronta e eficaz interven\u00e7\u00e3o dos bombeiros\u201d, nota a PJ.<\/p>\n<p>Ap\u00f3s comunica\u00e7\u00e3o dos factos \u00e0 PJ de Braga, foram prontamente desenvolvidas dilig\u00eancias investigat\u00f3rias, na sequ\u00eancia das quais foi poss\u00edvel recolher um \u201crelevante acervo de prova\u201d, que fundamenta a imputa\u00e7\u00e3o ao suspeito da autoria dos dois inc\u00eandios, presumivelmente iniciados por meio de chama direta.<\/p>\n<p>O local onde ambos os inc\u00eandios foram ateados, situa-se numa zona com \u201celevado potencial de propaga\u00e7\u00e3o a extensas manchas florestais, o que gerou um grave risco para toda a floresta e para diversos aglomerados habitacionais\u201d.<\/p>\n<p>O detido, de 64 anos, desempregado e com antecedentes criminais pelo mesmo tipo de crimes, ser\u00e1 hoje presente \u00e0s competentes autoridades judici\u00e1rias, para primeiro interrogat\u00f3rio judicial e aplica\u00e7\u00e3o das medidas de coa\u00e7\u00e3o.<\/p>\n<p class=\"has-text-align-right\"><strong>Artigo de Ivo Borges com Pedro Gon\u00e7alo Costa.<\/strong><\/p>\n","protected":false},"excerpt":{"rendered":"O homem de 64 anos que foi ontem detido por suspeitas do crime de inc\u00eandio florestal, em Cabeceiras&hellip;\n","protected":false},"author":2,"featured_media":51240,"comment_status":"","ping_status":"","sticky":false,"template":"","format":"standard","meta":{"footnotes":""},"categories":[10],"tags":[27,28,15,16,14,25,26,21,22,12,13,19,20,32,23,24,33,17,18,29,30,31],"class_list":{"0":"post-51239","1":"post","2":"type-post","3":"status-publish","4":"format-standard","5":"has-post-thumbnail","7":"category-portugal","8":"tag-breaking-news","9":"tag-breakingnews","10":"tag-featured-news","11":"tag-featurednews","12":"tag-headlines","13":"tag-latest-news","14":"tag-latestnews","15":"tag-main-news","16":"tag-mainnews","17":"tag-news","18":"tag-noticias","19":"tag-noticias-principais","20":"tag-noticiasprincipais","21":"tag-portugal","22":"tag-principais-noticias","23":"tag-principaisnoticias","24":"tag-pt","25":"tag-top-stories","26":"tag-topstories","27":"tag-ultimas","28":"tag-ultimas-noticias","29":"tag-ultimasnoticias"},"share_on_mastodon":{"url":"","error":""},"_links":{"self":[{"href":"https:\/\/www.europesays.com\/pt\/wp-json\/wp\/v2\/posts\/51239","targetHints":{"allow":["GET"]}}],"collection":[{"href":"https:\/\/www.europesays.com\/pt\/wp-json\/wp\/v2\/posts"}],"about":[{"href":"https:\/\/www.europesays.com\/pt\/wp-json\/wp\/v2\/types\/post"}],"author":[{"embeddable":true,"href":"https:\/\/www.europesays.com\/pt\/wp-json\/wp\/v2\/users\/2"}],"replies":[{"embeddable":true,"href":"https:\/\/www.europesays.com\/pt\/wp-json\/wp\/v2\/comments?post=51239"}],"version-history":[{"count":0,"href":"https:\/\/www.europesays.com\/pt\/wp-json\/wp\/v2\/posts\/51239\/revisions"}],"wp:featuredmedia":[{"embeddable":true,"href":"https:\/\/www.europesays.com\/pt\/wp-json\/wp\/v2\/media\/51240"}],"wp:attachment":[{"href":"https:\/\/www.europesays.com\/pt\/wp-json\/wp\/v2\/media?parent=51239"}],"wp:term":[{"taxonomy":"category","embeddable":true,"href":"https:\/\/www.europesays.com\/pt\/wp-json\/wp\/v2\/categories?post=51239"},{"taxonomy":"post_tag","embeddable":true,"href":"https:\/\/www.europesays.com\/pt\/wp-json\/wp\/v2\/tags?post=51239"}],"curies":[{"name":"wp","href":"https:\/\/api.w.org\/{rel}","templated":true}]}}