{"id":512394,"date":"2026-09-05T01:26:13","date_gmt":"2026-09-05T01:26:13","guid":{"rendered":"https:\/\/www.europesays.com\/pt\/512394\/"},"modified":"2026-09-05T01:26:13","modified_gmt":"2026-09-05T01:26:13","slug":"ja-e-conhecido-o-top-3-descubra-quem-e-o-quarto-classificado-do-big-brother-verao-big-brother-verao-2026-ultimas-noticias-videos-e-diretos","status":"publish","type":"post","link":"https:\/\/www.europesays.com\/pt\/512394\/","title":{"rendered":"J\u00e1 \u00e9 conhecido o top 3. Descubra quem \u00e9 o quarto classificado do Big Brother Ver\u00e3o &#8211; Big Brother Ver\u00e3o 2026: \u00daltimas Not\u00edcias, V\u00eddeos e Diretos"},"content":{"rendered":"<p>O concorrente conseguiu chegar \u00e0 t\u00e3o aguardada noite da final depois de semanas de emo\u00e7\u00f5es fortes. Foi controverso, pol\u00e9mico, mas acima de tudo, surpreendeu do in\u00edcio ao fim.<\/p>\n<p>Ao longo da sua aventura, <a href=\"https:\/\/tvi.iol.pt\/bigbrother\/video\/foi-assim-que-joao-ventura-conquistou-o-seu-lugar-no-big-brother-verao-veja-os-melhores-momentos-do-concorrente\/6a9b342b0cf2f6a1a1e768bc\" rel=\"nofollow noopener\" target=\"_blank\"><strong>Jo\u00e3o Ventura<\/strong>\u00a0foi uma das figuras em destaque<\/a> e conquistou o carinho de muitos espectadores, que acompanharam atentamente cada passo dado dentro da casa.<\/p>\n<p>Fica agora a um passo do p\u00f3dio, numa altura em que a competi\u00e7\u00e3o est\u00e1 cada vez mais renhida.<\/p>\n<p><strong>Veja o v\u00eddeo.<\/strong><\/p>\n<p>\u00a0<\/p>\n","protected":false},"excerpt":{"rendered":"O concorrente conseguiu chegar \u00e0 t\u00e3o aguardada noite da final depois de semanas de emo\u00e7\u00f5es fortes. Foi controverso,&hellip;\n","protected":false},"author":2,"featured_media":512395,"comment_status":"","ping_status":"","sticky":false,"template":"","format":"standard","meta":{"footnotes":"","_share_on_mastodon":"0"},"categories":[142],"tags":[331,48,333,328,335,336,114,115,334,332,9485,330,70312,338,13,32,33,69918,151,162,227],"class_list":["post-512394","post","type-post","status-publish","format-standard","has-post-thumbnail","category-tv","tag-big","tag-big-brother","tag-comentadores","tag-concorrentes","tag-confrontos","tag-discussoes","tag-entertainment","tag-entretenimento","tag-exclusivos","tag-expulso","tag-finalista","tag-gala","tag-joao-ventura","tag-maria-botelho-moniz","tag-noticias","tag-portugal","tag-pt","tag-quarto-lugar","tag-tv","tag-tvi","tag-videos"],"share_on_mastodon":{"url":"https:\/\/pubeurope.com\/@pt\/117215834001394002","error":""},"_links":{"self":[{"href":"https:\/\/www.europesays.com\/pt\/wp-json\/wp\/v2\/posts\/512394","targetHints":{"allow":["GET"]}}],"collection":[{"href":"https:\/\/www.europesays.com\/pt\/wp-json\/wp\/v2\/posts"}],"about":[{"href":"https:\/\/www.europesays.com\/pt\/wp-json\/wp\/v2\/types\/post"}],"author":[{"embeddable":true,"href":"https:\/\/www.europesays.com\/pt\/wp-json\/wp\/v2\/users\/2"}],"replies":[{"embeddable":true,"href":"https:\/\/www.europesays.com\/pt\/wp-json\/wp\/v2\/comments?post=512394"}],"version-history":[{"count":0,"href":"https:\/\/www.europesays.com\/pt\/wp-json\/wp\/v2\/posts\/512394\/revisions"}],"wp:featuredmedia":[{"embeddable":true,"href":"https:\/\/www.europesays.com\/pt\/wp-json\/wp\/v2\/media\/512395"}],"wp:attachment":[{"href":"https:\/\/www.europesays.com\/pt\/wp-json\/wp\/v2\/media?parent=512394"}],"wp:term":[{"taxonomy":"category","embeddable":true,"href":"https:\/\/www.europesays.com\/pt\/wp-json\/wp\/v2\/categories?post=512394"},{"taxonomy":"post_tag","embeddable":true,"href":"https:\/\/www.europesays.com\/pt\/wp-json\/wp\/v2\/tags?post=512394"}],"curies":[{"name":"wp","href":"https:\/\/api.w.org\/{rel}","templated":true}]}}