{"id":512398,"date":"2026-09-05T01:41:14","date_gmt":"2026-09-05T01:41:14","guid":{"rendered":"https:\/\/www.europesays.com\/pt\/512398\/"},"modified":"2026-09-05T01:41:14","modified_gmt":"2026-09-05T01:41:14","slug":"isabelle-drummond-vivera-protagonista-de-nova-serie-romantica-da-netflix","status":"publish","type":"post","link":"https:\/\/www.europesays.com\/pt\/512398\/","title":{"rendered":"Isabelle Drummond viver\u00e1 protagonista de nova s\u00e9rie rom\u00e2ntica da Netflix"},"content":{"rendered":"<p class=\"isSelectedEnd\"><strong>Isabelle Drummond<\/strong> vai ganhar um novo desafio na carreira. A atriz ser\u00e1 a protagonista de \u201cDeixa Nevar\u201d, nova s\u00e9rie rom\u00e2ntica da Netflix baseada no livro hom\u00f4nimo da escritora <strong>Camila Antunes<\/strong>. A produ\u00e7\u00e3o marca a estreia de Isabelle como protagonista em uma s\u00e9rie da plataforma.<\/p>\n<p class=\"isSelectedEnd\">Na trama, ela viver\u00e1 V\u00e2nia, uma designer de joias que v\u00ea a vida mudar ap\u00f3s conhecer Marco, interpretado por <strong>Maur\u00edcio Destri<\/strong>. Herdeiro de uma das fam\u00edlias mais ricas do Brasil, o personagem aparece na joalheria da protagonista para devolver um anel de noivado, justamente a pe\u00e7a mais exclusiva j\u00e1 criada por ela.<\/p>\n<p class=\"isSelectedEnd\">O encontro inesperado d\u00e1 in\u00edcio ao romance entre os dois, que passam a encontrar apoio um no outro enquanto enfrentam conflitos e transforma\u00e7\u00f5es pessoais. A hist\u00f3ria combina a rela\u00e7\u00e3o amorosa dos protagonistas com os dilemas vividos por cada um deles.<\/p>\n<p>A s\u00e9rie ter\u00e1 roteiro de <strong>Thereza Falc\u00e3o<\/strong> e dire\u00e7\u00e3o de <strong>Thiago Teitelroit,<\/strong> com produ\u00e7\u00e3o da <strong>Glaz Entretenimento<\/strong>.<\/p>\n","protected":false},"excerpt":{"rendered":"Isabelle Drummond vai ganhar um novo desafio na carreira. A atriz ser\u00e1 a protagonista de \u201cDeixa Nevar\u201d, nova&hellip;\n","protected":false},"author":2,"featured_media":512399,"comment_status":"","ping_status":"","sticky":false,"template":"","format":"standard","meta":{"footnotes":"","_share_on_mastodon":"0"},"categories":[142],"tags":[114,115,32,33,151],"class_list":["post-512398","post","type-post","status-publish","format-standard","has-post-thumbnail","category-tv","tag-entertainment","tag-entretenimento","tag-portugal","tag-pt","tag-tv"],"share_on_mastodon":{"url":"https:\/\/pubeurope.com\/@pt\/117215893092963538","error":""},"_links":{"self":[{"href":"https:\/\/www.europesays.com\/pt\/wp-json\/wp\/v2\/posts\/512398","targetHints":{"allow":["GET"]}}],"collection":[{"href":"https:\/\/www.europesays.com\/pt\/wp-json\/wp\/v2\/posts"}],"about":[{"href":"https:\/\/www.europesays.com\/pt\/wp-json\/wp\/v2\/types\/post"}],"author":[{"embeddable":true,"href":"https:\/\/www.europesays.com\/pt\/wp-json\/wp\/v2\/users\/2"}],"replies":[{"embeddable":true,"href":"https:\/\/www.europesays.com\/pt\/wp-json\/wp\/v2\/comments?post=512398"}],"version-history":[{"count":0,"href":"https:\/\/www.europesays.com\/pt\/wp-json\/wp\/v2\/posts\/512398\/revisions"}],"wp:featuredmedia":[{"embeddable":true,"href":"https:\/\/www.europesays.com\/pt\/wp-json\/wp\/v2\/media\/512399"}],"wp:attachment":[{"href":"https:\/\/www.europesays.com\/pt\/wp-json\/wp\/v2\/media?parent=512398"}],"wp:term":[{"taxonomy":"category","embeddable":true,"href":"https:\/\/www.europesays.com\/pt\/wp-json\/wp\/v2\/categories?post=512398"},{"taxonomy":"post_tag","embeddable":true,"href":"https:\/\/www.europesays.com\/pt\/wp-json\/wp\/v2\/tags?post=512398"}],"curies":[{"name":"wp","href":"https:\/\/api.w.org\/{rel}","templated":true}]}}