{"id":512402,"date":"2026-09-05T01:44:14","date_gmt":"2026-09-05T01:44:14","guid":{"rendered":"https:\/\/www.europesays.com\/pt\/512402\/"},"modified":"2026-09-05T01:44:14","modified_gmt":"2026-09-05T01:44:14","slug":"froholdt-sofre-concussao-cerebral-e-e-transportado-para-o-hospital","status":"publish","type":"post","link":"https:\/\/www.europesays.com\/pt\/512402\/","title":{"rendered":"Froholdt sofre concuss\u00e3o cerebral e \u00e9 transportado para o hospital"},"content":{"rendered":"<p>                Dinamarqu\u00eas perdeu os sentidos, mas recuperou a consci\u00eancia ainda no relvado, ap\u00f3s lance com Liberato<\/p>\n<p>Victor Froholdt sofreu uma concuss\u00e3o cerebral na <a href=\"https:\/\/maisfutebol.iol.pt\/jogo\/aominuto\/fc-porto\/moreirense\/13838301\" target=\"_blank\" rel=\"nofollow noopener\"><strong>vit\u00f3ria do FC Porto sobre o Moreirense (2-1)<\/strong><\/a> e teve de ser transportado para hospital, onde vai realizar os exames necess\u00e1rios.<\/p>\n<p>O m\u00e9dio dinamarqu\u00eas perdeu os sentidos ap\u00f3s levar com o cotovelo de Guilherme Liberato na cara, j\u00e1 nos instantes finais da partida, mas acabou por recuperar\u00a0a consci\u00eancia ainda no relvado.<\/p>\n<p>Froholdt deixou o campo de maca, enquanto Liberato, que foi expulso na sequ\u00eancia do lance, ficou claramente abalado e teve de ser confortado por jogadores das duas equipas.<\/p>\n<blockquote class=\"twitter-tweet\" data-media-max-width=\"560\">\n<p lang=\"pt\">Froholdt teve de abandonar o campo de maca \ud83d\ude14<\/p>\n<p>R\u00e1pida recupera\u00e7\u00e3o, craque!<a href=\"https:\/\/x.com\/hashtag\/sporttvportugal?src=hash&amp;ref_src=twsrc%5Etfw\" rel=\"nofollow\">#sporttvportugal<\/a> <a href=\"https:\/\/x.com\/hashtag\/LIGAnaSPORTTV?src=hash&amp;ref_src=twsrc%5Etfw\" rel=\"nofollow\">#LIGAnaSPORTTV<\/a> <a href=\"https:\/\/x.com\/hashtag\/ligaportugalbetclic?src=hash&amp;ref_src=twsrc%5Etfw\" rel=\"nofollow\">#ligaportugalbetclic<\/a> <a href=\"https:\/\/x.com\/hashtag\/FCPorto?src=hash&amp;ref_src=twsrc%5Etfw\" rel=\"nofollow\">#FCPorto<\/a> <a href=\"https:\/\/t.co\/4cB5Vnr1oC\" rel=\"nofollow\">pic.twitter.com\/4cB5Vnr1oC<\/a><\/p>\n<p> \u2014 sport tv (@sporttvportugal) <a href=\"https:\/\/x.com\/sporttvportugal\/status\/2095985762747458041?ref_src=twsrc%5Etfw\" rel=\"nofollow\">September 4, 2026<\/a>\n<\/p><\/blockquote>\n<p>                <script async src=\"https:\/\/platform.twitter.com\/widgets.js\" charset=\"utf-8\"><\/script><\/p>\n","protected":false},"excerpt":{"rendered":"Dinamarqu\u00eas perdeu os sentidos, mas recuperou a consci\u00eancia ainda no relvado, ap\u00f3s lance com Liberato Victor Froholdt sofreu&hellip;\n","protected":false},"author":2,"featured_media":512403,"comment_status":"","ping_status":"","sticky":false,"template":"","format":"standard","meta":{"footnotes":"","_share_on_mastodon":"0"},"categories":[87],"tags":[609,836,611,27,607,608,333,82091,832,604,135,610,476,282,301,830,603,36,570,831,833,8343,62,834,13,835,602,52,32,33,134,29,961],"class_list":["post-512402","post","type-post","status-publish","format-standard","has-post-thumbnail","category-desporto","tag-alerta","tag-analise","tag-ao-minuto","tag-breaking-news","tag-cnn","tag-cnn-portugal","tag-comentadores","tag-concussao-cerebral","tag-costa","tag-crime","tag-desporto","tag-direto","tag-economia","tag-fc-porto","tag-governo","tag-guerra","tag-justica","tag-liga","tag-live","tag-mais-vistas","tag-marcelo","tag-moreirense","tag-mundo","tag-negocios","tag-noticias","tag-opiniao","tag-pais","tag-politica","tag-portugal","tag-pt","tag-sports","tag-ultimas","tag-victor-froholdt"],"share_on_mastodon":{"url":"https:\/\/pubeurope.com\/@pt\/117215904512833907","error":""},"_links":{"self":[{"href":"https:\/\/www.europesays.com\/pt\/wp-json\/wp\/v2\/posts\/512402","targetHints":{"allow":["GET"]}}],"collection":[{"href":"https:\/\/www.europesays.com\/pt\/wp-json\/wp\/v2\/posts"}],"about":[{"href":"https:\/\/www.europesays.com\/pt\/wp-json\/wp\/v2\/types\/post"}],"author":[{"embeddable":true,"href":"https:\/\/www.europesays.com\/pt\/wp-json\/wp\/v2\/users\/2"}],"replies":[{"embeddable":true,"href":"https:\/\/www.europesays.com\/pt\/wp-json\/wp\/v2\/comments?post=512402"}],"version-history":[{"count":0,"href":"https:\/\/www.europesays.com\/pt\/wp-json\/wp\/v2\/posts\/512402\/revisions"}],"wp:featuredmedia":[{"embeddable":true,"href":"https:\/\/www.europesays.com\/pt\/wp-json\/wp\/v2\/media\/512403"}],"wp:attachment":[{"href":"https:\/\/www.europesays.com\/pt\/wp-json\/wp\/v2\/media?parent=512402"}],"wp:term":[{"taxonomy":"category","embeddable":true,"href":"https:\/\/www.europesays.com\/pt\/wp-json\/wp\/v2\/categories?post=512402"},{"taxonomy":"post_tag","embeddable":true,"href":"https:\/\/www.europesays.com\/pt\/wp-json\/wp\/v2\/tags?post=512402"}],"curies":[{"name":"wp","href":"https:\/\/api.w.org\/{rel}","templated":true}]}}