{"id":512432,"date":"2026-09-05T03:06:49","date_gmt":"2026-09-05T03:06:49","guid":{"rendered":"https:\/\/www.europesays.com\/pt\/512432\/"},"modified":"2026-09-05T03:06:49","modified_gmt":"2026-09-05T03:06:49","slug":"carneiro-anuncia-proposta-de-reducao-do-iva-para-combustiveis-e-bens-essenciais","status":"publish","type":"post","link":"https:\/\/www.europesays.com\/pt\/512432\/","title":{"rendered":"Carneiro anuncia proposta de redu\u00e7\u00e3o do IVA para combust\u00edveis e bens essenciais"},"content":{"rendered":"<p>O secret\u00e1rio-geral do PS, Jos\u00e9 Lu\u00eds Carneiro, acusou esta sexta-feira o Governo de ganhar dinheiro com o aumento dos combust\u00edveis e revelou ter entregado na quinta-feira, no Parlamento, uma proposta de redu\u00e7\u00e3o do IVA para os combust\u00edveis e alimentos.<\/p>\n<p>Em declara\u00e7\u00f5es no in\u00edcio da visita \u00e0 12.\u00aa AgroSemana \u2013 Feira Agr\u00edcola do Norte, em Vila do Conde, distrito do Porto, Jos\u00e9 Lu\u00eds Carneiro centrou a mensagem pol\u00edtica na quest\u00e3o fiscal em torno dos combust\u00edveis, remetendo, por exemplo, o esclarecimento sobre a posi\u00e7\u00e3o do PS na mo\u00e7\u00e3o de censura do Chega ao Governo para ter\u00e7a-feira, na Assembleia da Rep\u00fablica.<\/p>\n<p>\u201cO PS voltou a entregar na Assembleia da Rep\u00fablica, no dia de ontem [quinta-feira], uma proposta para a redu\u00e7\u00e3o do IVA sobre os combust\u00edveis e tamb\u00e9m sobre o custo com os bens alimentares essenciais. \u00c9 j\u00e1 a terceira vez que vamos a este tema, que tem sido chumbado, quer pela AD, quer tamb\u00e9m pela Iniciativa Liberal e pelo pr\u00f3prio Chega\u201d, come\u00e7ou por dizer o l\u00edder socialista.<\/p>\n<p>E prosseguiu: \u201co Governo est\u00e1 a ganhar dinheiro com os impostos sobre os combust\u00edveis. Est\u00e1 a ganhar nove c\u00eantimos em cada litro de gas\u00f3leo e est\u00e1 a ganhar seis c\u00eantimos em cada litro de gasolina\u201d.<\/p>\n<p>Continuando na apresenta\u00e7\u00e3o dos n\u00fameros, Jos\u00e9 Lu\u00eds Carneiro assinalou que \u201centre [20]24 e [20]25, o Governo ganhou, com os impostos sobre os combust\u00edveis, 1.048 milh\u00f5es de euros\u201d, acrescentando que \u201centre janeiro e julho, o Governo teve de aumento de receita s\u00f3 de IVA, por for\u00e7a da infla\u00e7\u00e3o, mais 1.070 milh\u00f5es de euros\u201d.<\/p>\n<p>Acusando o executivo liderado por Lu\u00eds Montenegro de \u201cganhar dinheiro \u00e0 custa do sacrif\u00edcio dos portugueses, nomeadamente com os combust\u00edveis\u201d, Jos\u00e9 Lu\u00eds Carneiro assinalou que na segunda-feira o pa\u00eds ir\u00e1 ter o \u201cmaior aumento de sempre dos combust\u00edveis\u201d.<\/p>\n<p>Segundo a estimativa do Autom\u00f3vel Club de Portugal (ACP), o pre\u00e7o por litro do gas\u00f3leo dever\u00e1 aumentar 15 c\u00eantimos e o da gasolina avan\u00e7ar 12 c\u00eantimos na pr\u00f3xima semana, caso a tend\u00eancia atual se mantenha.<\/p>\n<p>A minutos de iniciar a visita \u00e0 feira agr\u00edcola, o secret\u00e1rio-geral socialista assinalou que o pedido de redu\u00e7\u00e3o do IVA visa tamb\u00e9m apoiar os agricultores, lembrando que, tal como eles, o setor das pescas, dos transportes, a log\u00edstica e a distribui\u00e7\u00e3o \u201cest\u00e3o a viver momentos muito dif\u00edceis\u201d.<\/p>\n<p>\u201cResponder ao custo de vida das portuguesas e dos portugueses \u00e9 um dever do primeiro-ministro e do Governo\u201d, enfatizou o dirigente do PS \u201csurpreendido com a incapacidade, a incompet\u00eancia, a insensibilidade do primeiro-ministro do Governo para responder ao custo de vida\u201d.<\/p>\n<p>Insistindo ser esta a terceira vez que o PS avan\u00e7a com o pedido de redu\u00e7\u00e3o do IVA no hemiciclo, o deputado lembrou que o \u201cChega, que veio h\u00e1 uns tempos dizer que ia apresentar propostas dessa natureza, chumbou as propostas na Assembleia da Rep\u00fablica apresentadas pelo PS, para reduzir o custo com os combust\u00edveis\u201d.<\/p>\n<p>\u201cO salto do custo com os combust\u00edveis na pr\u00f3xima segunda-feira vai fazer com que as pessoas vivam ainda mais asfixiadas na sua vida e no seu quotidiano\u201d, referiu Jos\u00e9 Lu\u00eds Carneiro.<\/p>\n","protected":false},"excerpt":{"rendered":"O secret\u00e1rio-geral do PS, Jos\u00e9 Lu\u00eds Carneiro, acusou esta sexta-feira o Governo de ganhar dinheiro com o aumento&hellip;\n","protected":false},"author":2,"featured_media":512433,"comment_status":"","ping_status":"","sticky":false,"template":"","format":"standard","meta":{"footnotes":"","_share_on_mastodon":"0"},"categories":[8],"tags":[38827,82096,79212,82094,27,28,855,27755,15,16,857,858,301,14,2501,1215,82095,2433,25,26,21,22,12,13,19,20,32,23,24,455,33,82093,17,18,29,30,31],"class_list":["post-512432","post","type-post","status-publish","format-standard","has-post-thumbnail","category-principais-noticias","tag-agricultores","tag-agrosemana","tag-aumento-combustiveis","tag-bens-essenciais","tag-breaking-news","tag-breakingnews","tag-combustiveis","tag-custo-de-vida","tag-featured-news","tag-featurednews","tag-gasoleo","tag-gasolina","tag-governo","tag-headlines","tag-impostos","tag-inflacao","tag-iva-combustiveis","tag-jose-luis-carneiro","tag-latest-news","tag-latestnews","tag-main-news","tag-mainnews","tag-news","tag-noticias","tag-noticias-principais","tag-noticiasprincipais","tag-portugal","tag-principais-noticias","tag-principaisnoticias","tag-ps","tag-pt","tag-reducao-iva","tag-top-stories","tag-topstories","tag-ultimas","tag-ultimas-noticias","tag-ultimasnoticias"],"share_on_mastodon":{"url":"","error":"Validation failed: Text character limit of 500 exceeded"},"_links":{"self":[{"href":"https:\/\/www.europesays.com\/pt\/wp-json\/wp\/v2\/posts\/512432","targetHints":{"allow":["GET"]}}],"collection":[{"href":"https:\/\/www.europesays.com\/pt\/wp-json\/wp\/v2\/posts"}],"about":[{"href":"https:\/\/www.europesays.com\/pt\/wp-json\/wp\/v2\/types\/post"}],"author":[{"embeddable":true,"href":"https:\/\/www.europesays.com\/pt\/wp-json\/wp\/v2\/users\/2"}],"replies":[{"embeddable":true,"href":"https:\/\/www.europesays.com\/pt\/wp-json\/wp\/v2\/comments?post=512432"}],"version-history":[{"count":0,"href":"https:\/\/www.europesays.com\/pt\/wp-json\/wp\/v2\/posts\/512432\/revisions"}],"wp:featuredmedia":[{"embeddable":true,"href":"https:\/\/www.europesays.com\/pt\/wp-json\/wp\/v2\/media\/512433"}],"wp:attachment":[{"href":"https:\/\/www.europesays.com\/pt\/wp-json\/wp\/v2\/media?parent=512432"}],"wp:term":[{"taxonomy":"category","embeddable":true,"href":"https:\/\/www.europesays.com\/pt\/wp-json\/wp\/v2\/categories?post=512432"},{"taxonomy":"post_tag","embeddable":true,"href":"https:\/\/www.europesays.com\/pt\/wp-json\/wp\/v2\/tags?post=512432"}],"curies":[{"name":"wp","href":"https:\/\/api.w.org\/{rel}","templated":true}]}}