{"id":512474,"date":"2026-09-05T05:50:25","date_gmt":"2026-09-05T05:50:25","guid":{"rendered":"https:\/\/www.europesays.com\/pt\/512474\/"},"modified":"2026-09-05T05:50:25","modified_gmt":"2026-09-05T05:50:25","slug":"rock-in-rio-2026-criticos-do-globo-elegem-os-melhores-shows-do-primeiro-dia","status":"publish","type":"post","link":"https:\/\/www.europesays.com\/pt\/512474\/","title":{"rendered":"Rock in Rio 2026: Cr\u00edticos do GLOBO elegem os melhores shows do primeiro dia"},"content":{"rendered":"\n<p class=\" content-text__container \" data-track-category=\"Link no Texto\" data-track-links=\"\"> O Rock in Rio conta com transmiss\u00e3o ao vivo nos dias 4, 5, 6, 11, 12 e 13 de setembro, a partir das 15h15, pelo Multishow, e a partir das 15h50, pelo Canal Bis. No feriado do dia 7, a transmiss\u00e3o come\u00e7a \u00e0s 14h45 no Multishow e \u00e0s 16h20 no Canal Bis. O Globoplay oferecer\u00e1 sinal aberto para acompanhar os cinco palcos do Rock in Rio todos os dias, a partir das 15h30. Assinantes do plano Premium da plataforma de streaming tamb\u00e9m ter\u00e3o acesso \u00e0 transmiss\u00e3o do Multishow em 4K, por meio de um sinal extra. A TV Globo exibir\u00e1 flashes durante a programa\u00e7\u00e3o e um especial todas as noites \u2014 \u00e0s sextas (4 e 11\/9), ap\u00f3s o Globo Rep\u00f3rter; aos s\u00e1bados (5 e 12\/9), ap\u00f3s o Altas Horas; aos domingos (6 e 13\/9), ap\u00f3s o Boletim Estrelas da Casa, e na segunda (7\/9), ap\u00f3s o Jornal da Globo. <\/p>\n","protected":false},"excerpt":{"rendered":"O Rock in Rio conta com transmiss\u00e3o ao vivo nos dias 4, 5, 6, 11, 12 e 13&hellip;\n","protected":false},"author":2,"featured_media":512475,"comment_status":"","ping_status":"","sticky":false,"template":"","format":"standard","meta":{"footnotes":"","_share_on_mastodon":"0"},"categories":[141],"tags":[114,115,26420,149,150,32,33,26421,679,763],"class_list":["post-512474","post","type-post","status-publish","format-standard","has-post-thumbnail","category-musica","tag-entertainment","tag-entretenimento","tag-festival-de-musica-idealizado-pelo-empresario-roberto-medina","tag-music","tag-musica","tag-portugal","tag-pt","tag-realizado-pela-primeira-vez-em-1985","tag-reportagem","tag-rock-in-rio"],"share_on_mastodon":{"url":"https:\/\/pubeurope.com\/@pt\/117216872180039471","error":""},"_links":{"self":[{"href":"https:\/\/www.europesays.com\/pt\/wp-json\/wp\/v2\/posts\/512474","targetHints":{"allow":["GET"]}}],"collection":[{"href":"https:\/\/www.europesays.com\/pt\/wp-json\/wp\/v2\/posts"}],"about":[{"href":"https:\/\/www.europesays.com\/pt\/wp-json\/wp\/v2\/types\/post"}],"author":[{"embeddable":true,"href":"https:\/\/www.europesays.com\/pt\/wp-json\/wp\/v2\/users\/2"}],"replies":[{"embeddable":true,"href":"https:\/\/www.europesays.com\/pt\/wp-json\/wp\/v2\/comments?post=512474"}],"version-history":[{"count":0,"href":"https:\/\/www.europesays.com\/pt\/wp-json\/wp\/v2\/posts\/512474\/revisions"}],"wp:featuredmedia":[{"embeddable":true,"href":"https:\/\/www.europesays.com\/pt\/wp-json\/wp\/v2\/media\/512475"}],"wp:attachment":[{"href":"https:\/\/www.europesays.com\/pt\/wp-json\/wp\/v2\/media?parent=512474"}],"wp:term":[{"taxonomy":"category","embeddable":true,"href":"https:\/\/www.europesays.com\/pt\/wp-json\/wp\/v2\/categories?post=512474"},{"taxonomy":"post_tag","embeddable":true,"href":"https:\/\/www.europesays.com\/pt\/wp-json\/wp\/v2\/tags?post=512474"}],"curies":[{"name":"wp","href":"https:\/\/api.w.org\/{rel}","templated":true}]}}