{"id":512480,"date":"2026-09-05T06:16:20","date_gmt":"2026-09-05T06:16:20","guid":{"rendered":"https:\/\/www.europesays.com\/pt\/512480\/"},"modified":"2026-09-05T06:16:20","modified_gmt":"2026-09-05T06:16:20","slug":"chico-pinheiro-brinca-com-farmar-aura-ao-chegar-a-11a-semana-de-quimioterapia-r7-entretenimento","status":"publish","type":"post","link":"https:\/\/www.europesays.com\/pt\/512480\/","title":{"rendered":"Chico Pinheiro brinca com \u2018farmar aura\u2019 ao chegar \u00e0 11\u00aa semana de quimioterapia \u2013 R7 Entretenimento"},"content":{"rendered":"<p>LEIA AQUI O RESUMO DA NOT\u00cdCIA<\/p>\n<ul class=\"b-article-body-custom-embed-brief-news__list\" style=\"margin: 0; padding-left: 20px; list-style-type: disc;\">\n<li>Chico Pinheiro est\u00e1 na 11\u00aa semana de quimioterapia contra c\u00e2ncer no intestino.<\/li>\n<li>O jornalista mant\u00e9m bom humor, brincando com a express\u00e3o &#8220;farmar aura&#8221;.<\/li>\n<li>Defende atendimento m\u00e9dico de qualidade para todos pelo SUS.<\/li>\n<li>Chico descobriu o c\u00e2ncer em est\u00e1gio inicial e passou por cirurgia rob\u00f3tica.<\/li>\n<\/ul>\n<p style=\"font-size: 0.8em; font-style: italic; text-align: right; margin-top: 15px; padding-bottom: 5px; margin-bottom: 0;\">Produzido pela Ri7a &#8211; a Intelig\u00eancia Artificial do R7<\/p>\n<p><img decoding=\"async\" data-chromatic=\"ignore\" alt=\"\" class=\"c-image\" loading=\"lazy\" src=\"https:\/\/www.europesays.com\/pt\/wp-content\/uploads\/2026\/09\/UEXJOMIUGZFFVOFVLMIPF32IPE.png\"  width=\"320\" height=\"271\"\/>Tumor foi identificado em est\u00e1gio inicial, afirma Chico Pinheiro Reprodu\u00e7\u00e3o\/Instagram\/@chicopinheiros <\/p>\n<p class=\"jarvics:base-text-neutral-high-400 xovem:base-text-dark-high-400 base-text-[calc(theme(fontSize.xs)_*_var(--font-size,_1))] base-font-normal base-font-primary base-text-neutral-low-500 base-text-left\"><b>Chico Pinheiro<\/b> encontrou espa\u00e7o para o bom humor em meio ao tratamento contra o <a href=\"https:\/\/www.r7.com\/tudo-sobre\/cancer\/\" target=\"_self\" rel=\"nofollow noopener\" title=\"https:\/\/www.r7.com\/tudo-sobre\/cancer\/\">c\u00e2ncer<\/a>. <\/p>\n<p class=\"jarvics:base-text-neutral-high-400 xovem:base-text-dark-high-400 base-text-[calc(theme(fontSize.xs)_*_var(--font-size,_1))] base-font-normal base-font-primary base-text-neutral-low-500 base-text-left\">O jornalista compartilhou nesta sexta-feira (4) um v\u00eddeo diretamente do HCor (Hospital do Cora\u00e7\u00e3o), no Para\u00edso, em <a href=\"https:\/\/noticias.r7.com\/sao-paulo\/\" target=\"_self\" rel=\"nofollow noopener\" title=\"https:\/\/noticias.r7.com\/sao-paulo\/\">S\u00e3o Paulo (SP)<\/a>, onde realiza a 11\u00aa de 12 semanas de quimioterapia.<\/p>\n<p class=\"jarvics:base-text-neutral-high-400 xovem:base-text-dark-high-400 base-text-[calc(theme(fontSize.xs)_*_var(--font-size,_1))] base-font-normal base-font-primary base-text-neutral-low-500 base-text-left\">Na grava\u00e7\u00e3o<b>, ele celebra a proximidade do fim do tratamento e brinca com a express\u00e3o \u201cfarmar aura\u201d<\/b>, que ganhou popularidade nas redes sociais.<\/p>\n<p class=\"jarvics:base-text-neutral-high-400 xovem:base-text-dark-high-400 base-text-[calc(theme(fontSize.xs)_*_var(--font-size,_1))] base-font-normal base-font-primary base-text-neutral-low-500 base-text-left\">\u201cEstou aqui no Hospital do Cora\u00e7\u00e3o, no HCor, fazendo a minha 11\u00aa semana de quimioterapia. Duas cirurgias depois, mais 12 semanas de quimioterapia, essa \u00e9 a 11\u00aa, para eu me livrar do c\u00e2ncer. Est\u00e1 indo, est\u00e1 indo\u201d, afirmou o ex-\u00e2ncora do Bom Dia Brasil.<\/p>\n<p class=\"jarvics:base-text-neutral-high-400 xovem:base-text-dark-high-400 base-text-[calc(theme(fontSize.xs)_*_var(--font-size,_1))] base-font-normal base-font-primary base-text-neutral-low-500 base-text-left\">No v\u00eddeo, <b>Chico faz refer\u00eancia \u00e0 express\u00e3o \u201cfarmar aura\u201d e reproduz a sequ\u00eancia da dancinha \u201c6-7\u201d (six-seven)<\/b>, que viralizou entre os jovens nas redes sociais. <\/p>\n<p class=\"jarvics:base-text-neutral-high-400 xovem:base-text-dark-high-400 base-text-[calc(theme(fontSize.xs)_*_var(--font-size,_1))] base-font-normal base-font-primary base-text-neutral-low-500 base-text-left\">\u201cMais um pouquinho e estarei pronto e garanto para voc\u00eas que aqui do Hospital do Cora\u00e7\u00e3o do HCor, no Para\u00edso, eu vou sair daqui capaz de farmar aura, farmar aura. Six-seven, six-seven, six-seven\u201d, disse.<\/p>\n<p class=\"jarvics:base-text-neutral-high-400 xovem:base-text-dark-high-400 base-text-[calc(theme(fontSize.xs)_*_var(--font-size,_1))] base-font-normal base-font-primary base-text-neutral-low-500 base-text-left\">Ao comentar o tratamento, o jornalista tamb\u00e9m defendeu que o acesso a um atendimento m\u00e9dico de qualidade seja garantido a toda a popula\u00e7\u00e3o por meio do <a href=\"https:\/\/www.r7.com\/tudo-sobre\/sus\/\" target=\"_self\" rel=\"nofollow noopener\" title=\"https:\/\/www.r7.com\/tudo-sobre\/sus\/\">SUS (Sistema \u00danico de Sa\u00fade)<\/a>.<\/p>\n<p class=\"jarvics:base-text-neutral-high-400 xovem:base-text-dark-high-400 base-text-[calc(theme(fontSize.xs)_*_var(--font-size,_1))] base-font-normal base-font-primary base-text-neutral-low-500 base-text-left\">\u201c\u00c9 assim que a gente sai e vamos sair melhor ainda depois da elei\u00e7\u00e3o, porque a qualidade do tratamento aqui tem que ser assim para todo mundo, gra\u00e7as ao Sistema \u00danico de Sa\u00fade\u201d, afirmou.<\/p>\n<p class=\"jarvics:base-text-neutral-high-400 xovem:base-text-dark-high-400 base-text-[calc(theme(fontSize.xs)_*_var(--font-size,_1))] base-font-normal base-font-primary base-text-neutral-low-500 base-text-left\">Chico encerrou o v\u00eddeo novamente recorrendo ao bord\u00e3o que incorporou \u00e0 brincadeira: \u201cOlha, farmar aura no Brasil, \u00e9 n\u00f3is, \u00e9 n\u00f3is na fita. Six-seven, six-seven\u201d.<\/p>\n<p>Diagn\u00f3stico de c\u00e2ncer no intestino<\/p>\n<p class=\"jarvics:base-text-neutral-high-400 xovem:base-text-dark-high-400 base-text-[calc(theme(fontSize.xs)_*_var(--font-size,_1))] base-font-normal base-font-primary base-text-neutral-low-500 base-text-left\">Chico Pinheiro revelou em maio deste ano que havia sido diagnosticado com c\u00e2ncer no intestino. <\/p>\n<p class=\"jarvics:base-text-neutral-high-400 xovem:base-text-dark-high-400 base-text-[calc(theme(fontSize.xs)_*_var(--font-size,_1))] base-font-normal base-font-primary base-text-neutral-low-500 base-text-left\">A descoberta foi contada durante uma entrevista com o cantor Zeca Baleiro no programa Chico Pinheiro Entrevista.<\/p>\n<p class=\"jarvics:base-text-neutral-high-400 xovem:base-text-dark-high-400 base-text-[calc(theme(fontSize.xs)_*_var(--font-size,_1))] base-font-normal base-font-primary base-text-neutral-low-500 base-text-left\">Segundo o jornalista,<b> o tumor foi identificado em est\u00e1gio inicial<\/b> e, a princ\u00edpio, a previs\u00e3o era de que ele passasse por uma cirurgia rob\u00f3tica considerada simples, com alta prevista poucos dias depois.<\/p>\n<p class=\"jarvics:base-text-neutral-high-400 xovem:base-text-dark-high-400 base-text-[calc(theme(fontSize.xs)_*_var(--font-size,_1))] base-font-normal base-font-primary base-text-neutral-low-500 base-text-left\"><b>Para saber tudo do mundo dos famosos, <\/b><a href=\"https:\/\/whatsapp.com\/channel\/0029Va9UfKcHQbRyCyhPt71R\" rel=\"nofollow noopener\" target=\"_blank\"><b>siga o canal de entretenimento do R7<\/b><\/a><b>, o portal de not\u00edcias da RECORD, no WhatsApp<\/b><\/p>\n","protected":false},"excerpt":{"rendered":"LEIA AQUI O RESUMO DA NOT\u00cdCIA Chico Pinheiro est\u00e1 na 11\u00aa semana de quimioterapia contra c\u00e2ncer no intestino.&hellip;\n","protected":false},"author":2,"featured_media":512481,"comment_status":"","ping_status":"","sticky":false,"template":"","format":"standard","meta":{"footnotes":"","_share_on_mastodon":"0"},"categories":[145],"tags":[1776,211,210,114,115,980,32,33,151],"class_list":["post-512480","post","type-post","status-publish","format-standard","has-post-thumbnail","category-celebridades","tag-cancer","tag-celebridades","tag-celebrities","tag-entertainment","tag-entretenimento","tag-famosos","tag-portugal","tag-pt","tag-tv"],"share_on_mastodon":{"url":"https:\/\/pubeurope.com\/@pt\/117216974764035885","error":""},"_links":{"self":[{"href":"https:\/\/www.europesays.com\/pt\/wp-json\/wp\/v2\/posts\/512480","targetHints":{"allow":["GET"]}}],"collection":[{"href":"https:\/\/www.europesays.com\/pt\/wp-json\/wp\/v2\/posts"}],"about":[{"href":"https:\/\/www.europesays.com\/pt\/wp-json\/wp\/v2\/types\/post"}],"author":[{"embeddable":true,"href":"https:\/\/www.europesays.com\/pt\/wp-json\/wp\/v2\/users\/2"}],"replies":[{"embeddable":true,"href":"https:\/\/www.europesays.com\/pt\/wp-json\/wp\/v2\/comments?post=512480"}],"version-history":[{"count":0,"href":"https:\/\/www.europesays.com\/pt\/wp-json\/wp\/v2\/posts\/512480\/revisions"}],"wp:featuredmedia":[{"embeddable":true,"href":"https:\/\/www.europesays.com\/pt\/wp-json\/wp\/v2\/media\/512481"}],"wp:attachment":[{"href":"https:\/\/www.europesays.com\/pt\/wp-json\/wp\/v2\/media?parent=512480"}],"wp:term":[{"taxonomy":"category","embeddable":true,"href":"https:\/\/www.europesays.com\/pt\/wp-json\/wp\/v2\/categories?post=512480"},{"taxonomy":"post_tag","embeddable":true,"href":"https:\/\/www.europesays.com\/pt\/wp-json\/wp\/v2\/tags?post=512480"}],"curies":[{"name":"wp","href":"https:\/\/api.w.org\/{rel}","templated":true}]}}