{"id":512526,"date":"2026-09-05T07:36:24","date_gmt":"2026-09-05T07:36:24","guid":{"rendered":"https:\/\/www.europesays.com\/pt\/512526\/"},"modified":"2026-09-05T07:36:24","modified_gmt":"2026-09-05T07:36:24","slug":"dyson-camerajet-escova-de-dentes-inteligente-3-em-1-com-ia-e-camara-integrada-revoluciona-cuidados-orais","status":"publish","type":"post","link":"https:\/\/www.europesays.com\/pt\/512526\/","title":{"rendered":"Dyson CameraJet: escova de dentes inteligente 3 em 1 com IA e c\u00e2mara integrada revoluciona cuidados orais"},"content":{"rendered":"<p>Ap\u00f3s seis anos de segredo absoluto, a Dyson entrou oficialmente no mercado dos cuidados orais com o lan\u00e7amento, esta semana, da Dyson CameraJet. Revelada em eventos paralelos em Paris e Londres, e um dia depois em Berlim, esta escova de dentes inteligente surge para agitar um setor tradicional que h\u00e1 muito n\u00e3o registava ruturas tecnol\u00f3gicas significativas, posicionando-se para competir diretamente com gigantes hist\u00f3ricos como a Oral-B e a Philips.<\/p>\n<p>O grande diferencial tecnol\u00f3gico da CameraJet reside na integra\u00e7\u00e3o de uma microc\u00e2mara com lente macro \u2013 com uma objetiva de 100.000 p\u00edxeis \u2013 e algoritmos avan\u00e7ados de Intelig\u00eancia Artificial baseados no sistema Gap Optical Targeting. Esta c\u00e2mara funciona como um endosc\u00f3pio em direto, permitindo ao utilizador acompanhar em direto o interior da boca atrav\u00e9s da aplica\u00e7\u00e3o MyDyson.<\/p>\n<p>O dispositivo cumpre uma exigente fun\u00e7\u00e3o tr\u00eas em um: escovagem s\u00f3nica de alta precis\u00e3o, limpeza interdental por jato c\u00f3nico de elixir e bochecho disparado automaticamente a partir de um reservat\u00f3rio \u201cantigravidade\u201d (funciona mesmo com a escova de \u2018cabe\u00e7a para baixo\u2019) de 12,5ml integrado entre a cabe\u00e7a e o punho. Para acomodar esta rotina complexa, a marca recomenda alargar o tempo de escovagem para tr\u00eas minutos.<\/p>\n","protected":false},"excerpt":{"rendered":"Ap\u00f3s seis anos de segredo absoluto, a Dyson entrou oficialmente no mercado dos cuidados orais com o lan\u00e7amento,&hellip;\n","protected":false},"author":2,"featured_media":512527,"comment_status":"","ping_status":"","sticky":false,"template":"","format":"standard","meta":{"footnotes":"","_share_on_mastodon":"0"},"categories":[83],"tags":[82121,82120,88,82115,82113,89,90,73932,82114,82119,9047,82117,82118,933,82116,82122,82124,32,33,82123],"class_list":["post-512526","post","type-post","status-publish","format-standard","has-post-thumbnail","category-empresas","tag-app-mydyson","tag-bochecho","tag-business","tag-cuidados-orais","tag-dyson-camerajet","tag-economy","tag-empresas","tag-escova-de-dentes","tag-escova-inteligente","tag-escovagem-sonica","tag-fio-dental","tag-gap-optical-targeting","tag-higiene-oral","tag-inteligencia-artificial","tag-microcamara","tag-oral-tech","tag-oral-b-philips","tag-portugal","tag-pt","tag-reservatorio-antigravidade"],"share_on_mastodon":{"url":"https:\/\/pubeurope.com\/@pt\/117217288818061840","error":""},"_links":{"self":[{"href":"https:\/\/www.europesays.com\/pt\/wp-json\/wp\/v2\/posts\/512526","targetHints":{"allow":["GET"]}}],"collection":[{"href":"https:\/\/www.europesays.com\/pt\/wp-json\/wp\/v2\/posts"}],"about":[{"href":"https:\/\/www.europesays.com\/pt\/wp-json\/wp\/v2\/types\/post"}],"author":[{"embeddable":true,"href":"https:\/\/www.europesays.com\/pt\/wp-json\/wp\/v2\/users\/2"}],"replies":[{"embeddable":true,"href":"https:\/\/www.europesays.com\/pt\/wp-json\/wp\/v2\/comments?post=512526"}],"version-history":[{"count":0,"href":"https:\/\/www.europesays.com\/pt\/wp-json\/wp\/v2\/posts\/512526\/revisions"}],"wp:featuredmedia":[{"embeddable":true,"href":"https:\/\/www.europesays.com\/pt\/wp-json\/wp\/v2\/media\/512527"}],"wp:attachment":[{"href":"https:\/\/www.europesays.com\/pt\/wp-json\/wp\/v2\/media?parent=512526"}],"wp:term":[{"taxonomy":"category","embeddable":true,"href":"https:\/\/www.europesays.com\/pt\/wp-json\/wp\/v2\/categories?post=512526"},{"taxonomy":"post_tag","embeddable":true,"href":"https:\/\/www.europesays.com\/pt\/wp-json\/wp\/v2\/tags?post=512526"}],"curies":[{"name":"wp","href":"https:\/\/api.w.org\/{rel}","templated":true}]}}