{"id":512564,"date":"2026-09-05T09:25:17","date_gmt":"2026-09-05T09:25:17","guid":{"rendered":"https:\/\/www.europesays.com\/pt\/512564\/"},"modified":"2026-09-05T09:25:17","modified_gmt":"2026-09-05T09:25:17","slug":"prepare-o-seu-coracao-maria-botelho-moniz-recebe-a-visita-mais-especial-na-final-do-big-brother-verao","status":"publish","type":"post","link":"https:\/\/www.europesays.com\/pt\/512564\/","title":{"rendered":"Prepare o seu cora\u00e7\u00e3o: Maria Botelho Moniz recebe &#8220;a visita mais especial&#8221; na final do &#8220;Big Brother Ver\u00e3o&#8221;"},"content":{"rendered":"<p>&#8220;A Maria recebeu a visita mais especial nos bastidores&#8230;&#8221; Foi esta a legenda escolhida para a TVI para um v\u00eddeo publicado, no Instagram, durante a \u00faltima gala do &#8220;Big Brother Ver\u00e3o&#8221;.<\/p>\n<p>Nas imagens, a apresentadora surge num momento de cumplicidade com o companheiro, Pedro Bianchi Prata, antes de entrar em est\u00fadio para conduzir a final do reality show da esta\u00e7\u00e3o de Queluz de Baixo.<\/p>\n<p>Veja, agora, o v\u00eddeo protagonizado por Maria Botelho Moniz e o piloto<\/p>\n<blockquote class=\"instagram-media\" data-instgrm-captioned=\"\" data-instgrm-permalink=\"https:\/\/www.instagram.com\/reel\/Dc4SvGKOC45\/?utm_source=ig_embed&amp;utm_campaign=loading\" data-instgrm-version=\"14\" style=\" background:#FFF; border:0; border-radius:3px; box-shadow:0 0 1px 0 rgba(0,0,0,0.5),0 1px 10px 0 rgba(0,0,0,0.15); margin: 1px; max-width:540px; min-width:326px; padding:0; width:99.375%; width:-webkit-calc(100% - 2px); width:calc(100% - 2px);\">\n<\/blockquote>\n<p>\u00a0<\/p>\n<p>                        <script async src=\"\/\/www.instagram.com\/embed.js\"><\/script><\/p>\n","protected":false},"excerpt":{"rendered":"&#8220;A Maria recebeu a visita mais especial nos bastidores&#8230;&#8221; Foi esta a legenda escolhida para a TVI para&hellip;\n","protected":false},"author":2,"featured_media":512565,"comment_status":"","ping_status":"","sticky":false,"template":"","format":"standard","meta":{"footnotes":"","_share_on_mastodon":"0"},"categories":[142],"tags":[3539,6308,48,1170,114,115,980,1015,338,619,4089,6361,32,33,1014,1012,151,162],"class_list":["post-512564","post","type-post","status-publish","format-standard","has-post-thumbnail","category-tv","tag-apresentadora","tag-bb","tag-big-brother","tag-big-brother-verao","tag-entertainment","tag-entretenimento","tag-famosos","tag-instagram","tag-maria-botelho-moniz","tag-nacional","tag-pedro-bianchi-prata","tag-piloto","tag-portugal","tag-pt","tag-reality-show","tag-selfie","tag-tv","tag-tvi"],"share_on_mastodon":{"url":"https:\/\/pubeurope.com\/@pt\/117217717565912841","error":""},"_links":{"self":[{"href":"https:\/\/www.europesays.com\/pt\/wp-json\/wp\/v2\/posts\/512564","targetHints":{"allow":["GET"]}}],"collection":[{"href":"https:\/\/www.europesays.com\/pt\/wp-json\/wp\/v2\/posts"}],"about":[{"href":"https:\/\/www.europesays.com\/pt\/wp-json\/wp\/v2\/types\/post"}],"author":[{"embeddable":true,"href":"https:\/\/www.europesays.com\/pt\/wp-json\/wp\/v2\/users\/2"}],"replies":[{"embeddable":true,"href":"https:\/\/www.europesays.com\/pt\/wp-json\/wp\/v2\/comments?post=512564"}],"version-history":[{"count":0,"href":"https:\/\/www.europesays.com\/pt\/wp-json\/wp\/v2\/posts\/512564\/revisions"}],"wp:featuredmedia":[{"embeddable":true,"href":"https:\/\/www.europesays.com\/pt\/wp-json\/wp\/v2\/media\/512565"}],"wp:attachment":[{"href":"https:\/\/www.europesays.com\/pt\/wp-json\/wp\/v2\/media?parent=512564"}],"wp:term":[{"taxonomy":"category","embeddable":true,"href":"https:\/\/www.europesays.com\/pt\/wp-json\/wp\/v2\/categories?post=512564"},{"taxonomy":"post_tag","embeddable":true,"href":"https:\/\/www.europesays.com\/pt\/wp-json\/wp\/v2\/tags?post=512564"}],"curies":[{"name":"wp","href":"https:\/\/api.w.org\/{rel}","templated":true}]}}