{"id":512572,"date":"2026-09-05T09:39:35","date_gmt":"2026-09-05T09:39:35","guid":{"rendered":"https:\/\/www.europesays.com\/pt\/512572\/"},"modified":"2026-09-05T09:39:35","modified_gmt":"2026-09-05T09:39:35","slug":"capitulo-de-a-nobreza-do-amor-fortunato-descobre-tudo-amanha-5-9","status":"publish","type":"post","link":"https:\/\/www.europesays.com\/pt\/512572\/","title":{"rendered":"Cap\u00edtulo de A Nobreza do Amor: Fortunato descobre tudo amanh\u00e3 (5\/9)"},"content":{"rendered":"<p class=\"bullet mt-0\" data-v-4931800d=\"\"><strong>Alika descobre que Tonho sofreu um atentado e tenta entender o que est\u00e1 por tr\u00e1s da tocaia.<\/strong> A not\u00edcia chega enquanto a personagem lida com os planos de voltar a Batanga.<\/p>\n<p class=\"bullet\" data-v-4931800d=\"\"><strong>Belmira revela toda a verdade sobre Ritinha a Marta, e o segredo muda o rumo da fam\u00edlia.<\/strong> A revela\u00e7\u00e3o mexe com a discuss\u00e3o sobre a paternidade da menina.<\/p>\n<p class=\"bullet\" data-v-4931800d=\"\"><strong>Tonho e Casemiro descobrem que o matador fugiu e passam a desconfiar de uma arma\u00e7\u00e3o.<\/strong> Fortunato garante que vai encontrar o capanga e seguir a pista do mandante.<\/p>\n<p class=\"bullet\" data-v-4931800d=\"\"><strong>Depois, Tonho confronta Mirinho e coloca o rival contra a parede ap\u00f3s a tentativa de assassinato.<\/strong> Fortunato comenta com Manoel que acredita que foi Mirinho quem mandou matar Tonho.<\/p>\n<p>Neg\u00f3cios e disputa por poder<\/p>\n<p class=\"bullet\" data-v-4931800d=\"\"><strong>Bourgade seduz Jendal, que quer fechar neg\u00f3cio com os franceses mesmo com risco de retalia\u00e7\u00e3o.<\/strong> Campbell vira pe\u00e7a central na disputa e \u00e9 pressionado a rever acordos.<\/p>\n","protected":false},"excerpt":{"rendered":"Alika descobre que Tonho sofreu um atentado e tenta entender o que est\u00e1 por tr\u00e1s da tocaia. A&hellip;\n","protected":false},"author":2,"featured_media":512573,"comment_status":"","ping_status":"","sticky":false,"template":"","format":"standard","meta":{"footnotes":"","_share_on_mastodon":"0"},"categories":[142],"tags":[114,115,32,33,151],"class_list":["post-512572","post","type-post","status-publish","format-standard","has-post-thumbnail","category-tv","tag-entertainment","tag-entretenimento","tag-portugal","tag-pt","tag-tv"],"share_on_mastodon":{"url":"https:\/\/pubeurope.com\/@pt\/117217772581105734","error":""},"_links":{"self":[{"href":"https:\/\/www.europesays.com\/pt\/wp-json\/wp\/v2\/posts\/512572","targetHints":{"allow":["GET"]}}],"collection":[{"href":"https:\/\/www.europesays.com\/pt\/wp-json\/wp\/v2\/posts"}],"about":[{"href":"https:\/\/www.europesays.com\/pt\/wp-json\/wp\/v2\/types\/post"}],"author":[{"embeddable":true,"href":"https:\/\/www.europesays.com\/pt\/wp-json\/wp\/v2\/users\/2"}],"replies":[{"embeddable":true,"href":"https:\/\/www.europesays.com\/pt\/wp-json\/wp\/v2\/comments?post=512572"}],"version-history":[{"count":0,"href":"https:\/\/www.europesays.com\/pt\/wp-json\/wp\/v2\/posts\/512572\/revisions"}],"wp:featuredmedia":[{"embeddable":true,"href":"https:\/\/www.europesays.com\/pt\/wp-json\/wp\/v2\/media\/512573"}],"wp:attachment":[{"href":"https:\/\/www.europesays.com\/pt\/wp-json\/wp\/v2\/media?parent=512572"}],"wp:term":[{"taxonomy":"category","embeddable":true,"href":"https:\/\/www.europesays.com\/pt\/wp-json\/wp\/v2\/categories?post=512572"},{"taxonomy":"post_tag","embeddable":true,"href":"https:\/\/www.europesays.com\/pt\/wp-json\/wp\/v2\/tags?post=512572"}],"curies":[{"name":"wp","href":"https:\/\/api.w.org\/{rel}","templated":true}]}}