{"id":512582,"date":"2026-09-05T09:53:17","date_gmt":"2026-09-05T09:53:17","guid":{"rendered":"https:\/\/www.europesays.com\/pt\/512582\/"},"modified":"2026-09-05T09:53:17","modified_gmt":"2026-09-05T09:53:17","slug":"nicole-bahls-diz-que-a-fazenda-foi-um-divisor-de-aguas-voltaria-e-viveria-tudo-de-novo-record","status":"publish","type":"post","link":"https:\/\/www.europesays.com\/pt\/512582\/","title":{"rendered":"Nicole Bahls diz que A Fazenda foi um divisor de \u00e1guas: \u2018Voltaria e viveria tudo de novo!\u2019 \u2013 Record"},"content":{"rendered":"<p><img decoding=\"async\" data-chromatic=\"ignore\" alt=\"\" class=\"c-image\" loading=\"lazy\" src=\"https:\/\/www.europesays.com\/pt\/wp-content\/uploads\/2026\/09\/BAIJWP4NUJAHZOC3BICLSW5OZM.png\"  width=\"771\" height=\"419\"\/>Nicole Bahls lembrou da passagem por A Fazenda Reprodu\u00e7\u00e3o\/Instagram <\/p>\n<p class=\"jarvics:base-text-neutral-high-400 xovem:base-text-dark-high-400 base-text-[calc(theme(fontSize.xs)_*_var(--font-size,_1))] base-font-normal base-font-primary base-text-neutral-low-500 base-text-left\">Querida pelos f\u00e3s de <a href=\"https:\/\/record.r7.com\/a-fazenda\/a-fazenda-18\/\" target=\"_self\" rel=\"nofollow noopener\" title=\"https:\/\/record.r7.com\/a-fazenda\/a-fazenda-18\/\"><b>A Fazenda<\/b><\/a> e sempre lembrada em memes ic\u00f4nicos, <b>Nicole Bahls<\/b> abriu seu cora\u00e7\u00e3o nas redes sociais sobre suas participa\u00e7\u00f5es no reality rural. Se liga!<\/p>\n<p class=\"jarvics:base-text-neutral-high-400 xovem:base-text-dark-high-400 base-text-[calc(theme(fontSize.xs)_*_var(--font-size,_1))] base-font-normal base-font-primary base-text-neutral-low-500 base-text-left\">Nas redes, ela disse: \u201cSe tem uma coisa nessa vida que amo, \u00e9 trabalhar. Tem muitos lugares que me deram oportunidade, como o P\u00e2nico, depois vieram outros caminhos que tive a oportunidade de percorrer, que foram incr\u00edveis. E tem um caminho que foi muito especial, o convite para participar de A Fazenda\u201d. <\/p>\n<p class=\"jarvics:base-text-neutral-high-400 xovem:base-text-dark-high-400 base-text-[calc(theme(fontSize.xs)_*_var(--font-size,_1))] base-font-normal base-font-primary base-text-neutral-low-500 base-text-left\">Ela continuou: \u201cClaro que eu brigava. Tinha umas coisinhas que, hoje, com maturidade, se pudesse voltar atr\u00e1s, claro que n\u00e3o faria, n\u00e3o brigaria tanto. Pegaria menos no p\u00e9 do povo, no p\u00e9 da Viviane tamb\u00e9m! Mas fui muito feliz e, se pudesse voltar atr\u00e1s, em A Fazenda na <b>RECORD<\/b>, voltaria e viveria tudo de novo! Foi um divisor de \u00e1guas na minha vida e na minha carreira!\u201d<\/p>\n<p><b>Confira:<\/b><\/p>\n<blockquote class=\"twitter-tweet\">\n<p lang=\"pt\" dir=\"ltr\">Se tem uma coisa que eu amo nesta vida \u00e9 trabalhar! Sou grata a cada oportunidade que Deus me proporcionou, que me deu. A Fazenda \u00e9 uma delas. \ud83d\udc13\u2728<\/p>\n<p>Hoje em dia, com mais maturidade, faria muita coisa diferente no reality, mas o que n\u00e3o me arrependo \u00e9 de ter entrado. Foi um\u2026 <a href=\"https:\/\/t.co\/9VFFhXlzsy\" rel=\"nofollow\">pic.twitter.com\/9VFFhXlzsy<\/a><\/p>\n<p>\u2014 Nicole Bahls (@nicolebahls) <a href=\"https:\/\/x.com\/nicolebahls\/status\/2095555873271644489?ref_src=twsrc%5Etfw\" rel=\"nofollow\">September 3, 2026<\/a><\/p><\/blockquote>\n<p class=\"jarvics:base-text-neutral-high-400 xovem:base-text-dark-high-400 base-text-[calc(theme(fontSize.xs)_*_var(--font-size,_1))] base-font-normal base-font-primary base-text-neutral-low-500 base-text-left\"><a href=\"https:\/\/record.r7.com\/a-fazenda\/a-fazenda-18\/\" rel=\"nofollow noopener\" title=\"https:\/\/record.r7.com\/a-fazenda\/a-fazenda-18\/\" target=\"_blank\"><b>A Fazenda 18<\/b><\/a> estreia no dia 14 de setembro. Fique ligado no <b>site oficial<\/b> da <b>RECORD <\/b>para acompanhar todas as novidades. Acesse o <a href=\"https:\/\/www.recordplus.com\/home\" rel=\"nofollow noopener\" title=\"https:\/\/www.recordplus.com\/home\" target=\"_blank\"><b>RecordPlus<\/b><\/a><b> <\/b>para rever as emo\u00e7\u00f5es das temporadas anteriores.<\/p>\n<p><b>Fogo no feno! Carelli revela 7 novidades sobre o elenco de A Fazenda 18<\/b><\/p>\n<p class=\"jarvics:base-text-neutral-high-400 xovem:base-text-dark-high-400 base-text-[calc(theme(fontSize.xxs)_*_var(--font-size,_1))] base-font-semibold base-font-primary base-text-neutral-low-500 base-text-left\">Rodrigo Carelli abriu a porteira de spoilers oficiais sobre o elenco de A Fazenda 18! Em uma entrevista descontra\u00edda ao Link Podcast, o diretor do n\u00facleo de realities da RECORD soltou diversas pistas. Confira sete delas!<\/p>\n<p><script async src=\"https:\/\/platform.twitter.com\/widgets.js\" charset=\"utf-8\"><\/script><\/p>\n","protected":false},"excerpt":{"rendered":"Nicole Bahls lembrou da passagem por A Fazenda Reprodu\u00e7\u00e3o\/Instagram Querida pelos f\u00e3s de A Fazenda e sempre lembrada&hellip;\n","protected":false},"author":2,"featured_media":512583,"comment_status":"","ping_status":"","sticky":false,"template":"","format":"standard","meta":{"footnotes":"","_share_on_mastodon":"0"},"categories":[142],"tags":[657,114,115,32,33,151],"class_list":["post-512582","post","type-post","status-publish","format-standard","has-post-thumbnail","category-tv","tag-a-fazenda","tag-entertainment","tag-entretenimento","tag-portugal","tag-pt","tag-tv"],"share_on_mastodon":{"url":"https:\/\/pubeurope.com\/@pt\/117217828277709036","error":""},"_links":{"self":[{"href":"https:\/\/www.europesays.com\/pt\/wp-json\/wp\/v2\/posts\/512582","targetHints":{"allow":["GET"]}}],"collection":[{"href":"https:\/\/www.europesays.com\/pt\/wp-json\/wp\/v2\/posts"}],"about":[{"href":"https:\/\/www.europesays.com\/pt\/wp-json\/wp\/v2\/types\/post"}],"author":[{"embeddable":true,"href":"https:\/\/www.europesays.com\/pt\/wp-json\/wp\/v2\/users\/2"}],"replies":[{"embeddable":true,"href":"https:\/\/www.europesays.com\/pt\/wp-json\/wp\/v2\/comments?post=512582"}],"version-history":[{"count":0,"href":"https:\/\/www.europesays.com\/pt\/wp-json\/wp\/v2\/posts\/512582\/revisions"}],"wp:featuredmedia":[{"embeddable":true,"href":"https:\/\/www.europesays.com\/pt\/wp-json\/wp\/v2\/media\/512583"}],"wp:attachment":[{"href":"https:\/\/www.europesays.com\/pt\/wp-json\/wp\/v2\/media?parent=512582"}],"wp:term":[{"taxonomy":"category","embeddable":true,"href":"https:\/\/www.europesays.com\/pt\/wp-json\/wp\/v2\/categories?post=512582"},{"taxonomy":"post_tag","embeddable":true,"href":"https:\/\/www.europesays.com\/pt\/wp-json\/wp\/v2\/tags?post=512582"}],"curies":[{"name":"wp","href":"https:\/\/api.w.org\/{rel}","templated":true}]}}