{"id":512588,"date":"2026-09-05T09:58:17","date_gmt":"2026-09-05T09:58:17","guid":{"rendered":"https:\/\/www.europesays.com\/pt\/512588\/"},"modified":"2026-09-05T09:58:17","modified_gmt":"2026-09-05T09:58:17","slug":"uma-presenca-muito-especial-maria-botelho-moniz-e-pedro-bianchi-prata-nos-bracos-um-do-outro-o-momento-dos-bastidores-que-esta-a-derreter-os-fas-big-brother-verao-2026-ultimas-noticias-videos-e","status":"publish","type":"post","link":"https:\/\/www.europesays.com\/pt\/512588\/","title":{"rendered":"Uma presen\u00e7a muito especial: Maria Botelho Moniz e Pedro Bianchi Prata nos bra\u00e7os um do outro. O momento dos bastidores que est\u00e1 a derreter os f\u00e3s &#8211; Big Brother Ver\u00e3o 2026: \u00daltimas Not\u00edcias, V\u00eddeos e Diretos"},"content":{"rendered":"<p>Antes de assumir a condu\u00e7\u00e3o da derradeira gala do reality show, <a href=\"https:\/\/tvi.iol.pt\/bigbrother\/maria-botelho-moniz\/filho\/internet-vai-abaixo-com-novo-video-do-filho-de-maria-botelho-moniz-e-fora-do-normal\" rel=\"nofollow noopener\" target=\"_blank\"><strong>Maria Botelho Moniz teve assim um apoio muito especial bem perto de si: Pedro Bianchi Prata.<\/strong><\/a> O casal protagonizou um momento de grande cumplicidade, surgindo abra\u00e7ado nos bastidores, numa demonstra\u00e7\u00e3o de carinho que rapidamente conquistou os f\u00e3s.<\/p>\n<p>Nas imagens, Maria Botelho Moniz e Pedro Bianchi Prata surgem <strong>nos bra\u00e7os um do outro<\/strong>, num abra\u00e7o que transmite todo o carinho e apoio que os une. Um momento simples, mas que n\u00e3o passou despercebido a quem acompanha a vida do casal.<\/p>\n<p>Pedro Bianchi Prata fez quest\u00e3o de marcar presen\u00e7a nesta noite t\u00e3o importante para a companheira e mostrou, uma vez mais, que \u00e9 um dos seus maiores apoiantes.\u00a0<\/p>\n<p>O <strong>momento dos bastidores<\/strong> acabou, naturalmente, por derreter os f\u00e3s, que n\u00e3o ficaram indiferentes \u00e0 cumplicidade protagonizada pelo casal. Afinal, por tr\u00e1s das luzes, das c\u00e2maras e do direto, houve espa\u00e7o para um abra\u00e7o cheio de carinho numa noite muito especial para Maria Botelho Moniz.<\/p>\n<p><strong>Veja o v\u00eddeo.<\/strong><\/p>\n<p>\u00a0<\/p>\n","protected":false},"excerpt":{"rendered":"Antes de assumir a condu\u00e7\u00e3o da derradeira gala do reality show, Maria Botelho Moniz teve assim um apoio&hellip;\n","protected":false},"author":2,"featured_media":512589,"comment_status":"","ping_status":"","sticky":false,"template":"","format":"standard","meta":{"footnotes":"","_share_on_mastodon":"0"},"categories":[85],"tags":[5294,331,48,333,328,335,336,114,115,334,332,330,338,13,4089,32,33,162,227,10732],"class_list":["post-512588","post","type-post","status-publish","format-standard","has-post-thumbnail","category-entretenimento","tag-bastidores","tag-big","tag-big-brother","tag-comentadores","tag-concorrentes","tag-confrontos","tag-discussoes","tag-entertainment","tag-entretenimento","tag-exclusivos","tag-expulso","tag-gala","tag-maria-botelho-moniz","tag-noticias","tag-pedro-bianchi-prata","tag-portugal","tag-pt","tag-tvi","tag-videos","tag-viral"],"share_on_mastodon":{"url":"","error":""},"_links":{"self":[{"href":"https:\/\/www.europesays.com\/pt\/wp-json\/wp\/v2\/posts\/512588","targetHints":{"allow":["GET"]}}],"collection":[{"href":"https:\/\/www.europesays.com\/pt\/wp-json\/wp\/v2\/posts"}],"about":[{"href":"https:\/\/www.europesays.com\/pt\/wp-json\/wp\/v2\/types\/post"}],"author":[{"embeddable":true,"href":"https:\/\/www.europesays.com\/pt\/wp-json\/wp\/v2\/users\/2"}],"replies":[{"embeddable":true,"href":"https:\/\/www.europesays.com\/pt\/wp-json\/wp\/v2\/comments?post=512588"}],"version-history":[{"count":0,"href":"https:\/\/www.europesays.com\/pt\/wp-json\/wp\/v2\/posts\/512588\/revisions"}],"wp:featuredmedia":[{"embeddable":true,"href":"https:\/\/www.europesays.com\/pt\/wp-json\/wp\/v2\/media\/512589"}],"wp:attachment":[{"href":"https:\/\/www.europesays.com\/pt\/wp-json\/wp\/v2\/media?parent=512588"}],"wp:term":[{"taxonomy":"category","embeddable":true,"href":"https:\/\/www.europesays.com\/pt\/wp-json\/wp\/v2\/categories?post=512588"},{"taxonomy":"post_tag","embeddable":true,"href":"https:\/\/www.europesays.com\/pt\/wp-json\/wp\/v2\/tags?post=512588"}],"curies":[{"name":"wp","href":"https:\/\/api.w.org\/{rel}","templated":true}]}}