{"id":512594,"date":"2026-09-05T10:07:20","date_gmt":"2026-09-05T10:07:20","guid":{"rendered":"https:\/\/www.europesays.com\/pt\/512594\/"},"modified":"2026-09-05T10:07:20","modified_gmt":"2026-09-05T10:07:20","slug":"sbt-formaliza-proposta-de-r-150-milhoes-por-direitos-da-copa-do-brasil-ate-2030","status":"publish","type":"post","link":"https:\/\/www.europesays.com\/pt\/512594\/","title":{"rendered":"SBT formaliza proposta de R$ 150 milh\u00f5es por direitos da Copa do Brasil at\u00e9 2030"},"content":{"rendered":"<p class=\"pb-6 break-words text-lg leading-normal font-normal group-[.isActiveSource]:text-xl\">O <strong class=\"font-bold group-[.isActiveSource]:text-xl\">SBT<\/strong> entrou na disputa pelos direitos de transmiss\u00e3o da <a href=\"https:\/\/www.itatiaia.com.br\/esportes\/futebol\/futebol-nacional\/copa-do-brasil\/\" class=\"underline font-medium break-words group-[.isActiveSource]:text-xl text-green-800 hover:opacity-80 hover:no-underline\" target=\"_self\" rel=\"nofollow noopener\"><strong class=\"font-bold group-[.isActiveSource]:text-xl\">Copa do Brasil<\/strong><\/a> para o per\u00edodo de 2027 a 2030. A emissora formalizou uma proposta de <strong class=\"font-bold group-[.isActiveSource]:text-xl\">R$ 150 milh\u00f5es<\/strong> para adquirir parte dos direitos da competi\u00e7\u00e3o e pretende exibir de um a dois jogos por rodada.<\/p>\n<p class=\"pb-6 break-words text-lg leading-normal font-normal group-[.isActiveSource]:text-xl\">A proposta faz parte do processo de defini\u00e7\u00e3o dos detentores dos direitos de transmiss\u00e3o para as pr\u00f3ximas temporadas. A negocia\u00e7\u00e3o ainda est\u00e1 em andamento, e a oferta apresentada pelo SBT n\u00e3o garante, neste momento, a participa\u00e7\u00e3o da emissora na transmiss\u00e3o do torneio a partir de 2027.<\/p>\n<p class=\"pb-6 break-words text-lg leading-normal font-normal group-[.isActiveSource]:text-xl\">Atualmente, os direitos da Copa do Brasil est\u00e3o divididos entre diferentes plataformas. A Globo transmite partidas na TV aberta, enquanto sportv e Premiere, do mesmo grupo, exibem jogos na TV por assinatura e no pay-per-view. O Amazon Prime Video tamb\u00e9m possui direitos de transmiss\u00e3o da competi\u00e7\u00e3o.<\/p>\n<p class=\"pb-6 break-words text-lg leading-normal font-normal group-[.isActiveSource]:text-xl\">Caso a proposta seja aceita, o SBT voltar\u00e1 a transmitir a Copa do Brasil ap\u00f3s j\u00e1 ter exibido partidas do torneio em outros per\u00edodos. A emissora tamb\u00e9m possui atualmente direitos de outras competi\u00e7\u00f5es do futebol brasileiro e tem como principais locutores Galv\u00e3o Bueno e Tiago Leifert.<\/p>\n<p class=\"pb-6 break-words text-lg leading-normal font-normal group-[.isActiveSource]:text-xl\">A defini\u00e7\u00e3o dos novos acordos ser\u00e1 v\u00e1lida para o ciclo entre 2027 e 2030. At\u00e9 l\u00e1, Globo, sportv, Premiere e Amazon Prime Video seguem como as plataformas que possuem os direitos de transmiss\u00e3o da competi\u00e7\u00e3o no ciclo vigente.<\/p>\n","protected":false},"excerpt":{"rendered":"O SBT entrou na disputa pelos direitos de transmiss\u00e3o da Copa do Brasil para o per\u00edodo de 2027&hellip;\n","protected":false},"author":2,"featured_media":512595,"comment_status":"","ping_status":"","sticky":false,"template":"","format":"standard","meta":{"footnotes":"","_share_on_mastodon":"0"},"categories":[142],"tags":[114,115,32,33,151],"class_list":["post-512594","post","type-post","status-publish","format-standard","has-post-thumbnail","category-tv","tag-entertainment","tag-entretenimento","tag-portugal","tag-pt","tag-tv"],"share_on_mastodon":{"url":"https:\/\/pubeurope.com\/@pt\/117217882489688300","error":""},"_links":{"self":[{"href":"https:\/\/www.europesays.com\/pt\/wp-json\/wp\/v2\/posts\/512594","targetHints":{"allow":["GET"]}}],"collection":[{"href":"https:\/\/www.europesays.com\/pt\/wp-json\/wp\/v2\/posts"}],"about":[{"href":"https:\/\/www.europesays.com\/pt\/wp-json\/wp\/v2\/types\/post"}],"author":[{"embeddable":true,"href":"https:\/\/www.europesays.com\/pt\/wp-json\/wp\/v2\/users\/2"}],"replies":[{"embeddable":true,"href":"https:\/\/www.europesays.com\/pt\/wp-json\/wp\/v2\/comments?post=512594"}],"version-history":[{"count":0,"href":"https:\/\/www.europesays.com\/pt\/wp-json\/wp\/v2\/posts\/512594\/revisions"}],"wp:featuredmedia":[{"embeddable":true,"href":"https:\/\/www.europesays.com\/pt\/wp-json\/wp\/v2\/media\/512595"}],"wp:attachment":[{"href":"https:\/\/www.europesays.com\/pt\/wp-json\/wp\/v2\/media?parent=512594"}],"wp:term":[{"taxonomy":"category","embeddable":true,"href":"https:\/\/www.europesays.com\/pt\/wp-json\/wp\/v2\/categories?post=512594"},{"taxonomy":"post_tag","embeddable":true,"href":"https:\/\/www.europesays.com\/pt\/wp-json\/wp\/v2\/tags?post=512594"}],"curies":[{"name":"wp","href":"https:\/\/api.w.org\/{rel}","templated":true}]}}