{"id":512632,"date":"2026-09-05T10:52:25","date_gmt":"2026-09-05T10:52:25","guid":{"rendered":"https:\/\/www.europesays.com\/pt\/512632\/"},"modified":"2026-09-05T10:52:25","modified_gmt":"2026-09-05T10:52:25","slug":"leo-dias-reduz-rotina-na-band-e-volta-a-morar-em-pernambuco-preciso-me-reconectar","status":"publish","type":"post","link":"https:\/\/www.europesays.com\/pt\/512632\/","title":{"rendered":"L\u00e9o Dias reduz rotina na Band e volta a morar em Pernambuco: \u2018Preciso me reconectar\u2019"},"content":{"rendered":"<p class=\"PDq2pG_selectionAnchorContainer\" data-start=\"636\" data-end=\"990\">L\u00e9o Dias anunciou mudan\u00e7as em sua rotina profissional na Band. O jornalista decidiu diminuir sua presen\u00e7a nos est\u00fadios do Melhor da Tarde, em S\u00e3o Paulo, para passar mais tempo em Pernambuco, onde mant\u00e9m uma resid\u00eancia na Reserva do Paiva, no munic\u00edpio de Cabo de Santo Agostinho, na Regi\u00e3o Metropolitana do Recife.<\/p>\n<p data-start=\"992\" data-end=\"1323\">A nova rotina come\u00e7ar\u00e1 a ser experimentada j\u00e1 na pr\u00f3xima semana. A princ\u00edpio, L\u00e9o pretende passar uma semana em S\u00e3o Paulo e outra em Pernambuco. Durante os per\u00edodos longe dos est\u00fadios da emissora, continuar\u00e1 participando do programa por meio de entradas ao vivo realizadas de sua pr\u00f3pria casa.<\/p>\n<blockquote data-start=\"1325\" data-end=\"1436\">\n<p data-start=\"1327\" data-end=\"1436\">\u201cA partir de semana que vem, vai ser uma semana l\u00e1, uma semana c\u00e1\u201d, explicou o jornalista durante o programa.<\/p>\n<\/blockquote>\n<p data-start=\"1438\" data-end=\"1562\">L\u00e9o chegou a mencionar a possibilidade de uma edi\u00e7\u00e3o inteira do Melhor da Tarde ser transmitida diretamente de Pernambuco.<\/p>\n<p>L\u00e9o Dias vai sair do \u2018Melhor da Tarde\u2019?<\/p>\n<p data-start=\"1608\" data-end=\"1935\">A mudan\u00e7a ser\u00e1 ainda maior a partir de 2027. O jornalista afirmou que n\u00e3o pretende continuar diariamente nos est\u00fadios do vespertino, mas esclareceu que isso n\u00e3o significa uma sa\u00edda da Band. Ele dever\u00e1 permanecer ligado \u00e0 emissora com participa\u00e7\u00f5es especiais, reportagens e outros projetos.<\/p>\n<p data-start=\"1937\" data-end=\"2175\">L\u00e9o tamb\u00e9m negou que esteja negociando uma transfer\u00eancia para outra emissora. Segundo o apresentador, a decis\u00e3o est\u00e1 relacionada \u00e0 necessidade de reduzir a rotina em S\u00e3o Paulo e recuperar uma maior proximidade com Pernambuco e o Nordeste.<\/p>\n<p data-start=\"2177\" data-end=\"2349\">Durante o an\u00fancio, o jornalista relatou que ainda n\u00e3o conseguiu criar v\u00ednculos pessoais na capital paulista e que o ritmo di\u00e1rio de trabalho acabou se tornando desgastante.<\/p>\n<p data-start=\"2351\" data-end=\"2438\">\u201cPreciso me reconectar com o Nordeste\u201d, declarou.<\/p>\n<p>Novo programa na Band<\/p>\n<p data-start=\"2466\" data-end=\"2569\">A mudan\u00e7a no Melhor da Tarde acontece enquanto L\u00e9o Dias prepara outro projeto dentro da pr\u00f3pria Band.<\/p>\n<p data-start=\"2571\" data-end=\"2825\">O jornalista comandar\u00e1 o <strong data-start=\"2596\" data-end=\"2621\">\u201cDossi\u00ea Celebridades\u201d<\/strong>, atra\u00e7\u00e3o semanal em formato documental dedicada a hist\u00f3rias envolvendo personalidades brasileiras. Segundo a emissora, a estreia est\u00e1 prevista para <strong data-start=\"2770\" data-end=\"2786\">7 de outubro<\/strong>.<\/p>\n<p data-start=\"2827\" data-end=\"3028\">O primeiro epis\u00f3dio ser\u00e1 dedicado \u00e0 pris\u00e3o do cantor Belo e promete revisitar o caso a partir de novas apura\u00e7\u00f5es. Outros epis\u00f3dios dever\u00e3o abordar hist\u00f3rias e conflitos envolvendo famosos e a imprensa.<\/p>\n<p data-start=\"3030\" data-end=\"3266\">L\u00e9o afirmou que o novo formato representa a realiza\u00e7\u00e3o de um antigo desejo profissional e permitir\u00e1 aprofundar hist\u00f3rias que normalmente n\u00e3o cabem na din\u00e2mica di\u00e1ria dos programas de entretenimento.<\/p>\n<p>Rela\u00e7\u00e3o de L\u00e9o Dias com Pernambuco<\/p>\n<p data-start=\"3307\" data-end=\"3555\">Apesar de ser carioca, L\u00e9o Dias mant\u00e9m uma forte liga\u00e7\u00e3o com Pernambuco h\u00e1 alguns anos. Ele passou a viver no estado em 2020, durante a pandemia de Covid-19, estabelecendo-se posteriormente na Reserva do Paiva.<\/p>\n<p data-start=\"3557\" data-end=\"3871\">O jornalista j\u00e1 relatou que encontrou na regi\u00e3o uma rotina mais tranquila em um per\u00edodo delicado de sua vida. Agora, a resid\u00eancia tamb\u00e9m dever\u00e1 funcionar como uma esp\u00e9cie de extens\u00e3o de seu trabalho na televis\u00e3o, servindo de cen\u00e1rio para entradas ao vivo no Melhor da Tarde.<\/p>\n<p data-start=\"3873\" data-end=\"4057\">Com a mudan\u00e7a, L\u00e9o pretende conciliar a perman\u00eancia em Pernambuco com seus compromissos profissionais na Band, deixando para tr\u00e1s, gradualmente, a rotina di\u00e1ria nos est\u00fadios paulistas.<\/p>\n<p data-start=\"4059\" data-end=\"4077\"><strong data-start=\"4059\" data-end=\"4077\">Da Isto\u00c9 Gente<\/strong><\/p>\n<p>Leia mais<\/p>\n<p><a href=\"https:\/\/motorshow.com.br\/vendas-de-veiculos-leves-agosto-2026\" target=\"_blank\" rel=\"noopener nofollow\">Vendas em agosto: carros chineses tiveram 23,1% do mercado e eletrificados foram 24,3% das vendas<\/a><\/p>\n","protected":false},"excerpt":{"rendered":"L\u00e9o Dias anunciou mudan\u00e7as em sua rotina profissional na Band. O jornalista decidiu diminuir sua presen\u00e7a nos est\u00fadios&hellip;\n","protected":false},"author":2,"featured_media":512633,"comment_status":"","ping_status":"","sticky":false,"template":"","format":"standard","meta":{"footnotes":"","_share_on_mastodon":"0"},"categories":[142],"tags":[114,115,32,33,151],"class_list":["post-512632","post","type-post","status-publish","format-standard","has-post-thumbnail","category-tv","tag-entertainment","tag-entretenimento","tag-portugal","tag-pt","tag-tv"],"share_on_mastodon":{"url":"https:\/\/pubeurope.com\/@pt\/117218059450846147","error":""},"_links":{"self":[{"href":"https:\/\/www.europesays.com\/pt\/wp-json\/wp\/v2\/posts\/512632","targetHints":{"allow":["GET"]}}],"collection":[{"href":"https:\/\/www.europesays.com\/pt\/wp-json\/wp\/v2\/posts"}],"about":[{"href":"https:\/\/www.europesays.com\/pt\/wp-json\/wp\/v2\/types\/post"}],"author":[{"embeddable":true,"href":"https:\/\/www.europesays.com\/pt\/wp-json\/wp\/v2\/users\/2"}],"replies":[{"embeddable":true,"href":"https:\/\/www.europesays.com\/pt\/wp-json\/wp\/v2\/comments?post=512632"}],"version-history":[{"count":0,"href":"https:\/\/www.europesays.com\/pt\/wp-json\/wp\/v2\/posts\/512632\/revisions"}],"wp:featuredmedia":[{"embeddable":true,"href":"https:\/\/www.europesays.com\/pt\/wp-json\/wp\/v2\/media\/512633"}],"wp:attachment":[{"href":"https:\/\/www.europesays.com\/pt\/wp-json\/wp\/v2\/media?parent=512632"}],"wp:term":[{"taxonomy":"category","embeddable":true,"href":"https:\/\/www.europesays.com\/pt\/wp-json\/wp\/v2\/categories?post=512632"},{"taxonomy":"post_tag","embeddable":true,"href":"https:\/\/www.europesays.com\/pt\/wp-json\/wp\/v2\/tags?post=512632"}],"curies":[{"name":"wp","href":"https:\/\/api.w.org\/{rel}","templated":true}]}}