{"id":512642,"date":"2026-09-05T11:07:11","date_gmt":"2026-09-05T11:07:11","guid":{"rendered":"https:\/\/www.europesays.com\/pt\/512642\/"},"modified":"2026-09-05T11:07:11","modified_gmt":"2026-09-05T11:07:11","slug":"todas-as-fotos-do-episodio-5-da-3a-temporada-de-the-walking-dead-dead-city","status":"publish","type":"post","link":"https:\/\/www.europesays.com\/pt\/512642\/","title":{"rendered":"Todas as fotos do Epis\u00f3dio 5 da 3\u00aa Temporada de The Walking Dead: Dead City"},"content":{"rendered":"<p><strong>Aten\u00e7\u00e3o! Este conte\u00fado cont\u00e9m SPOILERS do quinto epis\u00f3dio, <a href=\"https:\/\/walkingdeadbr.com\/the-walking-dead-dead-city-s03e05-imperialis\/\" rel=\"nofollow noopener\" target=\"_blank\">S03E05 \u2013 \u201cImperialis\u201d<\/a> (Imperial), da 3\u00aa temporada de <strong>The Walking Dead: Dead City<\/strong>. Caso ainda n\u00e3o tenha assistido, n\u00e3o continue. Voc\u00ea foi avisado!<\/strong><\/p>\n<p>Ap\u00f3s a destrui\u00e7\u00e3o do dep\u00f3sito de alimentos causada pela cratera que se abriu no final do epis\u00f3dio anterior, a comunidade de Manhattan enfrenta uma situa\u00e7\u00e3o ainda mais desesperadora com a <strong>escassez de comida e recursos<\/strong>.<\/p>\n<p>Diante do problema, <strong>Maggie<\/strong> (Lauren Cohan) organiza uma perigosa miss\u00e3o para capturar uma grande quantidade de walkers no <strong>Empire State Building<\/strong>. Para realizar a tarefa, ela conta com <strong>Negan<\/strong> (Jeffrey Dean Morgan), <strong>Dillard<\/strong> (Jimmi Simpson), <strong>Renata<\/strong> (Aimee Garcia) e uma equipe formada pelos sobreviventes mais habilidosos da comunidade.<\/p>\n<p>O plano envolve conduzir centenas de mortos-vivos para fora do pr\u00e9dio e lev\u00e1-los at\u00e9 o local onde poder\u00e3o ser utilizados na <strong>produ\u00e7\u00e3o de metano<\/strong>, garantindo uma nova fonte de energia para a comunidade.<\/p>\n<p>Durante a opera\u00e7\u00e3o, <strong>Solmari<\/strong>, engenheira e prima de Renata, quase cai para a morte enquanto ajuda o grupo. Apesar do perigo, os sobreviventes conseguem concluir a miss\u00e3o com sucesso e capturar walkers suficientes para manter a comunidade funcionando.<\/p>\n<p><strong>LEIA TAMB\u00c9M:<\/strong><br \/>\u2022 <a href=\"https:\/\/walkingdeadbr.com\/the-walking-dead-dead-city-s03e05-quem-morreu\/\" rel=\"nofollow noopener\" target=\"_blank\">Quem morreu no Epis\u00f3dio 5 da 3\u00aa Temporada de The Walking Dead: Dead City?<\/a><br \/>\u2022 <a href=\"https:\/\/walkingdeadbr.com\/the-walking-dead-dead-city-3-temporada-titulos\/\" rel=\"nofollow noopener\" target=\"_blank\">Todos os epis\u00f3dios da 3\u00aa temporada de The Walking Dead: Dead City<\/a><\/p>\n<p>Solmari ent\u00e3o desenvolve uma nova estrat\u00e9gia utilizando o <strong>metr\u00f4 de Nova York<\/strong>. A engenheira cria uma armadilha para atrair e capturar ainda mais walkers, o que pode solucionar de maneira permanente o problema de abastecimento de energia de Manhattan.<\/p>\n<p>Ap\u00f3s o sucesso da miss\u00e3o, os sobreviventes se re\u00fanem no bar de <strong>Dillard<\/strong> para comemorar. O personagem, que durante muito tempo foi tratado como um estranho pelos demais, finalmente encontra um grupo que aceita suas particularidades e celebra ao lado de seus novos amigos.<\/p>\n<p>Maggie e Negan tamb\u00e9m acabam bebendo juntos. Em determinado momento, Negan comenta que os dois poderiam ter sido amigos em outra vida, caso tivessem se conhecido em circunst\u00e2ncias diferentes. A declara\u00e7\u00e3o deixa Maggie desconfort\u00e1vel diante de tudo o que aconteceu entre eles.<\/p>\n<p>Enquanto isso, <strong>Luis<\/strong> (Ra\u00fal Castillo) sofre com a possibilidade de sua esposa estar morta. Ao perceber o quanto o amigo est\u00e1 abalado, <strong>Hershel<\/strong> (Logan Kim) decide homenage\u00e1-la pintando um mural em sua mem\u00f3ria. Mas nem todos est\u00e3o satisfeitos com os rumos da comunidade.<\/p>\n<p><strong>Fabian<\/strong> (Michael Emery) fica cada vez mais insatisfeito com a lideran\u00e7a de Maggie e Renata. Depois de ser descoberto roubando alimentos do estoque para alimentar sua pr\u00f3pria fam\u00edlia e ser exposto publicamente por Renata, ele decide agir contra as duas.<\/p>\n<p>Fabian chega a conversar com Negan e demonstra sua inten\u00e7\u00e3o de fazer algo contra Maggie. Por\u00e9m, quando amea\u00e7a a vida dela, comete um erro fatal. Mesmo contra as ordens de Renata, <strong>Negan mata Fabian com um tiro na cabe\u00e7a<\/strong> e deixa claro que n\u00e3o permitir\u00e1 que ela o prenda por suas a\u00e7\u00f5es.<\/p>\n<p>Renata ent\u00e3o promete voltar acompanhada de mais pessoas e armas para lidar com Negan. A resposta do ex-l\u00edder dos Salvadores \u00e9 t\u00edpica de Negan: ele desafia Renata a voltar e tentar.<\/p>\n<p>Galeria de fotos do Epis\u00f3dio 5<\/p>\n<p><strong>S03E05 \u2013 \u201cImperialis\u201d<\/strong> estreou nos Estados Unidos no domingo (23), atrav\u00e9s da plataforma AMC+, e foi exibido no mesmo dia pelo canal AMC. At\u00e9 o momento desta publica\u00e7\u00e3o, a <strong>3\u00aa temporada de The Walking Dead: Dead City<\/strong> ainda n\u00e3o possui uma data de lan\u00e7amento oficial no Brasil.<\/p>\n<p>Confira abaixo <strong>38 imagens oficiais em alta defini\u00e7\u00e3o<\/strong> do quinto epis\u00f3dio da 3\u00aa temporada de Dead City.<\/p>\n<p><a href=\"https:\/\/www.thewalkingdeadbrasil.com.br\/index.php?cat=873\" target=\"_blank\" rel=\"noopener nofollow\"><img data-lazyloaded=\"1\" fetchpriority=\"high\" decoding=\"async\" src=\"https:\/\/www.europesays.com\/pt\/wp-content\/uploads\/2026\/09\/the-walking-dead-dead-city-s03e05-fotos-promocionais-001.jpg\" alt=\"\" width=\"1200\" height=\"934\" class=\"alignnone size-full wp-image-88215\"  data-\/><\/a><\/p>\n<p>Fotos: Robert Clark\/AMC.<\/p>\n","protected":false},"excerpt":{"rendered":"Aten\u00e7\u00e3o! Este conte\u00fado cont\u00e9m SPOILERS do quinto epis\u00f3dio, S03E05 \u2013 \u201cImperialis\u201d (Imperial), da 3\u00aa temporada de The Walking&hellip;\n","protected":false},"author":2,"featured_media":512643,"comment_status":"","ping_status":"","sticky":false,"template":"","format":"standard","meta":{"footnotes":"","_share_on_mastodon":"0"},"categories":[142],"tags":[114,115,32,33,151],"class_list":["post-512642","post","type-post","status-publish","format-standard","has-post-thumbnail","category-tv","tag-entertainment","tag-entretenimento","tag-portugal","tag-pt","tag-tv"],"share_on_mastodon":{"url":"https:\/\/pubeurope.com\/@pt\/117218119024103190","error":""},"_links":{"self":[{"href":"https:\/\/www.europesays.com\/pt\/wp-json\/wp\/v2\/posts\/512642","targetHints":{"allow":["GET"]}}],"collection":[{"href":"https:\/\/www.europesays.com\/pt\/wp-json\/wp\/v2\/posts"}],"about":[{"href":"https:\/\/www.europesays.com\/pt\/wp-json\/wp\/v2\/types\/post"}],"author":[{"embeddable":true,"href":"https:\/\/www.europesays.com\/pt\/wp-json\/wp\/v2\/users\/2"}],"replies":[{"embeddable":true,"href":"https:\/\/www.europesays.com\/pt\/wp-json\/wp\/v2\/comments?post=512642"}],"version-history":[{"count":0,"href":"https:\/\/www.europesays.com\/pt\/wp-json\/wp\/v2\/posts\/512642\/revisions"}],"wp:featuredmedia":[{"embeddable":true,"href":"https:\/\/www.europesays.com\/pt\/wp-json\/wp\/v2\/media\/512643"}],"wp:attachment":[{"href":"https:\/\/www.europesays.com\/pt\/wp-json\/wp\/v2\/media?parent=512642"}],"wp:term":[{"taxonomy":"category","embeddable":true,"href":"https:\/\/www.europesays.com\/pt\/wp-json\/wp\/v2\/categories?post=512642"},{"taxonomy":"post_tag","embeddable":true,"href":"https:\/\/www.europesays.com\/pt\/wp-json\/wp\/v2\/tags?post=512642"}],"curies":[{"name":"wp","href":"https:\/\/api.w.org\/{rel}","templated":true}]}}