{"id":512702,"date":"2026-09-05T12:20:14","date_gmt":"2026-09-05T12:20:14","guid":{"rendered":"https:\/\/www.europesays.com\/pt\/512702\/"},"modified":"2026-09-05T12:20:14","modified_gmt":"2026-09-05T12:20:14","slug":"as-cores-do-coracao-05-09-2026-ruy-castro","status":"publish","type":"post","link":"https:\/\/www.europesays.com\/pt\/512702\/","title":{"rendered":"As cores do cora\u00e7\u00e3o &#8211; 05\/09\/2026 &#8211; Ruy Castro"},"content":{"rendered":"<p>H\u00e1 dias, um <a href=\"https:\/\/ge.globo.com\/futebol\/times\/corinthians\/noticia\/2026\/09\/04\/corinthians-e-multado-pelo-stjd-por-ofensas-a-garoto-que-ganhou-camisa-de-neymar.ghtml\" rel=\"nofollow noopener\" target=\"_blank\">garoto de 8 anos levantou uma placa no jogo contra o Santos na Neo Qu\u00edmica Arena:<\/a> &#8220;<a href=\"https:\/\/www1.folha.uol.com.br\/folha-topicos\/neymar\/\" rel=\"nofollow noopener\" target=\"_blank\">Neymar<\/a>, amo o <a href=\"https:\/\/www1.folha.uol.com.br\/folha-topicos\/corinthians\/\" rel=\"nofollow noopener\" target=\"_blank\">Corinthians<\/a>, mas sou seu f\u00e3. Me d\u00e1 sua camisa?&#8221;. Pediu e recebeu. Por causa disso, ouviu um coro de urros, insultos e amea\u00e7as de um grupo de torcedores corintianos. O risco de linchamento levou sua m\u00e3e a retir\u00e1-lo do est\u00e1dio sob prote\u00e7\u00e3o policial. O Corinthians condenou os brutamontes. Pergunto-me o que essa crian\u00e7a levar\u00e1 pelo resto da vida \u2014profunda repulsa pelo ser dito humano ou a certeza de que nada \u00e9 mais importante do que a toler\u00e2ncia?<\/p>\n<p>Se for crime vestir a camisa do advers\u00e1rio, muitas pessoas ilustres j\u00e1 deveriam ter pagado por isso. Em sua edi\u00e7\u00e3o de 14 de julho de 1979, a revista Manchete abriu uma reportagem sobre Nelson Rodrigues e Zico com uma incr\u00edvel foto de Paulo Scheuenstuhl, em que o dramaturgo, hist\u00f3rico torcedor do Fluminense, veste a camisa do <a href=\"https:\/\/www1.folha.uol.com.br\/folha-topicos\/flamengo\/\" rel=\"nofollow noopener\" target=\"_blank\">Flamengo<\/a>. Por sua vez, no dia 24 de mar\u00e7o de 1993, Zico, s\u00edmbolo do Flamengo, atuou no Maracan\u00e3 com a camisa 9 do Vasco no jogo de despedida de seu grande amigo Roberto Dinamite. O mundo n\u00e3o acabou.<\/p>\n<p>Flamengo e Vasco vivem uma das piores rivalidades do <a href=\"https:\/\/www1.folha.uol.com.br\/folha-topicos\/futebol\/\" rel=\"nofollow noopener\" target=\"_blank\">futebol<\/a> brasileiro. Se o craque de um deles se passa para o outro deveria ser excomungado, n\u00e3o? N\u00e3o. O Flamengo j\u00e1 viu alguns de seus herois usando as cores do inimigo \u2014Andrade, Bebeto, Junior Baiano, Petkovic e, mais doloroso de todos, Rondinelli, o Deus da Ra\u00e7a\u2014, mas perdoou-os, por sab\u00ea-los Flamengos. E, para g\u00e1udio rubro-negro, o Vasco teve de se curvar ao fato de que, em 1995, Rom\u00e1rio, ao deixar o Barcelona eleito o maior jogador do mundo e voltar para o Rio, preferiu o Flamengo, onde fez tamb\u00e9m monumental carreira.<\/p>\n<p>E quando um jogador n\u00e3o consegue jogar pelo clube para o qual secretamente torce? Gerson, o Canhotinha, revelou-se no Flamengo, foi \u00eddolo do Botafogo e s\u00f3 em fim de carreira chegou ao seu time de cora\u00e7\u00e3o, o Fluminense. Como ele, muitos outros.<\/p>\n<p>Dias depois, o garoto posou com uma bandeira do Corinthians e a camisa de Neymar. Assim se faz.<\/p>\n<p>    Colunas<\/p>\n<p class=\"c-newsletter__subtitle\">Receba no seu email uma sele\u00e7\u00e3o de colunas da Folha<\/p>\n<p class=\"c-context__content\">&#13;<br \/>\n    <strong>LINK PRESENTE:<\/strong> Gostou deste texto? Assinante pode liberar sete acessos gratuitos de qualquer link por dia. Basta clicar no F azul abaixo.&#13;\n  <\/p>\n","protected":false},"excerpt":{"rendered":"H\u00e1 dias, um garoto de 8 anos levantou uma placa no jogo contra o Santos na Neo Qu\u00edmica&hellip;\n","protected":false},"author":2,"featured_media":512703,"comment_status":"","ping_status":"","sticky":false,"template":"","format":"standard","meta":{"footnotes":"","_share_on_mastodon":"0"},"categories":[142],"tags":[7184,114,115,2460,236,524,1996,32,33,15221,151],"class_list":["post-512702","post","type-post","status-publish","format-standard","has-post-thumbnail","category-tv","tag-corinthians","tag-entertainment","tag-entretenimento","tag-flamengo","tag-folha","tag-futebol","tag-neymar","tag-portugal","tag-pt","tag-santos-fc","tag-tv"],"share_on_mastodon":{"url":"https:\/\/pubeurope.com\/@pt\/117218405559059315","error":""},"_links":{"self":[{"href":"https:\/\/www.europesays.com\/pt\/wp-json\/wp\/v2\/posts\/512702","targetHints":{"allow":["GET"]}}],"collection":[{"href":"https:\/\/www.europesays.com\/pt\/wp-json\/wp\/v2\/posts"}],"about":[{"href":"https:\/\/www.europesays.com\/pt\/wp-json\/wp\/v2\/types\/post"}],"author":[{"embeddable":true,"href":"https:\/\/www.europesays.com\/pt\/wp-json\/wp\/v2\/users\/2"}],"replies":[{"embeddable":true,"href":"https:\/\/www.europesays.com\/pt\/wp-json\/wp\/v2\/comments?post=512702"}],"version-history":[{"count":0,"href":"https:\/\/www.europesays.com\/pt\/wp-json\/wp\/v2\/posts\/512702\/revisions"}],"wp:featuredmedia":[{"embeddable":true,"href":"https:\/\/www.europesays.com\/pt\/wp-json\/wp\/v2\/media\/512703"}],"wp:attachment":[{"href":"https:\/\/www.europesays.com\/pt\/wp-json\/wp\/v2\/media?parent=512702"}],"wp:term":[{"taxonomy":"category","embeddable":true,"href":"https:\/\/www.europesays.com\/pt\/wp-json\/wp\/v2\/categories?post=512702"},{"taxonomy":"post_tag","embeddable":true,"href":"https:\/\/www.europesays.com\/pt\/wp-json\/wp\/v2\/tags?post=512702"}],"curies":[{"name":"wp","href":"https:\/\/api.w.org\/{rel}","templated":true}]}}