{"id":512712,"date":"2026-09-05T12:25:49","date_gmt":"2026-09-05T12:25:49","guid":{"rendered":"https:\/\/www.europesays.com\/pt\/512712\/"},"modified":"2026-09-05T12:25:49","modified_gmt":"2026-09-05T12:25:49","slug":"morreu-andre-dinis-carrilho-criador-de-imagens-do-d-maria-ii-havia-tanto-talento-e-tanto-ainda-por-fazer","status":"publish","type":"post","link":"https:\/\/www.europesays.com\/pt\/512712\/","title":{"rendered":"Morreu Andr\u00e9 Dinis Carrilho, criador de imagens do D. Maria II. \u201cHavia tanto talento. E tanto ainda por fazer\u201d"},"content":{"rendered":"<p>                Artista visual, fot\u00f3grafo e t\u00e9cnico audiovisual do Teatro Nacional D. Maria II, passou tamb\u00e9m pela equipa multim\u00e9dia do Observador e construiu um percurso ligado ao cinema, ao v\u00eddeo e \u00e0s artes performativas. A morte foi conhecida esta sexta-feira e, ao longo da noite, sucederam-se as mensagens de homenagem e despedida<\/p>\n<p>Morreu Andr\u00e9 Dinis Carrilho, artista visual e t\u00e9cnico audiovisual do Teatro Nacional D. Maria II, com um percurso ligado \u00e0 fotografia, ao cinema, ao v\u00eddeo e ao jornalismo. A not\u00edcia da morte foi conhecida esta sexta-feira e, ao longo da noite, sucederam-se nas redes sociais as mensagens de homenagem e despedida de colegas, amigos e institui\u00e7\u00f5es com quem trabalhou.<\/p>\n<p>O Teatro Nacional D. Maria II despediu-se do \u201ccolega e amigo\u201d, destacando a \u201csensibilidade e exig\u00eancia\u201d que Carrilho levava aos projetos em que participava e um \u201colhar criativo\u201d capaz de impulsionar novas possibilidades.<\/p>\n<p>Numa mensagem divulgada nas redes sociais, o teatro descreveu-o como uma presen\u00e7a que n\u00e3o procurava impor-se, mas que se fazia notar pela \u201csensibilidade, originalidade, sentido cr\u00edtico e autenticidade\u201d.<\/p>\n<p>A institui\u00e7\u00e3o recordou ainda o trabalho desenvolvido por Carrilho enquanto artista nas \u00e1reas da fotografia, do cinema e do v\u00eddeo, que considerou testemunho e eco de um olhar atento sobre o mundo, sobre a realidade que registava e sobre o imagin\u00e1rio que constru\u00eda.<\/p>\n<blockquote class=\"instagram-media\" data-instgrm-captioned=\"\" data-instgrm-permalink=\"https:\/\/www.instagram.com\/p\/Dc32aorDK_9\/?utm_source=ig_embed&amp;utm_campaign=loading\" data-instgrm-version=\"14\" style=\" background:#FFF; border:0; border-radius:3px; box-shadow:0 0 1px 0 rgba(0,0,0,0.5),0 1px 10px 0 rgba(0,0,0,0.15); margin: 1px; max-width:540px; min-width:326px; padding:0; width:99.375%; width:-webkit-calc(100% - 2px); width:calc(100% - 2px);\">\n<\/blockquote>\n<p>Pedro Penim, diretor art\u00edstico do D. Maria II, recordou um homem marcado por uma grande vulnerabilidade e por um \u201ctalento desmedido\u201d, com uma capacidade de \u201cfazer e de inventar imagens\u201d que nunca deixava de o impressionar.<\/p>\n<p>\u201cPerdemos um dos nossos e o golpe \u00e9 muito muito duro\u201d, escreveu Penim, numa mensagem dirigida tamb\u00e9m aos trabalhadores do teatro. \u201cHavia tanto talento. E tanto ainda por fazer.\u201d<\/p>\n<p>Andr\u00e9 Dinis Carrilho integrava a equipa de Som e Audiovisual do Teatro Nacional D. Maria II, onde conciliava o trabalho t\u00e9cnico com a cria\u00e7\u00e3o art\u00edstica. Nos \u00faltimos anos, assinou v\u00eddeo para espet\u00e1culos e desenvolveu projetos autorais, numa carreira constru\u00edda durante mais de uma d\u00e9cada em torno da imagem.<\/p>\n<p>Antes do D. Maria II, integrou a equipa multim\u00e9dia do Observador, onde participou na produ\u00e7\u00e3o e realiza\u00e7\u00e3o de v\u00e1rios projetos audiovisuais do jornal. Entre eles esteve \u201cNa Estrada com\u2026\u201d, formato documental que acompanhava m\u00fasicos em viagem, e o especial \u201cPedr\u00f3g\u00e3o um ano depois\u201d, publicado em 2018, no qual assinou a realiza\u00e7\u00e3o de v\u00eddeos sobre sobreviventes dos inc\u00eandios de junho de 2017.<\/p>\n<p>O trabalho de Andr\u00e9 Dinis Carrilho com a imagem come\u00e7ara v\u00e1rios anos antes. Em 2011, fez reportagem v\u00eddeo no MOTELX e integrou a equipa de fotografia de \u201cUm Filme Portugu\u00eas\u201d, document\u00e1rio coletivo apresentado nesse ano no Doclisboa.<\/p>\n<p>No ano seguinte, trabalhou em fotografia e c\u00e2mara em \u201cO Tempo e o Modo\u201d, s\u00e9rie documental realizada por Gra\u00e7a Castanheira para a RTP2 a partir de conversas com personalidades como Eduardo Galeano, Laurie Anderson, Lucrecia Martel, Gon\u00e7alo M. Tavares, Esther Duflo, Vandana Shiva e Lula da Silva.<\/p>\n<p>No cinema, assinou, com Jo\u00e3o Gambino, a fotografia de \u201cNos Interst\u00edcios da Realidade ou O Cinema de Ant\u00f3nio de Macedo\u201d, document\u00e1rio de Jo\u00e3o Monteiro sobre o realizador portugu\u00eas, apresentado em estreia mundial no Doclisboa em 2016. Foi tamb\u00e9m produtor executivo da curta-metragem \u201cCenas de uma Vida Amorosa\u201d, de Miguel Afonso, em 2019, e diretor de fotografia de \u201cUnicorn Hunting\u201d, do mesmo realizador, em 2024.<\/p>\n<p>A fotografia acompanhou igualmente o seu percurso fora do cinema e do teatro. Carrilho fotografou m\u00fasicos, concertos e momentos da vida cultural e noturna de Lisboa, com trabalhos publicados em meios como a revista Rimas e Batidas e em plataformas internacionais ligadas \u00e0 m\u00fasica eletr\u00f3nica.<\/p>\n<p>Nas artes performativas, participou em v\u00e1rios projetos de cria\u00e7\u00e3o de v\u00eddeo. Em 2023, trabalhou, com Jo\u00e3o Gambino, em \u201cEnsaio de Orquestra\u201d, espet\u00e1culo dirigido por T\u00f3nan Quito a partir do filme de Federico Fellini.<\/p>\n<p>Um dos seus trabalhos autorais mais recentes foi \u201cAlcan\u00e7o\u201d, v\u00eddeo-ensaio constru\u00eddo a partir do programa Atos, desenvolvido pelo Teatro Nacional D. Maria II e pela Funda\u00e7\u00e3o Calouste Gulbenkian. Carrilho acompanhou durante 2023 projetos de participa\u00e7\u00e3o art\u00edstica em diferentes regi\u00f5es do pa\u00eds e transformou as imagens recolhidas num filme de cerca de 50 minutos, apresentado no ano seguinte.<\/p>\n<p>J\u00e1 este ano, assinou o v\u00eddeo de \u201cFilodemo\u201d, de Lu\u00eds de Cam\u00f5es, encenado por Pedro Penim. O espet\u00e1culo estreou em mar\u00e7o e passou depois por diferentes salas do pa\u00eds.<\/p>\n<p>Foi precisamente esse trabalho que Penim destacou na mensagem publicada esta sexta-feira. O encenador descreveu o v\u00eddeo de \u201cFilodemo\u201d como \u201cabsolutamente deslumbrante\u201d e escreveu que o olhar de Carrilho est\u00e1 \u201cpor todo o lado naquele espet\u00e1culo\u201d.<\/p>\n<p>Penim destacou tamb\u00e9m \u201cAlcan\u00e7o\u201d, considerando o filme uma demonstra\u00e7\u00e3o daquilo que Andr\u00e9 Dinis Carrilho sabia fazer com uma c\u00e2mara: \u201ccriar olhar\u201d.<\/p>\n<blockquote class=\"instagram-media\" data-instgrm-captioned=\"\" data-instgrm-permalink=\"https:\/\/www.instagram.com\/p\/Dc4BbvyM83a\/?utm_source=ig_embed&amp;utm_campaign=loading\" data-instgrm-version=\"14\" style=\" background:#FFF; border:0; border-radius:3px; box-shadow:0 0 1px 0 rgba(0,0,0,0.5),0 1px 10px 0 rgba(0,0,0,0.15); margin: 1px; max-width:540px; min-width:326px; padding:0; width:99.375%; width:-webkit-calc(100% - 2px); width:calc(100% - 2px);\">\n<\/blockquote>\n<p>Tamb\u00e9m a R\u00e1dio Futura, projeto do radialista Pedro Ramos, evocou a liga\u00e7\u00e3o de Carrilho \u00e0 m\u00fasica, \u00e0 noite e a uma comunidade cultural de Lisboa. Na mensagem de despedida, recordou a sua presen\u00e7a em concertos, manifesta\u00e7\u00f5es, DJ sets, filmagens, jantares e conversas e o papel da sua c\u00e2mara no registo desses lugares e momentos.<\/p>\n<p>\u201cO olhar \u00fanico dele registou muita da nossa Hist\u00f3ria conjunta\u201d, escreveu a R\u00e1dio Futura, antes de resumir a perda numa frase: \u201cSentimos que hoje morreu com ele uma certa Lisboa\u201d.<\/p>\n<p>                <script async src=\"\/\/www.instagram.com\/embed.js\"><\/script><\/p>\n","protected":false},"excerpt":{"rendered":"Artista visual, fot\u00f3grafo e t\u00e9cnico audiovisual do Teatro Nacional D. Maria II, passou tamb\u00e9m pela equipa multim\u00e9dia do&hellip;\n","protected":false},"author":2,"featured_media":512713,"comment_status":"","ping_status":"","sticky":false,"template":"","format":"standard","meta":{"footnotes":"","_share_on_mastodon":"0"},"categories":[85],"tags":[609,82155,611,27,607,608,604,610,539,114,115,603,570,606,1437,13,602,32,33,58,82156,605,29],"class_list":["post-512712","post","type-post","status-publish","format-standard","has-post-thumbnail","category-entretenimento","tag-alerta","tag-andre-dinis-carrilho","tag-ao-minuto","tag-breaking-news","tag-cnn","tag-cnn-portugal","tag-crime","tag-direto","tag-educacao","tag-entertainment","tag-entretenimento","tag-justica","tag-live","tag-meteorologia","tag-morte","tag-noticias","tag-pais","tag-portugal","tag-pt","tag-sociedade","tag-teatro-nacional-d-maria-ii","tag-tempo","tag-ultimas"],"share_on_mastodon":{"url":"https:\/\/pubeurope.com\/@pt\/117218425368263280","error":""},"_links":{"self":[{"href":"https:\/\/www.europesays.com\/pt\/wp-json\/wp\/v2\/posts\/512712","targetHints":{"allow":["GET"]}}],"collection":[{"href":"https:\/\/www.europesays.com\/pt\/wp-json\/wp\/v2\/posts"}],"about":[{"href":"https:\/\/www.europesays.com\/pt\/wp-json\/wp\/v2\/types\/post"}],"author":[{"embeddable":true,"href":"https:\/\/www.europesays.com\/pt\/wp-json\/wp\/v2\/users\/2"}],"replies":[{"embeddable":true,"href":"https:\/\/www.europesays.com\/pt\/wp-json\/wp\/v2\/comments?post=512712"}],"version-history":[{"count":0,"href":"https:\/\/www.europesays.com\/pt\/wp-json\/wp\/v2\/posts\/512712\/revisions"}],"wp:featuredmedia":[{"embeddable":true,"href":"https:\/\/www.europesays.com\/pt\/wp-json\/wp\/v2\/media\/512713"}],"wp:attachment":[{"href":"https:\/\/www.europesays.com\/pt\/wp-json\/wp\/v2\/media?parent=512712"}],"wp:term":[{"taxonomy":"category","embeddable":true,"href":"https:\/\/www.europesays.com\/pt\/wp-json\/wp\/v2\/categories?post=512712"},{"taxonomy":"post_tag","embeddable":true,"href":"https:\/\/www.europesays.com\/pt\/wp-json\/wp\/v2\/tags?post=512712"}],"curies":[{"name":"wp","href":"https:\/\/api.w.org\/{rel}","templated":true}]}}