{"id":512726,"date":"2026-09-05T12:40:57","date_gmt":"2026-09-05T12:40:57","guid":{"rendered":"https:\/\/www.europesays.com\/pt\/512726\/"},"modified":"2026-09-05T12:40:57","modified_gmt":"2026-09-05T12:40:57","slug":"e-oficial-dizemos-te-a-cor-deste-outono-e-temos-19-pecas-para-seguires-a-tendencia","status":"publish","type":"post","link":"https:\/\/www.europesays.com\/pt\/512726\/","title":{"rendered":"\u00c9 oficial: dizemos-te a cor deste outono e temos 19 pe\u00e7as para seguires a tend\u00eancia"},"content":{"rendered":"<p>Temos andado a falar muito sobre as cores tend\u00eancia que <a target=\"_blank\" rel=\"noopener noreferrer nofollow\" href=\"https:\/\/versa.iol.pt\/manuel-luis-goucha\/fernanda-serrano\/nao-sejas-neutro-esta-e-a-cor-da-estacao-que-o-digam-manuel-luis-goucha-e-fernanda-serrano\/20260904\/6a9aaa520cf2f6a1a1e766df\">est\u00e3o a dominar a esta\u00e7\u00e3o, como o ic\u00f3nico azul aqua<\/a>, mas agora que <a target=\"_blank\" rel=\"noopener noreferrer nofollow\" href=\"https:\/\/versa.iol.pt\/lidl\/kate-middleton\/lidl-tem-casaco-de-outono-que-pode-ir-parar-ao-guarda-roupa-de-kate-middleton\/20260903\/6a9924e70cf2b42132dbfe66\">o outono est\u00e1 cada vez mais pr\u00f3ximo<\/a> j\u00e1 come\u00e7amos a imaginar os looks para os dias mais frios.<\/p>\n<p>J\u00e1 sabemos que o branco vai continuar em altas. \u00c9 <a target=\"_blank\" rel=\"noopener noreferrer nofollow\" href=\"https:\/\/versa.iol.pt\/pantone\/cor\/pantone-escolheu-a-cor-de-2026-e-a-polemica-instalou-se\/20251204\/69319e9bd34e2bd5c6d4bdf9\">a cor do ano, segundo a Pantone<\/a>, e continuar\u00e1 a ser um neutro ideal para qualquer altura do ano. Mas quais s\u00e3o as outras cores em destaque?<\/p>\n<p>Entre as possibilidades, est\u00e1 o roxo, uma cor rica em todas as suas tonalidades desde as mais claras, como ametista, a cor da joia, \u00e0s mais escuras, como o beringela. Roxo esteve em destaque em v\u00e1rios desfiles para a esta\u00e7\u00e3o fria deste ano.<\/p>\n<p>Na Celine, por exemplo, apareceu em trench coats de corte cl\u00e1ssico, <a target=\"_blank\" rel=\"noopener noreferrer nofollow\" href=\"https:\/\/versa.iol.pt\/zara\/mala\/nem-20-euros-custa-a-carteira-gemea-da-loewe-pode-ser-o-melhor-achado-dos-saldos-zara\/20260708\/6a4d0755d34e511da0b2b976\">nas cole\u00e7\u00f5es da Loewe <\/a>e da Tory Burch chamou a aten\u00e7\u00e3o em vestidos delicados, com detalhes rom\u00e2nticos, e em silhuetas mais elegantes na Balenciaga. J\u00e1 na Mugler destaca-se em tops com ombros estruturados que nos fazem romantizar o power suit dos anos 80.<\/p>\n<p>Seguir esta tend\u00eancia pode ser mais f\u00e1cil do que pensas. H\u00e1 pe\u00e7as em diferentes tons de roxo no cat\u00e1logo de v\u00e1rias marcas, <a target=\"_blank\" rel=\"noopener noreferrer nofollow\" href=\"https:\/\/versa.iol.pt\/saldos\/parfois\/alerta-camisas-e-casacos-de-outono-em-saldos-reunimos-ultimos-achados-a-partir-de-5-euros\/20260831\/6a955e9d0cf2f6a1a1e75d4f\">como Parfois, Zara ou Mango<\/a>. Reunimos as melhores op\u00e7\u00f5es na galeria de imagens.<\/p>\n","protected":false},"excerpt":{"rendered":"Temos andado a falar muito sobre as cores tend\u00eancia que est\u00e3o a dominar a esta\u00e7\u00e3o, como o ic\u00f3nico&hellip;\n","protected":false},"author":2,"featured_media":512727,"comment_status":"","ping_status":"","sticky":false,"template":"","format":"standard","meta":{"footnotes":"","_share_on_mastodon":"0"},"categories":[85],"tags":[1081,22239,204,17112,114,115,754,186,5873,1079,32,33,1083,1078,1080,3480],"class_list":["post-512726","post","type-post","status-publish","format-standard","has-post-thumbnail","category-entretenimento","tag-beleza","tag-cor","tag-design","tag-el-corte-ingles","tag-entertainment","tag-entretenimento","tag-gastronomia","tag-lifestyle","tag-mango","tag-moda","tag-portugal","tag-pt","tag-tendencia","tag-versa","tag-viagens","tag-zara"],"share_on_mastodon":{"url":"https:\/\/pubeurope.com\/@pt\/117218488299177149","error":""},"_links":{"self":[{"href":"https:\/\/www.europesays.com\/pt\/wp-json\/wp\/v2\/posts\/512726","targetHints":{"allow":["GET"]}}],"collection":[{"href":"https:\/\/www.europesays.com\/pt\/wp-json\/wp\/v2\/posts"}],"about":[{"href":"https:\/\/www.europesays.com\/pt\/wp-json\/wp\/v2\/types\/post"}],"author":[{"embeddable":true,"href":"https:\/\/www.europesays.com\/pt\/wp-json\/wp\/v2\/users\/2"}],"replies":[{"embeddable":true,"href":"https:\/\/www.europesays.com\/pt\/wp-json\/wp\/v2\/comments?post=512726"}],"version-history":[{"count":0,"href":"https:\/\/www.europesays.com\/pt\/wp-json\/wp\/v2\/posts\/512726\/revisions"}],"wp:featuredmedia":[{"embeddable":true,"href":"https:\/\/www.europesays.com\/pt\/wp-json\/wp\/v2\/media\/512727"}],"wp:attachment":[{"href":"https:\/\/www.europesays.com\/pt\/wp-json\/wp\/v2\/media?parent=512726"}],"wp:term":[{"taxonomy":"category","embeddable":true,"href":"https:\/\/www.europesays.com\/pt\/wp-json\/wp\/v2\/categories?post=512726"},{"taxonomy":"post_tag","embeddable":true,"href":"https:\/\/www.europesays.com\/pt\/wp-json\/wp\/v2\/tags?post=512726"}],"curies":[{"name":"wp","href":"https:\/\/api.w.org\/{rel}","templated":true}]}}