{"id":512764,"date":"2026-09-05T13:28:26","date_gmt":"2026-09-05T13:28:26","guid":{"rendered":"https:\/\/www.europesays.com\/pt\/512764\/"},"modified":"2026-09-05T13:28:26","modified_gmt":"2026-09-05T13:28:26","slug":"hisense-apresenta-o-futuro-da-casa-com-ia-e-anuncia-nova-parceria-para-o-euro-2028","status":"publish","type":"post","link":"https:\/\/www.europesays.com\/pt\/512764\/","title":{"rendered":"Hisense apresenta o futuro da casa com IA e anuncia nova parceria para o EURO 2028"},"content":{"rendered":"<p>Na IFA 2026, a principal feira mundial dedicada a eletrodom\u00e9sticos e eletr\u00f3nica de consumo, o Hisense Group apresenta a sua vis\u00e3o para a era da Intelig\u00eancia Artificial (IA). Al\u00e9m disso, anunciou que dar\u00e1 continuidade \u00e0 parceria com a UEFA no pr\u00f3ximo EURO 2028.<\/p>\n<p><a target=\"_blank\" href=\"https:\/\/pplware.sapo.pt\/wp-content\/uploads\/2026\/09\/Hisense_IFA27-1.jpg\" onclick=\"refreshIframe()\" class=\"foobox\" rel=\"nofollow noopener\"><img fetchpriority=\"high\" decoding=\"async\" src=\"https:\/\/www.europesays.com\/pt\/wp-content\/uploads\/2026\/09\/Hisense_IFA27-1-720x405.jpg\" alt=\"\" width=\"720\" height=\"405\" class=\"aligncenter size-medium wp-image-1139345\"  \/><\/a>\n<\/p>\n<p>Novo sistema operativo assinado pela Hisense<\/p>\n<p>Durante a IFA 2026, a <a target=\"_blank\" href=\"https:\/\/pplware.sapo.pt\/tag\/hisense\/\" rel=\"nofollow noopener\">Hisense<\/a> apresenta a <strong>nova gera\u00e7\u00e3o do sistema operativo para a casa conectada, o V AIOS<\/strong>, que utiliza IA para compreender todo o ambiente familiar.<\/p>\n<p>Com base em mais de uma d\u00e9cada de experi\u00eancia com as plataformas <a target=\"_blank\" href=\"https:\/\/pplware.sapo.pt\/tag\/vidaa\/\" rel=\"nofollow noopener\">VIDAA<\/a> e ConnectLife, a empresa pretende <strong>criar uma casa inteligente que n\u00e3o se limita a ligar televisores e eletrodom\u00e9sticos<\/strong>, mas que compreende tamb\u00e9m os h\u00e1bitos, as necessidades e as rela\u00e7\u00f5es entre os diferentes membros da fam\u00edlia.<\/p>\n<p>O V AIOS foi concebido para reconhecer as inten\u00e7\u00f5es dos utilizadores, adaptar-se \u00e0s diferentes gera\u00e7\u00f5es presentes no agregado familiar e coordenar automaticamente dispositivos, conte\u00fados e servi\u00e7os, proporcionando uma experi\u00eancia mais natural e personalizada.<\/p>\n<p>Segundo avan\u00e7ado pela Hisense, num comunicado de imprensa, o V AIOS \u00e9 capaz de:<\/p>\n<ul>\n<li><strong>Reconhecer<\/strong> os utilizadores;<\/li>\n<li><strong>Compreender<\/strong> o contexto e as emo\u00e7\u00f5es;<\/li>\n<li><strong>Comunicar<\/strong> naturalmente com as pessoas;<\/li>\n<li><strong>Executar<\/strong> de forma aut\u00f3noma tarefas em diferentes \u00e1reas da casa, desde preparar o ambiente ideal para assistir a um jogo at\u00e9 contribuir para o bem-estar ou a seguran\u00e7a dos membros mais idosos da fam\u00edlia.<\/li>\n<\/ul>\n<p>Em simult\u00e2neo, a Hisense coloca a <strong>privacidade, a transpar\u00eancia e o processamento local de dados (Edge AI)<\/strong> no centro desta abordagem, &#8220;com o objetivo de desenvolver um sistema operativo que n\u00e3o assente apenas nas capacidades da IA, mas, em especial, na confian\u00e7a dos utilizadores&#8221;.<\/p>\n<p>Vis\u00e3o da Hisense para a IA: ConnectLife<\/p>\n<p>A vis\u00e3o da Hisense para a era da IA passa por <strong>transformar os eletrodom\u00e9sticos de dispositivos passivos em assistentes inteligentes<\/strong>, capazes de antecipar as necessidades dos utilizadores.<\/p>\n<p>No centro desta transforma\u00e7\u00e3o est\u00e1 a <strong>ConnectLife<\/strong>, uma plataforma baseada na cloud que liga televisores, dispositivos m\u00f3veis e eletrodom\u00e9sticos num ecossistema de casa inteligente unificado.<\/p>\n<p><a target=\"_blank\" href=\"https:\/\/pplware.sapo.pt\/wp-content\/uploads\/2026\/09\/connect-life-hisense00.jpg\" onclick=\"refreshIframe()\" class=\"foobox\" rel=\"nofollow noopener\"><img loading=\"lazy\" decoding=\"async\" aria-describedby=\"caption-attachment-1139346\" src=\"https:\/\/www.europesays.com\/pt\/wp-content\/uploads\/2026\/09\/connect-life-hisense00-720x360.jpg\" alt=\"\" width=\"720\" height=\"360\" class=\"wp-image-1139346 size-medium\"  \/><\/a><\/p>\n<p id=\"caption-attachment-1139346\" class=\"wp-caption-text\">Para inspirar os utilizadores, o recurso Randomizer da ConnectLife permite que eles naveguem por categorias de ingredientes, definindo op\u00e7\u00f5es ou combinando-as com itens dispon\u00edveis e prefer\u00eancias.<\/p>\n<p>Atrav\u00e9s de IA avan\u00e7ada, intera\u00e7\u00e3o multimodal (por voz, imagem e linguagem natural), intelig\u00eancia emocional e partilha de dados entre dispositivos, a ConnectLife permite disponibilizar servi\u00e7os proativos em \u00e1reas como a confe\u00e7\u00e3o de alimentos, os cuidados de roupa, a qualidade do ar, a gest\u00e3o de energia e o apoio p\u00f3s-venda.<\/p>\n<p>O sistema permite ainda a liga\u00e7\u00e3o a plataformas externas, retalhistas e prestadores de servi\u00e7os energ\u00e9ticos.<\/p>\n<p><a target=\"_blank\" href=\"https:\/\/pplware.sapo.pt\/wp-content\/uploads\/2026\/09\/connect-life-hisense01.jpg\" onclick=\"refreshIframe()\" class=\"foobox\" rel=\"nofollow noopener\"><img loading=\"lazy\" decoding=\"async\" aria-describedby=\"caption-attachment-1139347\" src=\"https:\/\/www.europesays.com\/pt\/wp-content\/uploads\/2026\/09\/connect-life-hisense01-720x409.jpg\" alt=\"\" width=\"720\" height=\"409\" class=\"wp-image-1139347 size-medium\"  \/><\/a><\/p>\n<p id=\"caption-attachment-1139347\" class=\"wp-caption-text\">Segundo a Hisense, o ConnectLife dever\u00e1 agregar valor aos dispositivos, permitindo atualizar o desempenho com atualiza\u00e7\u00f5es de firmware, consultar manuais do utilizador, dar comandos por voz, abrir um contacto para o suporte p\u00f3s-venda e muito mais.<\/p>\n<p>Nova gera\u00e7\u00e3o de eletrodom\u00e9sticos dar\u00e1 forma a esta vis\u00e3o<\/p>\n<p>Uma componente fundamental desta transforma\u00e7\u00e3o \u00e9 a <strong>nova gera\u00e7\u00e3o de eletrodom\u00e9sticos AI Companion<\/strong>, desenvolvida para tr\u00eas \u00e1reas centrais da vida dom\u00e9stica: cozinha, cuidados de roupa e ar e energia.<\/p>\n<p>Estes produtos <strong>automatizam e adaptam as tarefas do dia a dia<\/strong>, desde a cria\u00e7\u00e3o de receitas e gest\u00e3o dos par\u00e2metros de confe\u00e7\u00e3o at\u00e9 \u00e0 otimiza\u00e7\u00e3o dos programas de lavagem e ao ajuste do ambiente interior de acordo com as prefer\u00eancias dos utilizadores.<\/p>\n<p>Com expans\u00e3o em 2026, os assistentes inteligentes da <a target=\"_blank\" href=\"https:\/\/en.connectlife.io\/\" rel=\"nofollow noopener\">ConnectLife<\/a> pretendem transferir o foco da gest\u00e3o dos dispositivos para a disponibiliza\u00e7\u00e3o de servi\u00e7os inteligentes e intuitivos, proporcionando uma experi\u00eancia dom\u00e9stica ainda mais <strong>simples, confort\u00e1vel e conectada<\/strong>.<\/p>\n<p>Hisense reconhecida no mundo do futebol<\/p>\n<p>Com 41 unidades de produ\u00e7\u00e3o, 32 centros de I&amp;D e 65 empresas em todo o mundo, a Hisense tornou-se, na \u00faltima d\u00e9cada, uma das marcas globais com maior crescimento, estando presente em mais de 160 mercados.<\/p>\n<p>Durante este per\u00edodo, as <strong>receitas totais duplicaram<\/strong>, atingindo 31,4 mil milh\u00f5es de d\u00f3lares em 2025, enquanto as receitas provenientes dos mercados internacionais cresceram 300%, para 15,5 mil milh\u00f5es de d\u00f3lares no mesmo ano.<\/p>\n<p>Na Europa, a Hisense <strong>prev\u00ea ultrapassar os cinco mil milh\u00f5es de euros de receitas este ano<\/strong>, com o objetivo de alcan\u00e7ar uma quota de mercado de 10%.<\/p>\n<p><a target=\"_blank\" href=\"https:\/\/pplware.sapo.pt\/wp-content\/uploads\/2026\/04\/var-hisense-fifa-mundial2026-2.jpg\" onclick=\"refreshIframe()\" class=\"foobox\" rel=\"nofollow noopener\"><img loading=\"lazy\" decoding=\"async\" src=\"https:\/\/www.europesays.com\/pt\/wp-content\/uploads\/2026\/09\/var-hisense-fifa-mundial2026-2-720x405.jpg\" alt=\"\" width=\"720\" height=\"405\" class=\"aligncenter size-medium wp-image-1114316\"  \/><\/a><\/p>\n<p>A desempenhar um papel importante no refor\u00e7o da notoriedade da marca est\u00e1 o futebol. Em 2016, a <strong>Hisense tornou-se o primeiro patrocinador chin\u00eas<\/strong> nos 56 anos de hist\u00f3ria do Campeonato da Europa da UEFA.<\/p>\n<p>Desde ent\u00e3o, a parceria com a UEFA tem sido refor\u00e7ada de forma cont\u00ednua, atingindo um novo marco no UEFA EURO 2024, quando a Hisense, enquanto fornecedora oficial dos ecr\u00e3s utilizados no VAR, &#8220;contribuiu para aumentar a precis\u00e3o e a justi\u00e7a da arbitragem&#8221;, nas palavras da pr\u00f3pria marca.<\/p>\n<p>Conforme anunciado na <a target=\"_blank\" href=\"https:\/\/www.ifa-berlin.com\/\" rel=\"nofollow noopener\">IFA 2026, em Berlim<\/a>, a Hisense continuar\u00e1 a fazer parte da hist\u00f3ria enquanto <strong>parceira oficial do pr\u00f3ximo Campeonato da Europa de futebol, o UEFA EURO 2028<\/strong>.<\/p>\n<blockquote>\n<p>Enquanto primeiro patrocinador chin\u00eas do UEFA EURO, ao longo da \u00faltima d\u00e9cada evolu\u00edmos de uma rela\u00e7\u00e3o de puro patroc\u00ednio de marca para nos tornarmos parceiros dedicados da UEFA na \u00e1rea da tecnologia de ecr\u00e3s, crescendo lado a lado.<\/p>\n<p>Atrav\u00e9s de tecnologia de vanguarda e experi\u00eancias imersivas, aproximamos os p\u00fablicos da emo\u00e7\u00e3o do futebol<\/p>\n<\/blockquote>\n<p>Disse Catherine Fang, VP do Hisense Group.<\/p>\n","protected":false},"excerpt":{"rendered":"Na IFA 2026, a principal feira mundial dedicada a eletrodom\u00e9sticos e eletr\u00f3nica de consumo, o Hisense Group apresenta&hellip;\n","protected":false},"author":2,"featured_media":512765,"comment_status":"","ping_status":"","sticky":false,"template":"","format":"standard","meta":{"footnotes":"","_share_on_mastodon":"0"},"categories":[84],"tags":[109,107,108,82168,18904,82169,933,32,33,105,103,104,106,110,82170],"class_list":["post-512764","post","type-post","status-publish","format-standard","has-post-thumbnail","category-ciencia-e-tecnologia","tag-ciencia","tag-ciencia-e-tecnologia","tag-cienciaetecnologia","tag-euro-2028","tag-hisense","tag-ifa-26","tag-inteligencia-artificial","tag-portugal","tag-pt","tag-science","tag-science-and-technology","tag-scienceandtechnology","tag-technology","tag-tecnologia","tag-uefa-euro-2028"],"share_on_mastodon":{"url":"https:\/\/pubeurope.com\/@pt\/117218673931765766","error":""},"_links":{"self":[{"href":"https:\/\/www.europesays.com\/pt\/wp-json\/wp\/v2\/posts\/512764","targetHints":{"allow":["GET"]}}],"collection":[{"href":"https:\/\/www.europesays.com\/pt\/wp-json\/wp\/v2\/posts"}],"about":[{"href":"https:\/\/www.europesays.com\/pt\/wp-json\/wp\/v2\/types\/post"}],"author":[{"embeddable":true,"href":"https:\/\/www.europesays.com\/pt\/wp-json\/wp\/v2\/users\/2"}],"replies":[{"embeddable":true,"href":"https:\/\/www.europesays.com\/pt\/wp-json\/wp\/v2\/comments?post=512764"}],"version-history":[{"count":0,"href":"https:\/\/www.europesays.com\/pt\/wp-json\/wp\/v2\/posts\/512764\/revisions"}],"wp:featuredmedia":[{"embeddable":true,"href":"https:\/\/www.europesays.com\/pt\/wp-json\/wp\/v2\/media\/512765"}],"wp:attachment":[{"href":"https:\/\/www.europesays.com\/pt\/wp-json\/wp\/v2\/media?parent=512764"}],"wp:term":[{"taxonomy":"category","embeddable":true,"href":"https:\/\/www.europesays.com\/pt\/wp-json\/wp\/v2\/categories?post=512764"},{"taxonomy":"post_tag","embeddable":true,"href":"https:\/\/www.europesays.com\/pt\/wp-json\/wp\/v2\/tags?post=512764"}],"curies":[{"name":"wp","href":"https:\/\/api.w.org\/{rel}","templated":true}]}}