{"id":512794,"date":"2026-09-05T14:22:01","date_gmt":"2026-09-05T14:22:01","guid":{"rendered":"https:\/\/www.europesays.com\/pt\/512794\/"},"modified":"2026-09-05T14:22:01","modified_gmt":"2026-09-05T14:22:01","slug":"quem-ama-cuida-e-reclassificada-pelo-governo-saiba-mais-05-09-2026-outro-canal","status":"publish","type":"post","link":"https:\/\/www.europesays.com\/pt\/512794\/","title":{"rendered":"Quem Ama Cuida \u00e9 reclassificada pelo governo; saiba mais &#8211; 05\/09\/2026 &#8211; Outro Canal"},"content":{"rendered":"<p>\n<strong class=\"c-signature__location\">Aracaju <\/strong>\n<\/p>\n<p>A Coordena\u00e7\u00e3o-Geral de Pol\u00edticas de Classifica\u00e7\u00e3o Indicativa, vinculada \u00e0 Secretaria Nacional de Direitos Digitais (Sedigi) do <a href=\"https:\/\/www1.folha.uol.com.br\/folha-topicos\/ministerio-da-justica\/\" rel=\"nofollow noopener\" target=\"_blank\">Minist\u00e9rio da Justi\u00e7a<\/a>, decidiu reclassificar a <a href=\"https:\/\/www1.folha.uol.com.br\/folha-topicos\/novela\/\" rel=\"nofollow noopener\" target=\"_blank\">novela<\/a> &#8220;<a href=\"https:\/\/www1.folha.uol.com.br\/folha-topicos\/quem-ama-cuida\/\" rel=\"nofollow noopener\" target=\"_blank\">Quem Ama Cuida<\/a>&#8220;, da <a href=\"https:\/\/www1.folha.uol.com.br\/folha-topicos\/globo\/\" rel=\"nofollow noopener\" target=\"_blank\">Globo<\/a>.<\/p>\n<p>  <a href=\"https:\/\/f5.folha.uol.com.br\/colunistas\/outro-canal\/\" rel=\"nofollow noopener\" target=\"_blank\"><br \/>\n    <img decoding=\"async\" src=\"https:\/\/www.europesays.com\/pt\/wp-content\/uploads\/2026\/09\/1788618121_21_172599691166e09f6f54fe2_1725996911_1x1_xs.jpg\" alt=\"Foto de Outro Canal\" class=\"img-responsive c-lazyload\"\/><\/p>\n<p>  <\/a><\/p>\n<p class=\"author__description\">\n    Cobre diariamente os bastidores das novelas, do telejornalismo e da m\u00eddia esportiva. Tem como titular o jornalista Gabriel Vaquer\n  <\/p>\n","protected":false},"excerpt":{"rendered":"Aracaju A Coordena\u00e7\u00e3o-Geral de Pol\u00edticas de Classifica\u00e7\u00e3o Indicativa, vinculada \u00e0 Secretaria Nacional de Direitos Digitais (Sedigi) do Minist\u00e9rio&hellip;\n","protected":false},"author":2,"featured_media":512795,"comment_status":"","ping_status":"","sticky":false,"template":"","format":"standard","meta":{"footnotes":"","_share_on_mastodon":"0"},"categories":[142],"tags":[55099,219,211,223,114,115,224,6902,225,226,753,221,220,222,8057,57785,2931,32,33,35878,2566,218,228,151,13084,227,6903],"class_list":["post-512794","post","type-post","status-publish","format-standard","has-post-thumbnail","category-tv","tag-alexandre-borges","tag-bichos","tag-celebridades","tag-colunistas","tag-entertainment","tag-entretenimento","tag-estranho","tag-eta-mundo-bom","tag-eu-amo","tag-fofices","tag-globo","tag-horoscopo","tag-humanos","tag-humor","tag-leticia-colin","tag-ministrio-da-justia","tag-novela","tag-portugal","tag-pt","tag-quem-ama-cuida","tag-televiso","tag-televisao","tag-tudo","tag-tv","tag-verdades-secretas","tag-videos","tag-walcyr-carrasco"],"share_on_mastodon":{"url":"https:\/\/pubeurope.com\/@pt\/117218886105236342","error":""},"_links":{"self":[{"href":"https:\/\/www.europesays.com\/pt\/wp-json\/wp\/v2\/posts\/512794","targetHints":{"allow":["GET"]}}],"collection":[{"href":"https:\/\/www.europesays.com\/pt\/wp-json\/wp\/v2\/posts"}],"about":[{"href":"https:\/\/www.europesays.com\/pt\/wp-json\/wp\/v2\/types\/post"}],"author":[{"embeddable":true,"href":"https:\/\/www.europesays.com\/pt\/wp-json\/wp\/v2\/users\/2"}],"replies":[{"embeddable":true,"href":"https:\/\/www.europesays.com\/pt\/wp-json\/wp\/v2\/comments?post=512794"}],"version-history":[{"count":0,"href":"https:\/\/www.europesays.com\/pt\/wp-json\/wp\/v2\/posts\/512794\/revisions"}],"wp:featuredmedia":[{"embeddable":true,"href":"https:\/\/www.europesays.com\/pt\/wp-json\/wp\/v2\/media\/512795"}],"wp:attachment":[{"href":"https:\/\/www.europesays.com\/pt\/wp-json\/wp\/v2\/media?parent=512794"}],"wp:term":[{"taxonomy":"category","embeddable":true,"href":"https:\/\/www.europesays.com\/pt\/wp-json\/wp\/v2\/categories?post=512794"},{"taxonomy":"post_tag","embeddable":true,"href":"https:\/\/www.europesays.com\/pt\/wp-json\/wp\/v2\/tags?post=512794"}],"curies":[{"name":"wp","href":"https:\/\/api.w.org\/{rel}","templated":true}]}}