{"id":512800,"date":"2026-09-05T14:27:10","date_gmt":"2026-09-05T14:27:10","guid":{"rendered":"https:\/\/www.europesays.com\/pt\/512800\/"},"modified":"2026-09-05T14:27:10","modified_gmt":"2026-09-05T14:27:10","slug":"iury-mellany-mostra-primeiras-imagens-do-casamento-com-daniel-monteiro-e-nao-vai-acreditar-na-ex-concorrente-que-tem-ao-seu-lado-big-brother-verao-2026-ultimas-noticias-videos-e-diretos","status":"publish","type":"post","link":"https:\/\/www.europesays.com\/pt\/512800\/","title":{"rendered":"Iury Mellany mostra primeiras imagens do casamento com Daniel Monteiro e n\u00e3o vai acreditar na ex-concorrente que tem ao seu lado &#8211; Big Brother Ver\u00e3o 2026: \u00daltimas Not\u00edcias, V\u00eddeos e Diretos"},"content":{"rendered":"<p><strong>Iury Mellany e Daniel Monteiro d\u00e3o hoje, s\u00e1bado, 5 de setembro, o t\u00e3o esperado \u201csim\u201d<\/strong>. O casal, que se conheceu durante a participa\u00e7\u00e3o no <a target=\"_blank\" rel=\"noopener noreferrer nofollow\" href=\"https:\/\/tvi.iol.pt\/bigbrother\/\"><strong>Big Brother 2020<\/strong><\/a>, prepara-se para subir ao altar e <strong>Iury<\/strong> j\u00e1 come\u00e7ou a partilhar alguns momentos especiais deste dia.<\/p>\n<p><strong>Veja tamb\u00e9m: <\/strong><a target=\"_blank\" rel=\"noopener noreferrer nofollow\" href=\"https:\/\/tvi.iol.pt\/secretstory\/videos\/filhos-a-caminho-goucha-questiona-iury-mellany-sobre-planos-com-daniel-monteiro\/67d9bfb20cf216cd3ad339a1\"><strong>Filhos a caminho? Goucha questiona Iury Mellany sobre planos com Daniel Monteiro<\/strong><\/a><\/p>\n<p>Atrav\u00e9s de um Reels publicado no Instagram, a noiva mostrou as primeiras imagens dos preparativos para o casamento, ao lado do grupo de amigos mais pr\u00f3ximos. Entre os rostos que surgem no registo est\u00e3o v\u00e1rias caras bem conhecidas dos reality shows da TVI.<\/p>\n<p><strong>Tiago Rufino, Sandrina, Anuska, irm\u00e3 da noiva, e Rita Almeida<\/strong> fazem parte deste grupo especial que est\u00e1 a acompanhar Iury Mellany num momento t\u00e3o importante.<\/p>\n<p><strong>Veja tamb\u00e9m: <\/strong><a target=\"_blank\" rel=\"noopener noreferrer nofollow\" href=\"https:\/\/tvi.iol.pt\/secretstory\/fotos\/ainda-se-lembra-da-irma-de-iury-mellany-tambem-entrou-num-reality-show-veja-como-esta-diferente\/6786bec5d34e94b82909b083\"><strong>Ainda se lembra da irm\u00e3 de Iury Mellany? Tamb\u00e9m entrou num reality show. Veja como est\u00e1 diferente<\/strong><\/a><\/p>\n<p>No entanto, h\u00e1 uma presen\u00e7a que n\u00e3o passou despercebida. Entre os preparativos, surge uma antiga cara dos reality shows da TVI: <strong>Doriana Sousa<\/strong>, ex-concorrente da primeira edi\u00e7\u00e3o de <a target=\"_blank\" rel=\"noopener noreferrer nofollow\" href=\"https:\/\/tvi.iol.pt\/secretstory\/\"><strong>Secret Story \u2013 Casa dos Segredos<\/strong><\/a>.<\/p>\n<p>Veja a publica\u00e7\u00e3o aqui:  <\/p>\n<p>Doriana assume uma miss\u00e3o especial neste dia e surge como maquilhadora da noiva, sendo respons\u00e1vel por preparar Iury Mellany para um dos momentos mais importantes da sua vida.<\/p>\n<p>A presen\u00e7a da antiga concorrente acaba por criar uma liga\u00e7\u00e3o curiosa entre diferentes gera\u00e7\u00f5es dos reality shows da TVI, juntando no mesmo momento nomes que marcaram diferentes edi\u00e7\u00f5es dos formatos do canal.<\/p>\n<p><strong>Veja tamb\u00e9m: <\/strong><a target=\"_blank\" rel=\"noopener noreferrer nofollow\" href=\"https:\/\/tvi.iol.pt\/doisas10\/video\/iury-mellany-e-daniel-monteiro-revelam-quais-os-ex-concorrentes-que-vao-ao-casamento\/6a8575000cf2f6a1a1e74666?_gl=1*16nr8zu*_up*MQ..*_ga*NDU0MzU5NzU1LjE3ODg2MDkzNDc.*_ga_F2JC3V5NZ2*czE3ODg2MDkzNDUkbzEkZzAkdDE3ODg2MDkzNDUkajYwJGwwJGgzNjgzOTUwNTA.*_ga_KWPC3NPF0M*czE3ODg2MDkzNDUkbzEkZzAkdDE3ODg2MDkzNDUkajYwJGwwJGgxMjg2OTI0MzM3\"><strong>Iury Mellany e Daniel Monteiro revelam quais os ex-concorrentes que v\u00e3o ao casamento<\/strong><\/a><\/p>\n<p>Recorde o pedido de casamento, feito dentro da casa mais vigiada do pa\u00eds:  <\/p>\n<p><strong>Veja tamb\u00e9m: <\/strong><a target=\"_blank\" rel=\"noopener noreferrer nofollow\" href=\"https:\/\/tvi.iol.pt\/secretstory\/iury-mellany\/anuska-mellany\/mae-e-irma-de-iury-mellany-foram-apanhadas-de-surpresa-com-pedido-de-casamento-nao-sabia-mas-achamos-muito-estranho\"><strong>M\u00e3e e irm\u00e3 de Iury Mellany foram apanhadas de surpresa com pedido de casamento: \u00abN\u00e3o sabia, mas ach\u00e1mos muito estranho&#8230;\u00bb<\/strong><\/a><\/p>\n","protected":false},"excerpt":{"rendered":"Iury Mellany e Daniel Monteiro d\u00e3o hoje, s\u00e1bado, 5 de setembro, o t\u00e3o esperado \u201csim\u201d. O casal, que&hellip;\n","protected":false},"author":2,"featured_media":512801,"comment_status":"","ping_status":"","sticky":false,"template":"","format":"standard","meta":{"footnotes":"","_share_on_mastodon":"0"},"categories":[85],"tags":[331,48,15445,333,328,335,30724,336,50208,114,115,334,332,330,4786,338,13,32,33,1315,162,227],"class_list":["post-512800","post","type-post","status-publish","format-standard","has-post-thumbnail","category-entretenimento","tag-big","tag-big-brother","tag-big-brother-2020","tag-comentadores","tag-concorrentes","tag-confrontos","tag-daniel-monteiro","tag-discussoes","tag-doriana-sousa","tag-entertainment","tag-entretenimento","tag-exclusivos","tag-expulso","tag-gala","tag-iury-mellany","tag-maria-botelho-moniz","tag-noticias","tag-portugal","tag-pt","tag-secret-story","tag-tvi","tag-videos"],"share_on_mastodon":{"url":"https:\/\/pubeurope.com\/@pt\/117218905031922903","error":""},"_links":{"self":[{"href":"https:\/\/www.europesays.com\/pt\/wp-json\/wp\/v2\/posts\/512800","targetHints":{"allow":["GET"]}}],"collection":[{"href":"https:\/\/www.europesays.com\/pt\/wp-json\/wp\/v2\/posts"}],"about":[{"href":"https:\/\/www.europesays.com\/pt\/wp-json\/wp\/v2\/types\/post"}],"author":[{"embeddable":true,"href":"https:\/\/www.europesays.com\/pt\/wp-json\/wp\/v2\/users\/2"}],"replies":[{"embeddable":true,"href":"https:\/\/www.europesays.com\/pt\/wp-json\/wp\/v2\/comments?post=512800"}],"version-history":[{"count":0,"href":"https:\/\/www.europesays.com\/pt\/wp-json\/wp\/v2\/posts\/512800\/revisions"}],"wp:featuredmedia":[{"embeddable":true,"href":"https:\/\/www.europesays.com\/pt\/wp-json\/wp\/v2\/media\/512801"}],"wp:attachment":[{"href":"https:\/\/www.europesays.com\/pt\/wp-json\/wp\/v2\/media?parent=512800"}],"wp:term":[{"taxonomy":"category","embeddable":true,"href":"https:\/\/www.europesays.com\/pt\/wp-json\/wp\/v2\/categories?post=512800"},{"taxonomy":"post_tag","embeddable":true,"href":"https:\/\/www.europesays.com\/pt\/wp-json\/wp\/v2\/tags?post=512800"}],"curies":[{"name":"wp","href":"https:\/\/api.w.org\/{rel}","templated":true}]}}