{"id":512804,"date":"2026-09-05T14:33:14","date_gmt":"2026-09-05T14:33:14","guid":{"rendered":"https:\/\/www.europesays.com\/pt\/512804\/"},"modified":"2026-09-05T14:33:14","modified_gmt":"2026-09-05T14:33:14","slug":"iury-mellany-e-daniel-monteiro-ja-estao-casados-veja-o-vestido-da-noiva","status":"publish","type":"post","link":"https:\/\/www.europesays.com\/pt\/512804\/","title":{"rendered":"Iury Mellany e Daniel Monteiro j\u00e1 est\u00e3o casados: veja o vestido da noiva!"},"content":{"rendered":"<p>Este s\u00e1bado, dia 5, est\u00e1 a ser inesquec\u00edvel para Iury Mellany, que se casa com Daniel Monteiro.<\/p>\n<p>No Instagram, os convidados da cerim\u00f3nia, al\u00e9m da pr\u00f3pria noiva, t\u00eam revelado imagens do casamento.\u00a0Destacam-se os registos, nos quais se v\u00ea o vestido de noiva.<\/p>\n<p>Veja, agora, as imagens do casamento de Iury Mellany e Daniel Monteiro na galeria de fotografias que prepar\u00e1mos para si.<\/p>\n","protected":false},"excerpt":{"rendered":"Este s\u00e1bado, dia 5, est\u00e1 a ser inesquec\u00edvel para Iury Mellany, que se casa com Daniel Monteiro. No&hellip;\n","protected":false},"author":2,"featured_media":512805,"comment_status":"","ping_status":"","sticky":false,"template":"","format":"standard","meta":{"footnotes":"","_share_on_mastodon":"0"},"categories":[145],"tags":[48,1435,66106,211,210,30724,114,115,980,1015,4786,619,32,33,1014,1016,1012,162],"class_list":["post-512804","post","type-post","status-publish","format-standard","has-post-thumbnail","category-celebridades","tag-big-brother","tag-casamento","tag-casamentos-2026","tag-celebridades","tag-celebrities","tag-daniel-monteiro","tag-entertainment","tag-entretenimento","tag-famosos","tag-instagram","tag-iury-mellany","tag-nacional","tag-portugal","tag-pt","tag-reality-show","tag-romance","tag-selfie","tag-tvi"],"share_on_mastodon":{"url":"https:\/\/pubeurope.com\/@pt\/117218928373982396","error":""},"_links":{"self":[{"href":"https:\/\/www.europesays.com\/pt\/wp-json\/wp\/v2\/posts\/512804","targetHints":{"allow":["GET"]}}],"collection":[{"href":"https:\/\/www.europesays.com\/pt\/wp-json\/wp\/v2\/posts"}],"about":[{"href":"https:\/\/www.europesays.com\/pt\/wp-json\/wp\/v2\/types\/post"}],"author":[{"embeddable":true,"href":"https:\/\/www.europesays.com\/pt\/wp-json\/wp\/v2\/users\/2"}],"replies":[{"embeddable":true,"href":"https:\/\/www.europesays.com\/pt\/wp-json\/wp\/v2\/comments?post=512804"}],"version-history":[{"count":0,"href":"https:\/\/www.europesays.com\/pt\/wp-json\/wp\/v2\/posts\/512804\/revisions"}],"wp:featuredmedia":[{"embeddable":true,"href":"https:\/\/www.europesays.com\/pt\/wp-json\/wp\/v2\/media\/512805"}],"wp:attachment":[{"href":"https:\/\/www.europesays.com\/pt\/wp-json\/wp\/v2\/media?parent=512804"}],"wp:term":[{"taxonomy":"category","embeddable":true,"href":"https:\/\/www.europesays.com\/pt\/wp-json\/wp\/v2\/categories?post=512804"},{"taxonomy":"post_tag","embeddable":true,"href":"https:\/\/www.europesays.com\/pt\/wp-json\/wp\/v2\/tags?post=512804"}],"curies":[{"name":"wp","href":"https:\/\/api.w.org\/{rel}","templated":true}]}}