{"id":512860,"date":"2026-09-05T15:41:10","date_gmt":"2026-09-05T15:41:10","guid":{"rendered":"https:\/\/www.europesays.com\/pt\/512860\/"},"modified":"2026-09-05T15:41:10","modified_gmt":"2026-09-05T15:41:10","slug":"star-wars-deve-copiar-formula-de-vingadores-para-encerrar-duas-series","status":"publish","type":"post","link":"https:\/\/www.europesays.com\/pt\/512860\/","title":{"rendered":"Star Wars deve copiar f\u00f3rmula de Vingadores para encerrar duas s\u00e9ries"},"content":{"rendered":"<p>A <a href=\"https:\/\/tangerina.uol.com.br\/tag\/disney\/\" target=\"_blank\" rel=\"noreferrer noopener nofollow\">Disney<\/a> pode estar preparando para <strong>Star Wars<\/strong> uma estrat\u00e9gia que a <a href=\"https:\/\/tangerina.uol.com.br\/tag\/marvel\/\" target=\"_blank\" rel=\"noreferrer noopener nofollow\">Marvel<\/a> transformou em fen\u00f4meno com Vingadores: reunir personagens de diferentes produ\u00e7\u00f5es em um grande filme-evento. O projeto ainda sem t\u00edtulo comandado por Dave Filoni voltou a dar sinais de vida e pode representar o encerramento de duas s\u00e9ries importantes da franquia.<\/p>\n<p>O longa apareceu novamente no <a href=\"https:\/\/www.productionweekly.com\/\" target=\"_blank\" rel=\"noreferrer noopener nofollow\">Production Weekly<\/a> com uma descri\u00e7\u00e3o que afirma que a hist\u00f3ria ser\u00e1 centrada na Nova Rep\u00fablica e concluir\u00e1 as narrativas interligadas de The Mandalorian (2019-2023), O Livro de Boba Fett (2021-2022), Ahsoka e outras produ\u00e7\u00f5es lan\u00e7adas no Disney+. Disney e Lucasfilm, por\u00e9m, ainda n\u00e3o fizeram um an\u00fancio oficial sobre o avan\u00e7o do projeto.<\/p>\n<p>A proposta lembra diretamente a f\u00f3rmula adotada pela Marvel com Vingadores. Em vez de manter cada hist\u00f3ria isolada, Filoni pretende reunir personagens e conflitos desenvolvidos ao longo de diferentes produ\u00e7\u00f5es em um \u00fanico evento cinematogr\u00e1fico. A expectativa \u00e9 de uma grande batalha envolvendo esses n\u00facleos, embora detalhes sobre o antagonista ainda n\u00e3o tenham sido confirmados.<\/p>\n<p><img alt=\"Pedro Pascal em cena de Star Wars: O Mandaloriano e Grogu\" src=\"data:image\/gif;base64,R0lGODlhAQABAIAAAAAAAP\/\/\/yH5BAEAAAAALAAAAAABAAEAAAIBRAA7\" decoding=\"async\" style=\"position:absolute;top:0;left:0;bottom:0;right:0;box-sizing:border-box;padding:0;border:none;margin:auto;display:block;width:0;height:0;min-width:100%;max-width:100%;min-height:100%;max-height:100%\"\/><\/p>\n<p font-weight=\"500\" font-size=\"14px\" class=\"style__Typo-sc-1e1gvva-0 ezCJRb\">Pedro Pascal em cena de Star Wars: O Mandaloriano e Grogu<\/p>\n<p font-weight=\"300\" font-size=\"14px\" class=\"style__Typo-sc-1e1gvva-0 fvAQOT\">(Foto: LucasFilm\/Divulga\u00e7\u00e3o)<\/p>\n<p>Filme pode marcar fim de The Mandalorian e Ahsoka<\/p>\n<p>A descri\u00e7\u00e3o ganha ainda mais peso pelo uso da ideia de \u201cconcluir\u201d as hist\u00f3rias conectadas. Caso o projeto realmente funcione como ponto final dessa fase de Star Wars, The Mandalorian e Ahsoka podem estar entre as s\u00e9ries diretamente afetadas.<\/p>\n<p>No caso de The Mandalorian, isso refor\u00e7aria a possibilidade de a trajet\u00f3ria de Din Djarin (Pedro Pascal) e Grogu caminhar para sua conclus\u00e3o nos cinemas. O Mandaloriano e Grogu chegou \u00e0s telonas em maio, e o novo projeto de Filoni poderia eliminar a necessidade tanto de uma quarta temporada quanto de uma continua\u00e7\u00e3o direta do longa. O filme, inclusive, acabou de estrear no Disney+.<\/p>\n<p>Ahsoka tamb\u00e9m estaria nesse caminho. A segunda temporada est\u00e1 em desenvolvimento e ainda possui diferentes elementos para explorar, incluindo Anakin Skywalker (Hayden Christensen) como Fantasma da For\u00e7a, flashbacks das Guerras Cl\u00f4nicas e os Deuses de Mortis. O filme poderia funcionar como a culmina\u00e7\u00e3o dessas tramas depois dos pr\u00f3ximos epis\u00f3dios.<\/p>\n<p>A ideia, portanto, seria transformar anos de hist\u00f3rias do Disney+ em uma esp\u00e9cie de \u201cVingadores de Star Wars\u201d: diferentes protagonistas, s\u00e9ries e conflitos convergindo para uma produ\u00e7\u00e3o maior nos cinemas. Se a descri\u00e7\u00e3o se confirmar, o longa de Dave Filoni n\u00e3o ser\u00e1 apenas mais um cap\u00edtulo da franquia, mas o poss\u00edvel ponto final da era iniciada por The Mandalorian no streaming.<\/p>\n<p>Enquanto o futuro dessa hist\u00f3ria come\u00e7a a tomar forma, O Mandaloriano e Grogu segue em alta no streaming. O filme ocupa atualmente o primeiro lugar entre os mais assistidos do Disney+ tanto no Brasil quanto no mundo. Assista abaixo ao trailer:<\/p>\n","protected":false},"excerpt":{"rendered":"A Disney pode estar preparando para Star Wars uma estrat\u00e9gia que a Marvel transformou em fen\u00f4meno com Vingadores:&hellip;\n","protected":false},"author":2,"featured_media":512861,"comment_status":"","ping_status":"","sticky":false,"template":"","format":"standard","meta":{"footnotes":"","_share_on_mastodon":"0"},"categories":[140],"tags":[470,1579,114,115,147,148,146,32,33,5418],"class_list":["post-512860","post","type-post","status-publish","format-standard","has-post-thumbnail","category-filmes","tag-cinema","tag-disney","tag-entertainment","tag-entretenimento","tag-film","tag-filmes","tag-movies","tag-portugal","tag-pt","tag-star-wars"],"share_on_mastodon":{"url":"https:\/\/pubeurope.com\/@pt\/117219196224938987","error":""},"_links":{"self":[{"href":"https:\/\/www.europesays.com\/pt\/wp-json\/wp\/v2\/posts\/512860","targetHints":{"allow":["GET"]}}],"collection":[{"href":"https:\/\/www.europesays.com\/pt\/wp-json\/wp\/v2\/posts"}],"about":[{"href":"https:\/\/www.europesays.com\/pt\/wp-json\/wp\/v2\/types\/post"}],"author":[{"embeddable":true,"href":"https:\/\/www.europesays.com\/pt\/wp-json\/wp\/v2\/users\/2"}],"replies":[{"embeddable":true,"href":"https:\/\/www.europesays.com\/pt\/wp-json\/wp\/v2\/comments?post=512860"}],"version-history":[{"count":0,"href":"https:\/\/www.europesays.com\/pt\/wp-json\/wp\/v2\/posts\/512860\/revisions"}],"wp:featuredmedia":[{"embeddable":true,"href":"https:\/\/www.europesays.com\/pt\/wp-json\/wp\/v2\/media\/512861"}],"wp:attachment":[{"href":"https:\/\/www.europesays.com\/pt\/wp-json\/wp\/v2\/media?parent=512860"}],"wp:term":[{"taxonomy":"category","embeddable":true,"href":"https:\/\/www.europesays.com\/pt\/wp-json\/wp\/v2\/categories?post=512860"},{"taxonomy":"post_tag","embeddable":true,"href":"https:\/\/www.europesays.com\/pt\/wp-json\/wp\/v2\/tags?post=512860"}],"curies":[{"name":"wp","href":"https:\/\/api.w.org\/{rel}","templated":true}]}}