{"id":512902,"date":"2026-09-05T16:14:35","date_gmt":"2026-09-05T16:14:35","guid":{"rendered":"https:\/\/www.europesays.com\/pt\/512902\/"},"modified":"2026-09-05T16:14:35","modified_gmt":"2026-09-05T16:14:35","slug":"estao-quase-a-chegar-a-europa-os-primeiros-eletricos-xiaomi","status":"publish","type":"post","link":"https:\/\/www.europesays.com\/pt\/512902\/","title":{"rendered":"Est\u00e3o quase a chegar \u00e0 Europa os primeiros el\u00e9tricos Xiaomi"},"content":{"rendered":"<p class=\"wp-caption-text top\">Xiaomi<\/p>\n<p><img decoding=\"async\" loading=\"lazy\" class=\"size-full wp-image-689140\" src=\"https:\/\/www.europesays.com\/pt\/wp-content\/uploads\/2026\/09\/875c521d8332b4d70a583a4606ad42ec-1600x900.jpg\" alt=\"\" width=\"1600\" height=\"900\"  \/><\/p>\n<p><strong>Empresa chinesa assinou acordos preliminares com oito grupos de concession\u00e1rios alem\u00e3es. Venda deve come\u00e7ar no pr\u00f3ximo ano.<\/strong><\/p>\n<p>A chinesa Xiaomi assinou hoje acordos preliminares com oito grupos de concession\u00e1rios alem\u00e3es para construir a sua rede de venda e assist\u00eancia de ve\u00edculos el\u00e9tricos na Europa, onde prev\u00ea iniciar a comercializa\u00e7\u00e3o em 2027.<\/p>\n<p>A empresa anunciou, durante a feira tecnol\u00f3gica IFA, em Berlim, a assinatura de memorandos de entendimento com a Ernst Dello, Autohaus Dinnebier, Emil Frey Germany, Fett &amp; Wirtz Automobile, Hahn Automobile, LUEG Mobility, Penske-Jacobs Innovation e SPT Avior.<\/p>\n<p>A Xiaomi indicou, num comunicado, citado pela ag\u00eancia EFE, que os acordos representam \u201co primeiro passo\u201d para construir a sua rede comercial e de assist\u00eancia na Europa, e adiantou que prev\u00ea acrescentar novos distribuidores em outros pa\u00edses do continente \u00e0 medida que se aproximar o lan\u00e7amento previsto para 2027.<\/p>\n<p>A Alemanha ser\u00e1 assim um dos primeiros mercados europeus da divis\u00e3o autom\u00f3vel da tecnol\u00f3gica, que conta tamb\u00e9m com um centro de investiga\u00e7\u00e3o e desenvolvimento em Munique.<\/p>\n<p>A empresa tinha confirmado em agosto que come\u00e7aria a vender os seus ve\u00edculos el\u00e9tricos na Europa em 2027, ap\u00f3s o seu fundador e presidente executivo, Lei Jun, ter indicado anteriormente que a elevada procura na China e as limita\u00e7\u00f5es da capacidade de produ\u00e7\u00e3o impediam antecipar a expans\u00e3o internacional.<\/p>\n<p>A Xiaomi entrou no setor autom\u00f3vel em 2024 com o <a href=\"https:\/\/zap.aeiou.pt\/xiaomi-estreou-se-nos-eletricos-vendeu-50-mil-carros-nos-primeiros-27-minutos-593198\" data-wpel-link=\"internal\" rel=\"nofollow noopener\" target=\"_blank\">SU7<\/a> e alargou posteriormente a sua gama, com o SUV <a href=\"https:\/\/zap.aeiou.pt\/segundo-carro-eletrico-xiaomi-300-km-726868\" data-wpel-link=\"internal\" rel=\"nofollow noopener\" target=\"_blank\">YU7<\/a>.<\/p>\n<p>Desde o in\u00edcio do processo, em mar\u00e7o desse ano, a empresa afirma ter entregado mais de 700.000 ve\u00edculos na China.<\/p>\n<p>A tecnol\u00f3gica, conhecida sobretudo pelos seus telem\u00f3veis e outros dispositivos eletr\u00f3nicos, estabeleceu como objetivo vender 550.000 ve\u00edculos em 2026, mais 34% do que no ano anterior.<\/p>\n","protected":false},"excerpt":{"rendered":"Xiaomi Empresa chinesa assinou acordos preliminares com oito grupos de concession\u00e1rios alem\u00e3es. Venda deve come\u00e7ar no pr\u00f3ximo ano.&hellip;\n","protected":false},"author":2,"featured_media":512903,"comment_status":"","ping_status":"","sticky":false,"template":"","format":"standard","meta":{"footnotes":"","_share_on_mastodon":"0"},"categories":[83],"tags":[1305,88,269,358,3398,4212,89,428,2384,90,32,33,360],"class_list":["post-512902","post","type-post","status-publish","format-standard","has-post-thumbnail","category-empresas","tag-alemanha","tag-business","tag-capa","tag-china","tag-comercio","tag-consumo","tag-economy","tag-eletricos","tag-empresa","tag-empresas","tag-portugal","tag-pt","tag-xiaomi"],"share_on_mastodon":{"url":"https:\/\/pubeurope.com\/@pt\/117219326457020457","error":""},"_links":{"self":[{"href":"https:\/\/www.europesays.com\/pt\/wp-json\/wp\/v2\/posts\/512902","targetHints":{"allow":["GET"]}}],"collection":[{"href":"https:\/\/www.europesays.com\/pt\/wp-json\/wp\/v2\/posts"}],"about":[{"href":"https:\/\/www.europesays.com\/pt\/wp-json\/wp\/v2\/types\/post"}],"author":[{"embeddable":true,"href":"https:\/\/www.europesays.com\/pt\/wp-json\/wp\/v2\/users\/2"}],"replies":[{"embeddable":true,"href":"https:\/\/www.europesays.com\/pt\/wp-json\/wp\/v2\/comments?post=512902"}],"version-history":[{"count":0,"href":"https:\/\/www.europesays.com\/pt\/wp-json\/wp\/v2\/posts\/512902\/revisions"}],"wp:featuredmedia":[{"embeddable":true,"href":"https:\/\/www.europesays.com\/pt\/wp-json\/wp\/v2\/media\/512903"}],"wp:attachment":[{"href":"https:\/\/www.europesays.com\/pt\/wp-json\/wp\/v2\/media?parent=512902"}],"wp:term":[{"taxonomy":"category","embeddable":true,"href":"https:\/\/www.europesays.com\/pt\/wp-json\/wp\/v2\/categories?post=512902"},{"taxonomy":"post_tag","embeddable":true,"href":"https:\/\/www.europesays.com\/pt\/wp-json\/wp\/v2\/tags?post=512902"}],"curies":[{"name":"wp","href":"https:\/\/api.w.org\/{rel}","templated":true}]}}