{"id":512910,"date":"2026-09-05T16:21:22","date_gmt":"2026-09-05T16:21:22","guid":{"rendered":"https:\/\/www.europesays.com\/pt\/512910\/"},"modified":"2026-09-05T16:21:22","modified_gmt":"2026-09-05T16:21:22","slug":"residencia-perichon-odb-arquitectos","status":"publish","type":"post","link":"https:\/\/www.europesays.com\/pt\/512910\/","title":{"rendered":"Resid\u00eancia Perich\u00f3n \/ ODB Arquitectos"},"content":{"rendered":"<p><a class=\"js-image-size__link \" href=\"https:\/\/www.archdaily.com\/pt\/1184582\/residencia-perichon-odb-arquitectos\/6a9acf0b15d86f0001a2f014-residencia-perichon-odb-arquitectos-foto\" rel=\"attachment nofollow noopener\" style=\"width: 100%;\" target=\"_blank\"><img decoding=\"async\" alt=\"Resid\u00eancia Perich\u00f3n \/ ODB Arquitectos - Imagem 1 de 36\" data-nr-picture-id=\"6a9acf0b15d86f0001a2f014\" fetchpriority=\"high\" height=\"426\" itemprop=\"image\" loading=\"eager\" longdesc=\"https:\/\/www.archdaily.com\/pt\/1184582\/residencia-perichon-odb-arquitectos\/6a9acf0b15d86f0001a2f014-residencia-perichon-odb-arquitectos-foto\" src=\"https:\/\/www.europesays.com\/pt\/wp-content\/uploads\/2026\/09\/Perich_n_-_WEB___Ramiro_Sosa__46_.jpg\" style=\"min-height: var(--featured-height, auto); aspect-ratio: auto 640 \/ 426\" width=\"640\"\/><\/a>\u00a9 Ramiro Sosa<\/p>\n<p class=\"thumbs afd-desktop-e\"><a class=\"thumbs__link\" data-nr-picture-id=\"6a9acf0c15d86f0001a2f016\" href=\"https:\/\/www.archdaily.com\/pt\/1184582\/residencia-perichon-odb-arquitectos\/6a9acf0c15d86f0001a2f016-residencia-perichon-odb-arquitectos-foto\" rel=\"attachment nofollow noopener\" target=\"_blank\"><img loading=\"lazy\" decoding=\"async\" alt=\"Resid\u00eancia Perich\u00f3n \/ ODB Arquitectos - Imagem 2 de 36\" class=\"thumbs__img b-lazy\" data-nr-picture-id=\"6a9acf0c15d86f0001a2f016\" data-pin-nopin=\"true\" src=\"https:\/\/www.europesays.com\/pt\/wp-content\/uploads\/2026\/09\/Perich_n_-_WEB___Ramiro_Sosa__64_.jpg\" height=\"125\" longdesc=\"https:\/\/www.archdaily.com\/pt\/1184582\/residencia-perichon-odb-arquitectos\/6a9acf0c15d86f0001a2f016-residencia-perichon-odb-arquitectos-foto\" title=\"\u00a9 Ramiro Sosa\" width=\"125\"\/><\/a><a class=\"thumbs__link\" data-nr-picture-id=\"6a9acf0b15d86f0001a2f00b\" href=\"https:\/\/www.archdaily.com\/pt\/1184582\/residencia-perichon-odb-arquitectos\/6a9acf0b15d86f0001a2f00b-residencia-perichon-odb-arquitectos-foto\" rel=\"attachment nofollow noopener\" target=\"_blank\"><img loading=\"lazy\" decoding=\"async\" alt=\"Resid\u00eancia Perich\u00f3n \/ ODB Arquitectos - Fotografia de Interiores\" class=\"thumbs__img b-lazy\" data-nr-picture-id=\"6a9acf0b15d86f0001a2f00b\" data-pin-nopin=\"true\" src=\"https:\/\/www.europesays.com\/pt\/wp-content\/uploads\/2026\/09\/Perich_n_-_WEB___Ramiro_Sosa__24_.jpg\" height=\"125\" longdesc=\"https:\/\/www.archdaily.com\/pt\/1184582\/residencia-perichon-odb-arquitectos\/6a9acf0b15d86f0001a2f00b-residencia-perichon-odb-arquitectos-foto\" title=\"\u00a9 Ramiro Sosa\" width=\"125\"\/><\/a><a class=\"thumbs__link\" data-nr-picture-id=\"6a9acf0b15d86f0001a2f013\" href=\"https:\/\/www.archdaily.com\/pt\/1184582\/residencia-perichon-odb-arquitectos\/6a9acf0b15d86f0001a2f013-residencia-perichon-odb-arquitectos-foto\" rel=\"attachment nofollow noopener\" target=\"_blank\"><img loading=\"lazy\" decoding=\"async\" alt=\"Resid\u00eancia Perich\u00f3n \/ ODB Arquitectos - Imagem 4 de 36\" class=\"thumbs__img b-lazy\" data-nr-picture-id=\"6a9acf0b15d86f0001a2f013\" data-pin-nopin=\"true\" src=\"https:\/\/www.europesays.com\/pt\/wp-content\/uploads\/2026\/09\/Perich_n_-_WEB___Ramiro_Sosa__45_.jpg\" height=\"125\" longdesc=\"https:\/\/www.archdaily.com\/pt\/1184582\/residencia-perichon-odb-arquitectos\/6a9acf0b15d86f0001a2f013-residencia-perichon-odb-arquitectos-foto\" title=\"\u00a9 Ramiro Sosa\" width=\"125\"\/><\/a><a class=\"thumbs__link\" data-nr-picture-id=\"6a9acf0b15d86f0001a2f015\" href=\"https:\/\/www.archdaily.com\/pt\/1184582\/residencia-perichon-odb-arquitectos\/6a9acf0b15d86f0001a2f015-residencia-perichon-odb-arquitectos-foto\" rel=\"attachment nofollow noopener\" target=\"_blank\"><img loading=\"lazy\" decoding=\"async\" alt=\"Resid\u00eancia Perich\u00f3n \/ ODB Arquitectos - Fotografia de Exterior, Tijolo\" class=\"thumbs__img b-lazy\" data-nr-picture-id=\"6a9acf0b15d86f0001a2f015\" data-pin-nopin=\"true\" src=\"https:\/\/www.europesays.com\/pt\/wp-content\/uploads\/2026\/09\/Perich_n_-_WEB___Ramiro_Sosa__59_.jpg\" height=\"125\" longdesc=\"https:\/\/www.archdaily.com\/pt\/1184582\/residencia-perichon-odb-arquitectos\/6a9acf0b15d86f0001a2f015-residencia-perichon-odb-arquitectos-foto\" title=\"\u00a9 Ramiro Sosa\" width=\"125\"\/><\/a><a class=\"thumbs__link afd-desktop-e\" href=\"https:\/\/www.archdaily.com\/pt\/1184582\/residencia-perichon-odb-arquitectos\/6a9acf0b15d86f0001a2f014-residencia-perichon-odb-arquitectos-foto\" rel=\"nofollow noopener\" target=\"_blank\"><img decoding=\"async\" alt=\"Resid\u00eancia Perich\u00f3n \/ ODB Arquitectos - Mais Imagens\" class=\"thumbs__img b-lazy\" src=\"https:\/\/www.europesays.com\/pt\/wp-content\/uploads\/2026\/09\/Perich_n_-_WEB___Ramiro_Sosa__46_.jpg\" itemprop=\"image\" bad-src=\"data:image\/gif;base64,R0lGODlhAQABAIAAAAUEBAAAACwAAAAAAQABAAACAkQBADs=\"\/>+ 31<\/a><\/p>\n<p class=\"article-meta__author\">Curadoria de <strong>Valentina D\u00edaz<\/strong><\/p>\n<p class=\"article-meta__original-version\">Leia a vers\u00e3o original em espanhol <a href=\"https:\/\/www.archdaily.com\/es\/1184552\/vivienda-perichon-odb-arquitectos\" rel=\"nofollow noopener\" target=\"_blank\">aqui<\/a>.<\/p>\n<p>    Compartilhar<\/p>\n<p>Compartilhar<\/p>\n<ul class=\"afd-share__networks clearfix\">\n<li class=\"afd-share__social\"><a aria-label=\"Facebook\" class=\"afd-share__button\" data-insights-category=\"share\" data-insights-label=\"facebook_sharing_options\" data-insights-value=\"1184582\" data-social=\"facebook\" href=\"https:\/\/www.facebook.com\/sharer\/sharer.php?u=https:\/\/www.archdaily.com.br\/pt\/1184582\/residencia-perichon-odb-arquitectos\" rel=\"nofollow noopener\" target=\"_blank\"><\/a>\n<p>Facebook<\/p>\n<\/li>\n<li class=\"afd-share__social\"><a aria-label=\"Twitter\" class=\"afd-share__button\" data-insights-category=\"share\" data-insights-label=\"twitter_sharing_options\" data-insights-value=\"1184582\" data-social=\"twitter\" href=\"https:\/\/twitter.com\/intent\/tweet?text=Resid%C3%AAncia%20Perich%C3%B3n%20%2F%20ODB%20Arquitectos&amp;url=https:\/\/www.archdaily.com.br\/pt\/1184582\/residencia-perichon-odb-arquitectos&amp;via=archdailybr\" rel=\"nofollow noopener\" target=\"_blank\"><\/a>\n<p>Twitter<\/p>\n<\/li>\n<li class=\"afd-share__social\"><a class=\"afd-share__button\" data-insights-category=\"share\" data-insights-label=\"email_sharing_options\" data-insights-value=\"1184582\" data-social=\"email\" href=\"mailto:?subject=Resid\u00eancia Perich\u00f3n \/ ODB Arquitectos&amp;body=https:\/\/www.archdaily.com.br\/pt\/1184582\/residencia-perichon-odb-arquitectos\"><\/a>\n<p>Mail<\/p>\n<\/li>\n<li class=\"afd-share__social\"><a aria-label=\"Pinterest\" class=\"afd-share__button\" data-insights-category=\"share\" data-insights-label=\"pinterest_sharing_options\" data-insights-value=\"1184582\" data-social=\"pinterest\" href=\"https:\/\/pinterest.com\/pin\/create\/button\/?url=https%3A%2F%2Fwww.archdaily.com.br%2Fpt%2F1184582%2Fresidencia-perichon-odb-arquitectos&amp;media=https%3A%2F%2Fimages.adsttc.com%2Fmedia%2Fimages%2F6a9a%2Fcf0b%2F15d8%2F6f00%2F01a2%2Ff014%2Flarge_jpg%2FPerich_n_-_WEB___Ramiro_Sosa__46_.jpg%3F1788530520&amp;description=Resid%C3%AAncia%20Perich%C3%B3n%20%2F%20ODB%20Arquitectos\" rel=\"nofollow noopener\" target=\"_blank\"><\/a>\n<p>Pinterest<\/p>\n<\/li>\n<li class=\"afd-share__social\"><a aria-label=\"Whatsapp\" class=\"afd-share__button\" data-action=\"share\/whatsapp\/share\" data-insights-category=\"share\" data-insights-label=\"whatsapp_sharing_options\" data-insights-value=\"1184582\" data-social=\"whatsapp\" href=\"whatsapp:\/\/send?text=Resid%C3%AAncia+Perich%C3%B3n+%2F+ODB+Arquitectos+%7C+https%3A%2F%2Fwww.archdaily.com.br%2Fpt%2F1184582%2Fresidencia-perichon-odb-arquitectos%3Futm_source%3DWhatsapp%26utm_medium%3DIM%26utm_campaign%3Dshare-button\" rel=\"nofollow\"><\/a>\n<p>Whatsapp<\/p>\n<\/li>\n<\/ul>\n<p>Ou<\/p>\n<p>https:\/\/www.archdaily.com.br\/pt\/1184582\/residencia-perichon-odb-arquitectos<\/p>\n<ul class=\"afd-char-list afd-specs__item-container js-char-list\">\n<li class=\"afd-specs__item\">\n<\/li>\n<li class=\"afd-specs__item\">\n  \u00c1rea<br \/>\n  \u00c1rea deste projeto de arquitetura<\/p>\n<p>\u00c1rea:\u00a0<br \/>\n        <a href=\"https:\/\/www.archdaily.com\/search\/pt\/projects\/min_area\/352\/max_area\/528?ad_name=project-specs&amp;ad_medium=single\" rel=\"nofollow noopener\" target=\"_blank\">440<\/a> m\u00b2<\/li>\n<li class=\"afd-specs__item\">\n<p>  Ano<br \/>\n  Ano de conclus\u00e3o deste projeto de arquitetura<\/p>\n<p>            Ano:\u00a0<\/p>\n<p>                    <a href=\"https:\/\/www.archdaily.com\/search\/pt\/projects\/year\/2026?ad_name=project-specs&amp;ad_medium=single\" rel=\"nofollow noopener\" target=\"_blank\"><br \/>\n          2026<br \/>\n        <\/a><\/p>\n<\/li>\n<li class=\"afd-specs__item\">\n<p>  Fot\u00f3grafo<\/p>\n<\/li>\n<\/ul>\n<p><a class=\"js-image-size__link lazy-anchor\" href=\"https:\/\/www.archdaily.com\/pt\/1184582\/residencia-perichon-odb-arquitectos\/6a9acf0a15d86f0001a2f002-residencia-perichon-odb-arquitectos-foto\" rel=\"nofollow noopener\" target=\"_blank\"><img decoding=\"async\" alt=\"Resid\u00eancia Perich\u00f3n \/ ODB Arquitectos - Imagem 6 de 36\" data-nr-picture-id=\"6a9acf0a15d86f0001a2f002\" height=\"427\" itemprop=\"image\" loading=\"lazy\" longdesc=\"https:\/\/www.archdaily.com\/pt\/1184582\/residencia-perichon-odb-arquitectos\/6a9acf0a15d86f0001a2f002-residencia-perichon-odb-arquitectos-foto\" src=\"https:\/\/www.europesays.com\/pt\/wp-content\/uploads\/2026\/09\/Perich_n_-_WEB___Ramiro_Sosa__1_.jpg\" width=\"640\"\/>\u00a9 Ramiro Sosa<\/a><\/p>\n<p>Descri\u00e7\u00e3o enviada pela equipe de projeto. A Casa Perich\u00f3n come\u00e7a a se definir antes mesmo de sua forma. O ponto de partida \u00e9 reconhecer cuidadosamente o que j\u00e1 existe: um terreno arborizado, uma clareira dispon\u00edvel em meio \u00e0 vegeta\u00e7\u00e3o e as condi\u00e7\u00f5es ambientais pr\u00f3prias da paisagem subtropical. Em vez de entender o local como uma superf\u00edcie vazia sobre a qual implantar um objeto, o projeto busca ocup\u00e1-lo com a menor altera\u00e7\u00e3o poss\u00edvel.<\/p>\n<p><img decoding=\"async\" src=\"https:\/\/www.europesays.com\/pt\/wp-content\/uploads\/2026\/09\/1788625282_706_loader-blue.gif\" alt=\"Content Loader\" style=\"width: 40px; margin: 24px;\"\/><script async src=\"https:\/\/platform.twitter.com\/widgets.js\" charset=\"utf-8\"><\/script><\/p>\n","protected":false},"excerpt":{"rendered":"\u00a9 Ramiro Sosa + 31 Curadoria de Valentina D\u00edaz Leia a vers\u00e3o original em espanhol aqui. Compartilhar Compartilhar&hellip;\n","protected":false},"author":2,"featured_media":512911,"comment_status":"","ping_status":"","sticky":false,"template":"","format":"standard","meta":{"footnotes":"","_share_on_mastodon":"0"},"categories":[144],"tags":[304,361,207,205,206,203,201,202,362,204,114,115,32,33],"class_list":["post-512910","post","type-post","status-publish","format-standard","has-post-thumbnail","category-arte-e-design","tag-arquitetura","tag-arquitetura-residencial","tag-arte","tag-arte-e-design","tag-artedesign","tag-arts","tag-arts-and-design","tag-artsanddesign","tag-casas","tag-design","tag-entertainment","tag-entretenimento","tag-portugal","tag-pt"],"share_on_mastodon":{"url":"https:\/\/pubeurope.com\/@pt\/117219354046215324","error":""},"_links":{"self":[{"href":"https:\/\/www.europesays.com\/pt\/wp-json\/wp\/v2\/posts\/512910","targetHints":{"allow":["GET"]}}],"collection":[{"href":"https:\/\/www.europesays.com\/pt\/wp-json\/wp\/v2\/posts"}],"about":[{"href":"https:\/\/www.europesays.com\/pt\/wp-json\/wp\/v2\/types\/post"}],"author":[{"embeddable":true,"href":"https:\/\/www.europesays.com\/pt\/wp-json\/wp\/v2\/users\/2"}],"replies":[{"embeddable":true,"href":"https:\/\/www.europesays.com\/pt\/wp-json\/wp\/v2\/comments?post=512910"}],"version-history":[{"count":0,"href":"https:\/\/www.europesays.com\/pt\/wp-json\/wp\/v2\/posts\/512910\/revisions"}],"wp:featuredmedia":[{"embeddable":true,"href":"https:\/\/www.europesays.com\/pt\/wp-json\/wp\/v2\/media\/512911"}],"wp:attachment":[{"href":"https:\/\/www.europesays.com\/pt\/wp-json\/wp\/v2\/media?parent=512910"}],"wp:term":[{"taxonomy":"category","embeddable":true,"href":"https:\/\/www.europesays.com\/pt\/wp-json\/wp\/v2\/categories?post=512910"},{"taxonomy":"post_tag","embeddable":true,"href":"https:\/\/www.europesays.com\/pt\/wp-json\/wp\/v2\/tags?post=512910"}],"curies":[{"name":"wp","href":"https:\/\/api.w.org\/{rel}","templated":true}]}}