{"id":512932,"date":"2026-09-05T16:47:33","date_gmt":"2026-09-05T16:47:33","guid":{"rendered":"https:\/\/www.europesays.com\/pt\/512932\/"},"modified":"2026-09-05T16:47:33","modified_gmt":"2026-09-05T16:47:33","slug":"presidente-da-republica-vai-ao-cunene-para-inaugurar-barragens-do-calucuve-e-do-ndue","status":"publish","type":"post","link":"https:\/\/www.europesays.com\/pt\/512932\/","title":{"rendered":"Presidente da Rep\u00fablica vai ao Cunene para inaugurar barragens do Calucuve e do Ndue"},"content":{"rendered":"<p>O Presidente da Rep\u00fablica, Jo\u00e3o Louren\u00e7o, segue na sexta-feira, 04, para a prov\u00edncia do Cunene para inaugurar as barragens do Calucuve e do Ndue, localizadas no munic\u00edpio de Cuvelai, apurou o Novo Jornal de fonte oficial.<\/p>\n<p>DF<\/p>\n<p>2 de Setembro\u00a02026 \u00e0s 12:03<\/p>\n<p>As duas grandes infra-estruturas h\u00eddricas foram dadas como conclu\u00eddas no final de Agosto de 2026, pelo Minist\u00e9rio da Energia e \u00c1guas, e integram as ac\u00e7\u00f5es do Programa de Combate aos Efeitos da Seca no Sul de Angola (PCESSA).<\/p>\n<p>O projecto visa transformar a gest\u00e3o h\u00eddrica regional a partir do rio Cuvelai e vai armazenar at\u00e9 141 milh\u00f5es de metros c\u00fabicos de \u00e1gua.<\/p>\n<p>A barragem possui uma altura de 31,69 metros e uma extens\u00e3o de 2.184 metros e inclui um canal adutor associado de 240 quil\u00f3metros de comprimento e a edifica\u00e7\u00e3o de 22 chimpacas (reservat\u00f3rios comunit\u00e1rios) ao longo do percurso.<\/p>\n<p>A infra-estrutura vai assegurar o abastecimento directo de \u00e1gua a mais de 80 mil habitantes e garantir\u00e1 a sobreviv\u00eancia e o abeberamento de mais de 200 mil cabe\u00e7as de gado.<\/p>\n<p>As obras da barragem do Calucuve, iniciadas em 2022, juntam-se ao esfor\u00e7o da vizinha barragem do Ndue (com capacidade para 170 milh\u00f5es de metros c\u00fabicos) e ao j\u00e1 inaugurado canal do Cafu.<\/p>\n<p>O objectivo principal destas infra-estruturas \u00e9 fixar as popula\u00e7\u00f5es locais, impulsionar a agricultura irrigada e alavancar a pecu\u00e1ria na prov\u00edncia, reduzindo a depend\u00eancia dos ciclos sazonais de seca extrema.<\/p>\n","protected":false},"excerpt":{"rendered":"O Presidente da Rep\u00fablica, Jo\u00e3o Louren\u00e7o, segue na sexta-feira, 04, para a prov\u00edncia do Cunene para inaugurar as&hellip;\n","protected":false},"author":2,"featured_media":512933,"comment_status":"","ping_status":"","sticky":false,"template":"","format":"standard","meta":{"footnotes":"","_share_on_mastodon":"0"},"categories":[50],"tags":[2992,2713,836,1063,1753,3003,2995,27,28,470,1195,315,135,3005,476,2993,2258,1169,15,16,2085,524,3002,3000,643,14,2998,2086,1856,82,2513,1428,25,26,2996,2994,2997,21,22,606,3001,62,150,619,12,718,2990,13,19,20,2991,2989,835,602,52,32,23,24,2999,548,679,58,2387,218,605,17,18,151,29,30,31,578,63,64,65,3004],"class_list":["post-512932","post","type-post","status-publish","format-standard","has-post-thumbnail","category-mundo","tag-actualidade","tag-africa","tag-analise","tag-angola","tag-artes","tag-assinatura","tag-benguela","tag-breaking-news","tag-breakingnews","tag-cinema","tag-concerto","tag-cultura","tag-desporto","tag-download","tag-economia","tag-editorial","tag-eleicoes","tag-facebook","tag-featured-news","tag-featurednews","tag-fotografia","tag-futebol","tag-galeria","tag-girabola","tag-google","tag-headlines","tag-huambo","tag-imagem","tag-informacao","tag-internacional","tag-jornal","tag-jornalismo","tag-latest-news","tag-latestnews","tag-lobito","tag-luanda","tag-lubango","tag-main-news","tag-mainnews","tag-meteorologia","tag-multimedia","tag-mundo","tag-musica","tag-nacional","tag-news","tag-newsletter","tag-nj","tag-noticias","tag-noticias-principais","tag-noticiasprincipais","tag-nova-vaga","tag-novo-jornal","tag-opiniao","tag-pais","tag-politica","tag-portugal","tag-principais-noticias","tag-principaisnoticias","tag-provincias","tag-redes-sociais","tag-reportagem","tag-sociedade","tag-teatro","tag-televisao","tag-tempo","tag-top-stories","tag-topstories","tag-tv","tag-ultimas","tag-ultimas-noticias","tag-ultimasnoticias","tag-video","tag-world","tag-world-news","tag-worldnews","tag-youtube"],"share_on_mastodon":{"url":"","error":"Validation failed: Text character limit of 500 exceeded"},"_links":{"self":[{"href":"https:\/\/www.europesays.com\/pt\/wp-json\/wp\/v2\/posts\/512932","targetHints":{"allow":["GET"]}}],"collection":[{"href":"https:\/\/www.europesays.com\/pt\/wp-json\/wp\/v2\/posts"}],"about":[{"href":"https:\/\/www.europesays.com\/pt\/wp-json\/wp\/v2\/types\/post"}],"author":[{"embeddable":true,"href":"https:\/\/www.europesays.com\/pt\/wp-json\/wp\/v2\/users\/2"}],"replies":[{"embeddable":true,"href":"https:\/\/www.europesays.com\/pt\/wp-json\/wp\/v2\/comments?post=512932"}],"version-history":[{"count":0,"href":"https:\/\/www.europesays.com\/pt\/wp-json\/wp\/v2\/posts\/512932\/revisions"}],"wp:featuredmedia":[{"embeddable":true,"href":"https:\/\/www.europesays.com\/pt\/wp-json\/wp\/v2\/media\/512933"}],"wp:attachment":[{"href":"https:\/\/www.europesays.com\/pt\/wp-json\/wp\/v2\/media?parent=512932"}],"wp:term":[{"taxonomy":"category","embeddable":true,"href":"https:\/\/www.europesays.com\/pt\/wp-json\/wp\/v2\/categories?post=512932"},{"taxonomy":"post_tag","embeddable":true,"href":"https:\/\/www.europesays.com\/pt\/wp-json\/wp\/v2\/tags?post=512932"}],"curies":[{"name":"wp","href":"https:\/\/api.w.org\/{rel}","templated":true}]}}