{"id":512944,"date":"2026-09-05T16:59:21","date_gmt":"2026-09-05T16:59:21","guid":{"rendered":"https:\/\/www.europesays.com\/pt\/512944\/"},"modified":"2026-09-05T16:59:21","modified_gmt":"2026-09-05T16:59:21","slug":"iury-mellany-e-daniel-monteiro-dizem-sim-veja-aqui-as-fotos-do-casamento-do-ano-big-brother-verao-2026-ultimas-noticias-videos-e-diretos","status":"publish","type":"post","link":"https:\/\/www.europesays.com\/pt\/512944\/","title":{"rendered":"Iury Mellany e Daniel Monteiro dizem \u201csim\u201d! Veja aqui as fotos do casamento do ano &#8211; Big Brother Ver\u00e3o 2026: \u00daltimas Not\u00edcias, V\u00eddeos e Diretos"},"content":{"rendered":"<p>\n                        Os noivos, os convidados e o espa\u00e7o: Veja aqui todos os detalhes do casamento de Iury Mellany e Daniel Monteiro.\n                    <\/p>\n<p><strong>Iury Mellany e Daniel Monteiro<\/strong> <a target=\"_self\" rel=\"noopener noreferrer nofollow\" href=\"https:\/\/tvi.iol.pt\/bigbrother\/search?pagina=1&amp;pesquisa=iury+mellany%20e%20daniel%20monteiro\">dizem \u201csim\u201d<\/a> este s\u00e1bado, dia 5 de setembro, <strong>num casamento que j\u00e1 est\u00e1 a ser acompanhado de perto pelos seguidores do casal<\/strong>. Entre convidados, <strong>espa\u00e7o decorado e pequenos pormenores<\/strong> que tornam <a target=\"_self\" rel=\"noopener noreferrer nofollow\" href=\"https:\/\/tvi.iol.pt\/bigbrother\/search?pagina=1&amp;pesquisa=iury+mellany%20e%20daniel%20monteiro\">o dia ainda mais especial,<\/a> esta galeria re\u00fane alguns dos momentos que t\u00eam vindo a ser partilhados nas redes sociais.<\/p>\n<p>Da chegada dos convidados \u00e0 decora\u00e7\u00e3o escolhida<a target=\"_self\" rel=\"noopener noreferrer nofollow\" href=\"https:\/\/tvi.iol.pt\/bigbrother\/search?pagina=1&amp;pesquisa=iury+mellany%20e%20daniel%20monteiro\"> para a cerim\u00f3nia<\/a>, <strong>percorra agora a galeria que prepar\u00e1mos para si e veja todos os detalhes deste dia \u00fanico na vida<\/strong> de <a target=\"_self\" rel=\"noopener noreferrer nofollow\" href=\"https:\/\/tvi.iol.pt\/bigbrother\/search?pagina=1&amp;pesquisa=iury+mellany%20e%20daniel%20monteiro\">Iury Mellany e Daniel Monteiro.<\/a><\/p>\n","protected":false},"excerpt":{"rendered":"Os noivos, os convidados e o espa\u00e7o: Veja aqui todos os detalhes do casamento de Iury Mellany e&hellip;\n","protected":false},"author":2,"featured_media":512945,"comment_status":"","ping_status":"","sticky":false,"template":"","format":"standard","meta":{"footnotes":"","_share_on_mastodon":"0"},"categories":[85],"tags":[331,48,1435,333,328,335,30724,336,114,115,334,332,330,4786,338,13,32,33,162,227],"class_list":["post-512944","post","type-post","status-publish","format-standard","has-post-thumbnail","category-entretenimento","tag-big","tag-big-brother","tag-casamento","tag-comentadores","tag-concorrentes","tag-confrontos","tag-daniel-monteiro","tag-discussoes","tag-entertainment","tag-entretenimento","tag-exclusivos","tag-expulso","tag-gala","tag-iury-mellany","tag-maria-botelho-moniz","tag-noticias","tag-portugal","tag-pt","tag-tvi","tag-videos"],"share_on_mastodon":{"url":"https:\/\/pubeurope.com\/@pt\/117219502472162035","error":""},"_links":{"self":[{"href":"https:\/\/www.europesays.com\/pt\/wp-json\/wp\/v2\/posts\/512944","targetHints":{"allow":["GET"]}}],"collection":[{"href":"https:\/\/www.europesays.com\/pt\/wp-json\/wp\/v2\/posts"}],"about":[{"href":"https:\/\/www.europesays.com\/pt\/wp-json\/wp\/v2\/types\/post"}],"author":[{"embeddable":true,"href":"https:\/\/www.europesays.com\/pt\/wp-json\/wp\/v2\/users\/2"}],"replies":[{"embeddable":true,"href":"https:\/\/www.europesays.com\/pt\/wp-json\/wp\/v2\/comments?post=512944"}],"version-history":[{"count":0,"href":"https:\/\/www.europesays.com\/pt\/wp-json\/wp\/v2\/posts\/512944\/revisions"}],"wp:featuredmedia":[{"embeddable":true,"href":"https:\/\/www.europesays.com\/pt\/wp-json\/wp\/v2\/media\/512945"}],"wp:attachment":[{"href":"https:\/\/www.europesays.com\/pt\/wp-json\/wp\/v2\/media?parent=512944"}],"wp:term":[{"taxonomy":"category","embeddable":true,"href":"https:\/\/www.europesays.com\/pt\/wp-json\/wp\/v2\/categories?post=512944"},{"taxonomy":"post_tag","embeddable":true,"href":"https:\/\/www.europesays.com\/pt\/wp-json\/wp\/v2\/tags?post=512944"}],"curies":[{"name":"wp","href":"https:\/\/api.w.org\/{rel}","templated":true}]}}