{"id":512946,"date":"2026-09-05T17:02:26","date_gmt":"2026-09-05T17:02:26","guid":{"rendered":"https:\/\/www.europesays.com\/pt\/512946\/"},"modified":"2026-09-05T17:02:26","modified_gmt":"2026-09-05T17:02:26","slug":"irao-trump-volta-a-ameacar-atacar-a-montanha-de-kolang-muito-em-breve-2","status":"publish","type":"post","link":"https:\/\/www.europesays.com\/pt\/512946\/","title":{"rendered":"Ir\u00e3o. Trump volta a amea\u00e7ar atacar a montanha de Kolang &#8220;muito em breve&#8221;"},"content":{"rendered":"<p>\n                <b>Em declara\u00e7\u00f5es aos jornalistas na Casa Branca, o presidente norte-americano disse que os EUA podem atingir a montanha de Kolang (\u201cPickaxe Mountain\u201d em ingl\u00eas), no Ir\u00e3o, \u201cmuito em breve\u201d.<\/b><\/p>\n<p>Esta n\u00e3o \u00e9 a primeira vez que Donald Trump amea\u00e7a atacar a montanha de Kolang, que est\u00e1 localizada perto da instala\u00e7\u00e3o iraniana de enriquecimento de ur\u00e2nio de Natanz, bombardeada pelos EUA e por Israel no in\u00edcio do conflito.\u00a0 A Pickaxe Mountain \u00e9 uma instala\u00e7\u00e3o altamente fortificada, localizada a pelo menos 100 metros de profundidade sob uma grande montanha chamada Kuh-e Kolang Gaz La.<\/p>\n<p><b>Governos ocidentais e ag\u00eancias de intelig\u00eancia suspeitam que o local esteja ligado a atividades do programa nuclear iraniano, podendo albergar centr\u00edfugas de enriquecimento de ur\u00e2nio.<\/b><\/p>\n<p>Os EUA e Israel acreditam que o Ir\u00e3o transferiu parte das suas reservas de ur\u00e2nio enriquecido e das suas centr\u00edfugas avan\u00e7adas de enriquecimento para a Pickaxe Mountain ap\u00f3s os ataques de junho do ano passado. Teer\u00e3o nega as acusa\u00e7\u00f5es.<br \/>&#13;<br \/>\n\u201cSmall potatoes\u201d<br \/>&#13;<br \/>\nNas mesmas declara\u00e7\u00f5es, Trump procurou desvalorizar o impacto da ofensiva militar lan\u00e7ada contra a Rep\u00fablica Isl\u00e2mica, afirmando que \u00e9 \u201ccoisa pequena\u201d (\u201csmall potatoes\u201d, em ingl\u00eas).<\/p>\n<p><b>&#8220;Muitas pessoas n\u00e3o lhe chamam guerra. Eu digo que \u00e9 um conflito militar, porque para n\u00f3s \u00e9 uma coisa pequena. N\u00e3o \u00e9 grande coisa&#8221;<\/b>, comentou, referindo-se a uma intensidade &#8220;intermitente&#8221; nos combates.<\/p>\n<p><b>O presidente norte-americano respondia a uma quest\u00e3o dos jornalistas sobre as palavras do seu vice-presidente, JD Vance, na quinta-feira, de que n\u00e3o queria descrever o conflito com a Rep\u00fablica Isl\u00e2mica como uma guerra.<\/b><\/p>\n<p>No entanto, numa publica\u00e7\u00e3o anterior nas redes sociais, o l\u00edder da Casa Branca referiu-se dessa forma ao conflito iraniano quando acusou a oposi\u00e7\u00e3o democrata de desejar que o pa\u00eds &#8220;perca a guerra&#8221;.<\/p>\n<p>&#8220;Os lun\u00e1ticos da esquerda radical, os democratas burros e os comunistas preferem que percamos a guerra no Ir\u00e3o a que o Presidente Donald Trump ganhe a guerra para os Estados Unidos&#8221;, declarou, referindo-se a &#8220;pessoas muito doentes&#8221; e cegadas pelo que chamou de &#8220;s\u00edndrome anti-Trump&#8221;.<br \/>&#13;<br \/>\n\u201cAceitar os factos\u201d<br \/>&#13;<br \/>\n<b>Trump tenta passar a imagem de que os EUA t\u00eam a guerra sob controlo, numa altura em que se aproximam as elei\u00e7\u00f5es intercalares para o Congresso, marcadas para o in\u00edcio de novembro.<br \/>&#13;<br \/>\n<\/b>&#13;<br \/>\n<br \/>&#13;<br \/>\nCom as negocia\u00e7\u00f5es indiretas entre Washington e Teer\u00e3o estagnadas, os Estados Unidos retomaram no fim de semana passado os bombardeamentos contra a Rep\u00fablica Isl\u00e2mica, ap\u00f3s cerca de um m\u00eas de acalmia nos confrontos, que por sua vez respondeu visando alegados alvos norte-americanos nos pa\u00edses vizinhos da regi\u00e3o do Golfo.<\/p>\n<p>O reatamento das hostilidades surge logo ap\u00f3s Trump ter incumbido o seu secret\u00e1rio do Tesouro, Scott Bessent, de preparar uma ofensiva econ\u00f3mica contra o Ir\u00e3o atrav\u00e9s de san\u00e7\u00f5es, depois de a for\u00e7a militar n\u00e3o ter levado a ced\u00eancias do regime de Teer\u00e3o.<br \/>&#13;<br \/>\n<b><br \/>&#13;<br \/>\nAp\u00f3s v\u00e1rios dias consecutivos de confrontos militares, o ex\u00e9rcito iraniano aconselhou hoje \u00e0 administra\u00e7\u00e3o de Washington que &#8220;aceite os factos&#8221; ao fim de mais de seis meses de guerra e &#8220;se retire da regi\u00e3o&#8221;, reiterando a sua exig\u00eancia da partida das tropas norte-americanas destacadas no M\u00e9dio Oriente.<\/b><\/p>\n<p>&#8220;A solu\u00e7\u00e3o adequada para os Estados Unidos \u00e9 aceitar os factos, arcar com as consequ\u00eancias e retirar-se da regi\u00e3o&#8221;, afirmou o porta-voz militar Mohammad Akraminia, numa mensagem publicada nas redes sociais esta sexta-feira.<\/p>\n<p>O porta-voz militar acrescentou que a retirada dos Estados Unidos &#8220;tornar\u00e1 a regi\u00e3o mais segura e aproximar\u00e1 o povo americano da prosperidade&#8221;, aludindo \u00e0s dificuldades econ\u00f3micas que a administra\u00e7\u00e3o Trump enfrenta antes das elei\u00e7\u00f5es intercalares.<\/p>\n<p>c\/ag\u00eancias&#13;\n            <\/p>\n","protected":false},"excerpt":{"rendered":"Em declara\u00e7\u00f5es aos jornalistas na Casa Branca, o presidente norte-americano disse que os EUA podem atingir a montanha&hellip;\n","protected":false},"author":2,"featured_media":512947,"comment_status":"","ping_status":"","sticky":false,"template":"","format":"standard","meta":{"footnotes":"","_share_on_mastodon":"0"},"categories":[50],"tags":[27,28,413,15,16,14,5453,25,26,21,22,62,12,13,19,20,23,24,17,18,2183,29,30,31,63,64,65],"class_list":["post-512946","post","type-post","status-publish","format-standard","has-post-thumbnail","category-mundo","tag-breaking-news","tag-breakingnews","tag-eua","tag-featured-news","tag-featurednews","tag-headlines","tag-irao","tag-latest-news","tag-latestnews","tag-main-news","tag-mainnews","tag-mundo","tag-news","tag-noticias","tag-noticias-principais","tag-noticiasprincipais","tag-principais-noticias","tag-principaisnoticias","tag-top-stories","tag-topstories","tag-trump","tag-ultimas","tag-ultimas-noticias","tag-ultimasnoticias","tag-world","tag-world-news","tag-worldnews"],"share_on_mastodon":{"url":"https:\/\/pubeurope.com\/@pt\/117219514258255813","error":""},"_links":{"self":[{"href":"https:\/\/www.europesays.com\/pt\/wp-json\/wp\/v2\/posts\/512946","targetHints":{"allow":["GET"]}}],"collection":[{"href":"https:\/\/www.europesays.com\/pt\/wp-json\/wp\/v2\/posts"}],"about":[{"href":"https:\/\/www.europesays.com\/pt\/wp-json\/wp\/v2\/types\/post"}],"author":[{"embeddable":true,"href":"https:\/\/www.europesays.com\/pt\/wp-json\/wp\/v2\/users\/2"}],"replies":[{"embeddable":true,"href":"https:\/\/www.europesays.com\/pt\/wp-json\/wp\/v2\/comments?post=512946"}],"version-history":[{"count":0,"href":"https:\/\/www.europesays.com\/pt\/wp-json\/wp\/v2\/posts\/512946\/revisions"}],"wp:featuredmedia":[{"embeddable":true,"href":"https:\/\/www.europesays.com\/pt\/wp-json\/wp\/v2\/media\/512947"}],"wp:attachment":[{"href":"https:\/\/www.europesays.com\/pt\/wp-json\/wp\/v2\/media?parent=512946"}],"wp:term":[{"taxonomy":"category","embeddable":true,"href":"https:\/\/www.europesays.com\/pt\/wp-json\/wp\/v2\/categories?post=512946"},{"taxonomy":"post_tag","embeddable":true,"href":"https:\/\/www.europesays.com\/pt\/wp-json\/wp\/v2\/tags?post=512946"}],"curies":[{"name":"wp","href":"https:\/\/api.w.org\/{rel}","templated":true}]}}