{"id":512970,"date":"2026-09-05T17:37:48","date_gmt":"2026-09-05T17:37:48","guid":{"rendered":"https:\/\/www.europesays.com\/pt\/512970\/"},"modified":"2026-09-05T17:37:48","modified_gmt":"2026-09-05T17:37:48","slug":"resumo-de-quem-ama-cuida-capitulo-de-sexta-feira-04-09-2026","status":"publish","type":"post","link":"https:\/\/www.europesays.com\/pt\/512970\/","title":{"rendered":"Resumo de \u2018Quem Ama Cuida\u2019: Cap\u00edtulo de sexta-feira (04\/09\/2026)"},"content":{"rendered":"<p>O<\/p>\n<p>mist\u00e9rio est\u00e1 oficialmente no modo investiga\u00e7\u00e3o criminal! No cap\u00edtulo desta sexta-feira (4) de <strong>Quem Ama Cuida<\/strong>, Pedro come\u00e7a a desconfiar de que o assalto \u00e0 casa de Ad\u00e9lia n\u00e3o aconteceu por acaso. Para ele, quem invadiu o local tinha um objetivo bem espec\u00edfico: colocar as m\u00e3os nos materiais deixados por Dalto. Enquanto isso, Adriana recebe uma not\u00edcia capaz de abalar sua busca pela verdade.<\/p>\n<p>Depois de descobrir que a casa de Ad\u00e9lia foi assaltada e os pertences de Dalto desapareceram, Pedro passa a acreditar que existe algo muito maior por tr\u00e1s do crime. Ele suspeita que a pessoa respons\u00e1vel pela invas\u00e3o entrou no im\u00f3vel justamente para roubar os materiais de Dalto.<\/p>\n<p>A descoberta deixa Adriana desesperada. \u00c9 Pedro quem conta a ela sobre o desaparecimento dos pertences, trazendo mais uma complica\u00e7\u00e3o para a hist\u00f3ria da fisioterapeuta.<\/p>\n<p>    Continua ap\u00f3s a publicidade<\/p>\n<p>E Adriana n\u00e3o pretende ficar parada esperando as respostas aparecerem magicamente. Ela pede a Edvaldo que investigue outro mist\u00e9rio: por que Arthur convidou Din\u00e1 para trabalhar em sua casa?<\/p>\n<p>A miss\u00e3o, por\u00e9m, pode ficar complicada antes mesmo de come\u00e7ar. Din\u00e1 flagra Edvaldo dentro de seu quarto. Ih\u2026 Parece que algu\u00e9m foi pego no lugar errado e na pior hora poss\u00edvel.<\/p>\n<p>    Continua ap\u00f3s a publicidade<\/p>\n<p>Dora surpreende Pedro ao falar sobre Adriana<\/p>\n<p>Outro momento importante do <strong>cap\u00edtulo de Quem Ama Cuida<\/strong> envolve Dora. Ela procura Pedro e revela que agora acredita na inoc\u00eancia de Adriana. Mais do que isso: Dora reconhece que foi omissa durante o julgamento da fisioterapeuta.<\/p>\n<p>Quando as duas ficam frente a frente, Adriana surpreende Dora ao afirmar que est\u00e1 pronta para ouvir seu pedido de perd\u00e3o. Depois de tudo o que aconteceu, vem a\u00ed uma conversa que promete fortes emo\u00e7\u00f5es \u2014 e talvez um acerto de contas h\u00e1 muito tempo necess\u00e1rio.<\/p>\n<p>Enquanto o drama principal pega fogo, outras hist\u00f3rias tamb\u00e9m avan\u00e7am. Mirtes observa Laurentino ao lado de Silvana, enquanto Ingrid tenta tranquilizar Pilar dizendo que Iuri n\u00e3o passou de uma divers\u00e3o.<\/p>\n<p>    Continua ap\u00f3s a publicidade<\/p>\n<p>Brigitte, por sua vez, recorre justamente a Ingrid e pede sua ajuda para conseguir voltar para casa. Ou seja: entre suspeitas, segredos e pedidos de perd\u00e3o, ningu\u00e9m ter\u00e1 exatamente uma sexta-feira tranquila em <strong>Quem Ama Cuida<\/strong>.<\/p>\n<p>As informa\u00e7\u00f5es dos cap\u00edtulos est\u00e3o sujeitas a mudan\u00e7as de acordo com a edi\u00e7\u00e3o da novela.<\/p>\n<p>    Continua ap\u00f3s a publicidade<\/p>\n<p><strong>A novela Quem Ama Cuida vai ao ar \u00e0s 20h40 nas quartas-feiras e \u00e0s 21h20 nos outros dias da semana (hor\u00e1rio de Bras\u00edlia).<\/strong><\/p>\n<p><strong>*Este conte\u00fado foi produzido com aux\u00edlio de ferramentas de <a href=\"https:\/\/vcia.abril.com.br\/\" rel=\"nofollow noopener\" target=\"_blank\">intelig\u00eancia artificial<\/a>, com curadoria e checagem da equipe de jornalistas da CAPRICHO.<\/strong><\/p>\n<p>    Continua ap\u00f3s a publicidade<\/p>\n<p>                Newsletter CH<br \/>\n                <img decoding=\"async\" src=\"https:\/\/capricho.abril.com.br\/wp-content\/themes\/abril-capricho-new\/inc\/images\/logo.svg\"\/><\/p>\n<p>                            Inscreva-se<br \/>\n                            e receba no seu e-mail o melhor do que rolou na semana na CH.<\/p>\n<p>                            Cadastro efetuado com sucesso!<\/p>\n<p>Voc\u00ea receber\u00e1 este conte\u00fado por email em breve.<\/p>\n<p>Redes sociais para adolescentes: quais pa\u00edses j\u00e1 limitam o acesso?<\/p>\n","protected":false},"excerpt":{"rendered":"O mist\u00e9rio est\u00e1 oficialmente no modo investiga\u00e7\u00e3o criminal! No cap\u00edtulo desta sexta-feira (4) de Quem Ama Cuida, Pedro&hellip;\n","protected":false},"author":2,"featured_media":512971,"comment_status":"","ping_status":"","sticky":false,"template":"","format":"standard","meta":{"footnotes":"","_share_on_mastodon":"0"},"categories":[142],"tags":[114,115,753,5236,2931,32,33,16076,151],"class_list":["post-512970","post","type-post","status-publish","format-standard","has-post-thumbnail","category-tv","tag-entertainment","tag-entretenimento","tag-globo","tag-nova-novela","tag-novela","tag-portugal","tag-pt","tag-resumo-dos-capitulos","tag-tv"],"share_on_mastodon":{"url":"https:\/\/pubeurope.com\/@pt\/117219653046997742","error":""},"_links":{"self":[{"href":"https:\/\/www.europesays.com\/pt\/wp-json\/wp\/v2\/posts\/512970","targetHints":{"allow":["GET"]}}],"collection":[{"href":"https:\/\/www.europesays.com\/pt\/wp-json\/wp\/v2\/posts"}],"about":[{"href":"https:\/\/www.europesays.com\/pt\/wp-json\/wp\/v2\/types\/post"}],"author":[{"embeddable":true,"href":"https:\/\/www.europesays.com\/pt\/wp-json\/wp\/v2\/users\/2"}],"replies":[{"embeddable":true,"href":"https:\/\/www.europesays.com\/pt\/wp-json\/wp\/v2\/comments?post=512970"}],"version-history":[{"count":0,"href":"https:\/\/www.europesays.com\/pt\/wp-json\/wp\/v2\/posts\/512970\/revisions"}],"wp:featuredmedia":[{"embeddable":true,"href":"https:\/\/www.europesays.com\/pt\/wp-json\/wp\/v2\/media\/512971"}],"wp:attachment":[{"href":"https:\/\/www.europesays.com\/pt\/wp-json\/wp\/v2\/media?parent=512970"}],"wp:term":[{"taxonomy":"category","embeddable":true,"href":"https:\/\/www.europesays.com\/pt\/wp-json\/wp\/v2\/categories?post=512970"},{"taxonomy":"post_tag","embeddable":true,"href":"https:\/\/www.europesays.com\/pt\/wp-json\/wp\/v2\/tags?post=512970"}],"curies":[{"name":"wp","href":"https:\/\/api.w.org\/{rel}","templated":true}]}}