{"id":512980,"date":"2026-09-05T17:51:15","date_gmt":"2026-09-05T17:51:15","guid":{"rendered":"https:\/\/www.europesays.com\/pt\/512980\/"},"modified":"2026-09-05T17:51:15","modified_gmt":"2026-09-05T17:51:15","slug":"sbt-negocia-renovacao-de-contrato-com-celso-freitas-05-09-2026-outro-canal","status":"publish","type":"post","link":"https:\/\/www.europesays.com\/pt\/512980\/","title":{"rendered":"SBT negocia renova\u00e7\u00e3o de contrato com Celso Freitas &#8211; 05\/09\/2026 &#8211; Outro Canal"},"content":{"rendered":"<p>\n<strong class=\"c-signature__location\">Aracaju <\/strong>\n<\/p>\n<p><a href=\"https:\/\/www1.folha.uol.com.br\/colunas\/monicabergamo\/2025\/11\/sbt-news-contrata-celso-freitas.shtml\" rel=\"nofollow noopener\" target=\"\">Celso Freitas<\/a> pode se apoenstar da televis\u00e3o no <a href=\"https:\/\/www1.folha.uol.com.br\/folha-topicos\/sbt\/\" rel=\"nofollow noopener\" target=\"_blank\">SBT<\/a>. O apresentador tem contrato at\u00e9 o in\u00edcio de novembro, ap\u00f3s as elei\u00e7\u00f5es. Inicialmente, ele iria se aposentar da televis\u00e3o.<\/p>\n<p>  <a href=\"https:\/\/f5.folha.uol.com.br\/colunistas\/outro-canal\/\" rel=\"nofollow noopener\" target=\"_blank\"><br \/>\n    <img decoding=\"async\" src=\"https:\/\/www.europesays.com\/pt\/wp-content\/uploads\/2026\/09\/1788630675_76_172599691166e09f6f54fe2_1725996911_1x1_xs.jpg\" alt=\"Foto de Outro Canal\" class=\"img-responsive c-lazyload\"\/><\/p>\n<p>  <\/a><\/p>\n<p class=\"author__description\">\n    Cobre diariamente os bastidores das novelas, do telejornalismo e da m\u00eddia esportiva. Tem como titular o jornalista Gabriel Vaquer\n  <\/p>\n","protected":false},"excerpt":{"rendered":"Aracaju Celso Freitas pode se apoenstar da televis\u00e3o no SBT. O apresentador tem contrato at\u00e9 o in\u00edcio de&hellip;\n","protected":false},"author":2,"featured_media":512981,"comment_status":"","ping_status":"","sticky":false,"template":"","format":"standard","meta":{"footnotes":"","_share_on_mastodon":"0"},"categories":[142],"tags":[219,211,82186,223,114,115,224,225,226,221,220,222,4286,1428,32,33,936,218,228,151,227],"class_list":["post-512980","post","type-post","status-publish","format-standard","has-post-thumbnail","category-tv","tag-bichos","tag-celebridades","tag-celso-freitas","tag-colunistas","tag-entertainment","tag-entretenimento","tag-estranho","tag-eu-amo","tag-fofices","tag-horoscopo","tag-humanos","tag-humor","tag-jornal-da-record","tag-jornalismo","tag-portugal","tag-pt","tag-sbt","tag-televisao","tag-tudo","tag-tv","tag-videos"],"share_on_mastodon":{"url":"https:\/\/pubeurope.com\/@pt\/117219707845747754","error":""},"_links":{"self":[{"href":"https:\/\/www.europesays.com\/pt\/wp-json\/wp\/v2\/posts\/512980","targetHints":{"allow":["GET"]}}],"collection":[{"href":"https:\/\/www.europesays.com\/pt\/wp-json\/wp\/v2\/posts"}],"about":[{"href":"https:\/\/www.europesays.com\/pt\/wp-json\/wp\/v2\/types\/post"}],"author":[{"embeddable":true,"href":"https:\/\/www.europesays.com\/pt\/wp-json\/wp\/v2\/users\/2"}],"replies":[{"embeddable":true,"href":"https:\/\/www.europesays.com\/pt\/wp-json\/wp\/v2\/comments?post=512980"}],"version-history":[{"count":0,"href":"https:\/\/www.europesays.com\/pt\/wp-json\/wp\/v2\/posts\/512980\/revisions"}],"wp:featuredmedia":[{"embeddable":true,"href":"https:\/\/www.europesays.com\/pt\/wp-json\/wp\/v2\/media\/512981"}],"wp:attachment":[{"href":"https:\/\/www.europesays.com\/pt\/wp-json\/wp\/v2\/media?parent=512980"}],"wp:term":[{"taxonomy":"category","embeddable":true,"href":"https:\/\/www.europesays.com\/pt\/wp-json\/wp\/v2\/categories?post=512980"},{"taxonomy":"post_tag","embeddable":true,"href":"https:\/\/www.europesays.com\/pt\/wp-json\/wp\/v2\/tags?post=512980"}],"curies":[{"name":"wp","href":"https:\/\/api.w.org\/{rel}","templated":true}]}}