{"id":512990,"date":"2026-09-05T18:02:16","date_gmt":"2026-09-05T18:02:16","guid":{"rendered":"https:\/\/www.europesays.com\/pt\/512990\/"},"modified":"2026-09-05T18:02:16","modified_gmt":"2026-09-05T18:02:16","slug":"quem-e-a-brasileira-que-chegou-ao-top-12-do-miss-mundo-r7-entretenimento","status":"publish","type":"post","link":"https:\/\/www.europesays.com\/pt\/512990\/","title":{"rendered":"Quem \u00e9 a brasileira que chegou ao top 12 do Miss Mundo \u2013 R7 Entretenimento"},"content":{"rendered":"<p>LEIA AQUI O RESUMO DA NOT\u00cdCIA<\/p>\n<ul class=\"b-article-body-custom-embed-brief-news__list\" style=\"margin: 0; padding-left: 20px; list-style-type: disc;\">\n<li>Gabriela Botelho, de 25 anos, representou o Brasil no Miss Mundo 2026, alcan\u00e7ando o Top 12 e o Top 2 das Am\u00e9ricas e Caribe.<\/li>\n<li>Natural de Belo Horizonte, iniciou sua carreira como modelo aos 4 anos e tem forma\u00e7\u00e3o em Administra\u00e7\u00e3o e Design de Moda.<\/li>\n<li>Gabriela \u00e9 embaixadora da Casa de Maria e participou de a\u00e7\u00f5es sociais em Brumadinho, MG, ap\u00f3s o rompimento da barragem.<\/li>\n<li>O Brasil buscava sua segunda vit\u00f3ria no Miss Mundo, sendo a \u00fanica conquista de L\u00facia Petterle em 1971.<\/li>\n<\/ul>\n<p style=\"font-size: 0.8em; font-style: italic; text-align: right; margin-top: 15px; padding-bottom: 5px; margin-bottom: 0;\">Produzido pela Ri7a &#8211; a Intelig\u00eancia Artificial do R7<\/p>\n<p><img decoding=\"async\" data-chromatic=\"ignore\" alt=\"\" class=\"c-image\" loading=\"lazy\" src=\"https:\/\/www.europesays.com\/pt\/wp-content\/uploads\/2026\/09\/VJGY2BY67JEG5CGNCWNHMHZQUQ.jpg\"  width=\"747\" height=\"517\"\/>Gabriela Botelho nasceu em Minas Gerais Reprodu\u00e7\u00e3o\/Instagram\/@gabrielabotelho_ <\/p>\n<p class=\"jarvics:base-text-neutral-high-400 xovem:base-text-dark-high-400 base-text-[calc(theme(fontSize.xs)_*_var(--font-size,_1))] base-font-normal base-font-primary base-text-neutral-low-500 base-text-left\">Aos 25 anos, <b>Gabriela Botelho<\/b> representou o Brasil no <a href=\"https:\/\/www.r7.com\/tudo-sobre\/miss-universe-brasil\/\" target=\"_self\" rel=\"nofollow noopener\" title=\"https:\/\/www.r7.com\/tudo-sobre\/miss-universe-brasil\/\">Miss <\/a>Mundo 2026, mas n\u00e3o conseguiu avan\u00e7ar ao Top 6 da competi\u00e7\u00e3o. A <a href=\"https:\/\/noticias.r7.com\/minas-gerais\/\" target=\"_self\" rel=\"nofollow noopener\" title=\"https:\/\/noticias.r7.com\/minas-gerais\/\">mineira <\/a>chegou ao Top 12 e tamb\u00e9m garantiu uma vaga no Top 2 das Am\u00e9ricas e Caribe, mas acabou eliminada na reta final do concurso, realizado neste s\u00e1bado (5), em Nha Trang, no <a href=\"https:\/\/www.r7.com\/tudo-sobre\/vietna\/\" target=\"_self\" rel=\"nofollow noopener\" title=\"https:\/\/www.r7.com\/tudo-sobre\/vietna\/\">Vietn\u00e3<\/a>.<\/p>\n<p class=\"jarvics:base-text-neutral-high-400 xovem:base-text-dark-high-400 base-text-[calc(theme(fontSize.xs)_*_var(--font-size,_1))] base-font-normal base-font-primary base-text-neutral-low-500 base-text-left\">Natural de Belo Horizonte, Gabriela iniciou a carreira como modelo aos 4 anos e construiu uma trajet\u00f3ria ligada aos concursos de beleza, \u00e0 moda e ao trabalho social. Ela \u00e9 formada em Administra\u00e7\u00e3o e <a href=\"https:\/\/entretenimento.r7.com\/vivaavida\/moda\/\" target=\"_self\" rel=\"nofollow noopener\" title=\"https:\/\/entretenimento.r7.com\/vivaavida\/moda\/\">Design de Moda<\/a> e j\u00e1 havia participado de outras edi\u00e7\u00f5es do Miss Brasil Mundo antes de conquistar a faixa nacional em 2026.<\/p>\n<p class=\"jarvics:base-text-neutral-high-400 xovem:base-text-dark-high-400 base-text-[calc(theme(fontSize.xs)_*_var(--font-size,_1))] base-font-normal base-font-primary base-text-neutral-low-500 base-text-left\">A primeira participa\u00e7\u00e3o de destaque ocorreu em 2021, quando representou o <a href=\"https:\/\/noticias.r7.com\/espirito-santo\/\" target=\"_self\" rel=\"nofollow noopener\" title=\"https:\/\/noticias.r7.com\/espirito-santo\/\">Esp\u00edrito Santo<\/a> e terminou em terceiro lugar no Miss Brasil Mundo. Naquele ano, tamb\u00e9m se destacou na etapa Beleza com Prop\u00f3sito, voltada para iniciativas sociais.<\/p>\n<p class=\"jarvics:base-text-neutral-high-400 xovem:base-text-dark-high-400 base-text-[calc(theme(fontSize.xs)_*_var(--font-size,_1))] base-font-normal base-font-primary base-text-neutral-low-500 base-text-left\">Em 2023, Gabriela voltou ao concurso, desta vez pelo Sergipe, e terminou entre as sete finalistas. Ap\u00f3s uma nova tentativa pelo estado, conquistou finalmente o t\u00edtulo nacional em fevereiro de 2026, superando outras 24 candidatas em uma cerim\u00f4nia realizada em \u00c1guas Claras, no Distrito Federal.<\/p>\n<p class=\"jarvics:base-text-neutral-high-400 xovem:base-text-dark-high-400 base-text-[calc(theme(fontSize.xs)_*_var(--font-size,_1))] base-font-normal base-font-primary base-text-neutral-low-500 base-text-left\">A vit\u00f3ria teve um significado especial para Sergipe, que n\u00e3o conquistava o t\u00edtulo desde 1964. Gabriela encerrou, assim, um jejum de 62 anos do estado no concurso.<\/p>\n<p>Trabalho social<\/p>\n<p class=\"jarvics:base-text-neutral-high-400 xovem:base-text-dark-high-400 base-text-[calc(theme(fontSize.xs)_*_var(--font-size,_1))] base-font-normal base-font-primary base-text-neutral-low-500 base-text-left\">Al\u00e9m da carreira na moda e nos concursos, Gabriela mant\u00e9m uma trajet\u00f3ria ligada ao voluntariado. Durante cinco anos, participou de a\u00e7\u00f5es em Brumadinho, em Minas Gerais, ap\u00f3s o <a href=\"https:\/\/noticias.r7.com\/minas-gerais\/tragedia-brumadinho\/\" target=\"_self\" rel=\"nofollow noopener\" title=\"https:\/\/noticias.r7.com\/minas-gerais\/tragedia-brumadinho\/\">rompimento da barragem que atingiu a regi\u00e3o.<\/a><\/p>\n<p class=\"jarvics:base-text-neutral-high-400 xovem:base-text-dark-high-400 base-text-[calc(theme(fontSize.xs)_*_var(--font-size,_1))] base-font-normal base-font-primary base-text-neutral-low-500 base-text-left\">A experi\u00eancia influenciou a causa social que passou a defender no Miss Mundo. Gabriela \u00e9 embaixadora da Casa de Maria, institui\u00e7\u00e3o de Belo Horizonte que oferece atendimento multidisciplinar gratuito a crian\u00e7as com doen\u00e7as raras e suas fam\u00edlias.<\/p>\n<p class=\"jarvics:base-text-neutral-high-400 xovem:base-text-dark-high-400 base-text-[calc(theme(fontSize.xs)_*_var(--font-size,_1))] base-font-normal base-font-primary base-text-neutral-low-500 base-text-left\">A mineira defende que o trabalho social deve partir da escuta das pessoas em situa\u00e7\u00e3o de vulnerabilidade e resultar em a\u00e7\u00f5es concretas.<\/p>\n<p>Participa\u00e7\u00e3o no Miss Mundo<\/p>\n<p class=\"jarvics:base-text-neutral-high-400 xovem:base-text-dark-high-400 base-text-[calc(theme(fontSize.xs)_*_var(--font-size,_1))] base-font-normal base-font-primary base-text-neutral-low-500 base-text-left\">Na edi\u00e7\u00e3o de 2026, que marcou os 75 anos do Miss Mundo, Gabriela avan\u00e7ou at\u00e9 o Top 12 entre 111 candidatas. Ela tamb\u00e9m ficou entre as duas melhores representantes das Am\u00e9ricas e Caribe, mas n\u00e3o conseguiu uma das seis vagas da etapa seguinte.<\/p>\n<p class=\"jarvics:base-text-neutral-high-400 xovem:base-text-dark-high-400 base-text-[calc(theme(fontSize.xs)_*_var(--font-size,_1))] base-font-normal base-font-primary base-text-neutral-low-500 base-text-left\">Para a final, a brasileira usou um vestido azul tomara que caia, com aplica\u00e7\u00f5es de strass, costas abertas e uma capa combinando. O visual foi inspirado no <a href=\"https:\/\/entretenimento.r7.com\/prisma\/ligia-braslauskas-literatura\/distorcoes-e-torcoes-do-brasil-barroco-29082019\/\" target=\"_self\" rel=\"nofollow noopener\" title=\"https:\/\/entretenimento.r7.com\/prisma\/ligia-braslauskas-literatura\/distorcoes-e-torcoes-do-brasil-barroco-29082019\/\">barroco <\/a>de Minas Gerais, em uma homenagem ao estado.<\/p>\n<p class=\"jarvics:base-text-neutral-high-400 xovem:base-text-dark-high-400 base-text-[calc(theme(fontSize.xs)_*_var(--font-size,_1))] base-font-normal base-font-primary base-text-neutral-low-500 base-text-left\">O Brasil buscava a segunda vit\u00f3ria de sua hist\u00f3ria no Miss Mundo. At\u00e9 hoje, a \u00fanica brasileira a conquistar a coroa foi L\u00facia Petterle, em 1971.<\/p>\n<p class=\"jarvics:base-text-neutral-high-400 xovem:base-text-dark-high-400 base-text-[calc(theme(fontSize.xs)_*_var(--font-size,_1))] base-font-normal base-font-primary base-text-neutral-low-500 base-text-left\">\u2705<b>Para saber tudo do mundo dos famosos, <\/b><a href=\"https:\/\/whatsapp.com\/channel\/0029Va9UfKcHQbRyCyhPt71R\" rel=\"nofollow noopener\" target=\"_blank\"><b>siga o canal de entretenimento do R7<\/b><\/a><b>, o portal de not\u00edcias da Record, no WhatsApp<\/b><\/p>\n","protected":false},"excerpt":{"rendered":"LEIA AQUI O RESUMO DA NOT\u00cdCIA Gabriela Botelho, de 25 anos, representou o Brasil no Miss Mundo 2026,&hellip;\n","protected":false},"author":2,"featured_media":512991,"comment_status":"","ping_status":"","sticky":false,"template":"","format":"standard","meta":{"footnotes":"","_share_on_mastodon":"0"},"categories":[145],"tags":[1081,211,210,114,115,3034,1079,32,33],"class_list":["post-512990","post","type-post","status-publish","format-standard","has-post-thumbnail","category-celebridades","tag-beleza","tag-celebridades","tag-celebrities","tag-entertainment","tag-entretenimento","tag-famosos-e-celebridades","tag-moda","tag-portugal","tag-pt"],"share_on_mastodon":{"url":"https:\/\/pubeurope.com\/@pt\/117219751141459586","error":""},"_links":{"self":[{"href":"https:\/\/www.europesays.com\/pt\/wp-json\/wp\/v2\/posts\/512990","targetHints":{"allow":["GET"]}}],"collection":[{"href":"https:\/\/www.europesays.com\/pt\/wp-json\/wp\/v2\/posts"}],"about":[{"href":"https:\/\/www.europesays.com\/pt\/wp-json\/wp\/v2\/types\/post"}],"author":[{"embeddable":true,"href":"https:\/\/www.europesays.com\/pt\/wp-json\/wp\/v2\/users\/2"}],"replies":[{"embeddable":true,"href":"https:\/\/www.europesays.com\/pt\/wp-json\/wp\/v2\/comments?post=512990"}],"version-history":[{"count":0,"href":"https:\/\/www.europesays.com\/pt\/wp-json\/wp\/v2\/posts\/512990\/revisions"}],"wp:featuredmedia":[{"embeddable":true,"href":"https:\/\/www.europesays.com\/pt\/wp-json\/wp\/v2\/media\/512991"}],"wp:attachment":[{"href":"https:\/\/www.europesays.com\/pt\/wp-json\/wp\/v2\/media?parent=512990"}],"wp:term":[{"taxonomy":"category","embeddable":true,"href":"https:\/\/www.europesays.com\/pt\/wp-json\/wp\/v2\/categories?post=512990"},{"taxonomy":"post_tag","embeddable":true,"href":"https:\/\/www.europesays.com\/pt\/wp-json\/wp\/v2\/tags?post=512990"}],"curies":[{"name":"wp","href":"https:\/\/api.w.org\/{rel}","templated":true}]}}