{"id":51312,"date":"2025-08-30T10:00:02","date_gmt":"2025-08-30T10:00:02","guid":{"rendered":"https:\/\/www.europesays.com\/pt\/51312\/"},"modified":"2025-08-30T10:00:02","modified_gmt":"2025-08-30T10:00:02","slug":"tres-feridos-graves-em-colisao-em-almeirim-observador","status":"publish","type":"post","link":"https:\/\/www.europesays.com\/pt\/51312\/","title":{"rendered":"Tr\u00eas feridos graves em colis\u00e3o em Almeirim \u2013 Observador"},"content":{"rendered":"<p>Uma colis\u00e3o entre uma mota e uma viatura ligeira provocou esta sexta-feira cinco feridos, tr\u00eas dos quais em estado grave, incluindo uma crian\u00e7a, na Estrada Nacional 368, entre a localidade da Tapada, Almeirim, e Alpiar\u00e7a, no distrito de Santar\u00e9m.<\/p>\n<p>Segundo fonte da Autoridade Nacional de Emerg\u00eancia e Prote\u00e7\u00e3o Civil, tr\u00eas das v\u00edtimas ficaram encarceradas na sequ\u00eancia do acidente, tendo sido necess\u00e1rio mobilizar dois ve\u00edculos de desencarceramento para o local.<\/p>\n<p>No total, foram acionadas cinco ambul\u00e2ncias, um helic\u00f3ptero do Instituto Nacional de Emerg\u00eancia M\u00e9dica (INEM) e a Viatura M\u00e9dica de Emerg\u00eancia e Reanima\u00e7\u00e3o (VMER) de Vila Franca de Xira.<\/p>\n<p>A estrada encontra-se cortada ao tr\u00e2nsito entre a Tapada e Alpiar\u00e7a, n\u00e3o tendo sido ainda dada informa\u00e7\u00e3o sobre para que unidades hospitalares foram transportadas as v\u00edtimas.<\/p>\n","protected":false},"excerpt":{"rendered":"Uma colis\u00e3o entre uma mota e uma viatura ligeira provocou esta sexta-feira cinco feridos, tr\u00eas dos quais em&hellip;\n","protected":false},"author":2,"featured_media":51313,"comment_status":"","ping_status":"","sticky":false,"template":"","format":"standard","meta":{"footnotes":""},"categories":[10],"tags":[59,8436,27,28,15,16,14,25,26,21,22,12,13,19,20,57,32,23,24,1432,33,14951,58,17,18,29,30,31],"class_list":{"0":"post-51312","1":"post","2":"type-post","3":"status-publish","4":"format-standard","5":"has-post-thumbnail","7":"category-portugal","8":"tag-acidente","9":"tag-acidente-rodoviu00e1rio","10":"tag-breaking-news","11":"tag-breakingnews","12":"tag-featured-news","13":"tag-featurednews","14":"tag-headlines","15":"tag-latest-news","16":"tag-latestnews","17":"tag-main-news","18":"tag-mainnews","19":"tag-news","20":"tag-noticias","21":"tag-noticias-principais","22":"tag-noticiasprincipais","23":"tag-pau00eds","24":"tag-portugal","25":"tag-principais-noticias","26":"tag-principaisnoticias","27":"tag-proteu00e7u00e3o-civil","28":"tag-pt","29":"tag-santaru00e9m","30":"tag-sociedade","31":"tag-top-stories","32":"tag-topstories","33":"tag-ultimas","34":"tag-ultimas-noticias","35":"tag-ultimasnoticias"},"share_on_mastodon":{"url":"","error":""},"_links":{"self":[{"href":"https:\/\/www.europesays.com\/pt\/wp-json\/wp\/v2\/posts\/51312","targetHints":{"allow":["GET"]}}],"collection":[{"href":"https:\/\/www.europesays.com\/pt\/wp-json\/wp\/v2\/posts"}],"about":[{"href":"https:\/\/www.europesays.com\/pt\/wp-json\/wp\/v2\/types\/post"}],"author":[{"embeddable":true,"href":"https:\/\/www.europesays.com\/pt\/wp-json\/wp\/v2\/users\/2"}],"replies":[{"embeddable":true,"href":"https:\/\/www.europesays.com\/pt\/wp-json\/wp\/v2\/comments?post=51312"}],"version-history":[{"count":0,"href":"https:\/\/www.europesays.com\/pt\/wp-json\/wp\/v2\/posts\/51312\/revisions"}],"wp:featuredmedia":[{"embeddable":true,"href":"https:\/\/www.europesays.com\/pt\/wp-json\/wp\/v2\/media\/51313"}],"wp:attachment":[{"href":"https:\/\/www.europesays.com\/pt\/wp-json\/wp\/v2\/media?parent=51312"}],"wp:term":[{"taxonomy":"category","embeddable":true,"href":"https:\/\/www.europesays.com\/pt\/wp-json\/wp\/v2\/categories?post=51312"},{"taxonomy":"post_tag","embeddable":true,"href":"https:\/\/www.europesays.com\/pt\/wp-json\/wp\/v2\/tags?post=51312"}],"curies":[{"name":"wp","href":"https:\/\/api.w.org\/{rel}","templated":true}]}}