{"id":513180,"date":"2026-09-05T21:32:13","date_gmt":"2026-09-05T21:32:13","guid":{"rendered":"https:\/\/www.europesays.com\/pt\/513180\/"},"modified":"2026-09-05T21:32:13","modified_gmt":"2026-09-05T21:32:13","slug":"andreas-kisser-guitarrista-do-sepultura-apos-morte-da-mulher-cantor-defendeu-debate-sobre-eutanasia-entenda","status":"publish","type":"post","link":"https:\/\/www.europesays.com\/pt\/513180\/","title":{"rendered":"Andreas Kisser, guitarrista do Sepultura: ap\u00f3s morte da mulher, cantor defendeu debate sobre eutan\u00e1sia; entenda"},"content":{"rendered":"\n<p class=\" content-text__container \" data-track-category=\"Link no Texto\" data-track-links=\"\"> \u201cA morte tem sido minha maior professora. Muito do que vivo tem a ver com respeitar mudan\u00e7as de ciclos, a finitude. Parte desses fins a gente escolhe, como \u00e9 o caso do Sepultura. Mas tem os que voc\u00ea n\u00e3o escolheu, como o caso do c\u00e2ncer da Patr\u00edcia. A morte \u00e9 um elefante na sala, que ningu\u00e9m fala nesse pa\u00eds. N\u00e3o h\u00e1 conversas sobre eutan\u00e1sia, suic\u00eddio assistido, testamento vital, cuidado paliativo. Acho que atrav\u00e9s da morte, como \u00e9 o nome da turn\u00ea do Sepultura (Celebrating life through death: do ingl\u00eas celebrando a vida atrav\u00e9s da morte), voc\u00ea encontra a vida. Patr\u00edcia tinha muito disso. Ela falava de morte de uma maneira muito leve. Ela brincava: \u2018P\u00f4, quando eu morrer, n\u00e3o vai esquecer de colocar meu travesseiro, cobertor, a meia no meu p\u00e9 e o meu pijama, que eu n\u00e3o quero passar frio, quero ficar confort\u00e1vel\u2019. Na hora a gente ria, mas quando ela morreu, todo mundo sabia o que ela queria. Foi a coisa mais linda do mundo, deu uma paz para todos que estavam ali.\u201d <\/p>\n","protected":false},"excerpt":{"rendered":"\u201cA morte tem sido minha maior professora. Muito do que vivo tem a ver com respeitar mudan\u00e7as de&hellip;\n","protected":false},"author":2,"featured_media":513181,"comment_status":"","ping_status":"","sticky":false,"template":"","format":"standard","meta":{"footnotes":"","_share_on_mastodon":"0"},"categories":[141],"tags":[114,115,26420,149,150,32,33,26421,679,763],"class_list":["post-513180","post","type-post","status-publish","format-standard","has-post-thumbnail","category-musica","tag-entertainment","tag-entretenimento","tag-festival-de-musica-idealizado-pelo-empresario-roberto-medina","tag-music","tag-musica","tag-portugal","tag-pt","tag-realizado-pela-primeira-vez-em-1985","tag-reportagem","tag-rock-in-rio"],"share_on_mastodon":{"url":"https:\/\/pubeurope.com\/@pt\/117220576188505946","error":""},"_links":{"self":[{"href":"https:\/\/www.europesays.com\/pt\/wp-json\/wp\/v2\/posts\/513180","targetHints":{"allow":["GET"]}}],"collection":[{"href":"https:\/\/www.europesays.com\/pt\/wp-json\/wp\/v2\/posts"}],"about":[{"href":"https:\/\/www.europesays.com\/pt\/wp-json\/wp\/v2\/types\/post"}],"author":[{"embeddable":true,"href":"https:\/\/www.europesays.com\/pt\/wp-json\/wp\/v2\/users\/2"}],"replies":[{"embeddable":true,"href":"https:\/\/www.europesays.com\/pt\/wp-json\/wp\/v2\/comments?post=513180"}],"version-history":[{"count":0,"href":"https:\/\/www.europesays.com\/pt\/wp-json\/wp\/v2\/posts\/513180\/revisions"}],"wp:featuredmedia":[{"embeddable":true,"href":"https:\/\/www.europesays.com\/pt\/wp-json\/wp\/v2\/media\/513181"}],"wp:attachment":[{"href":"https:\/\/www.europesays.com\/pt\/wp-json\/wp\/v2\/media?parent=513180"}],"wp:term":[{"taxonomy":"category","embeddable":true,"href":"https:\/\/www.europesays.com\/pt\/wp-json\/wp\/v2\/categories?post=513180"},{"taxonomy":"post_tag","embeddable":true,"href":"https:\/\/www.europesays.com\/pt\/wp-json\/wp\/v2\/tags?post=513180"}],"curies":[{"name":"wp","href":"https:\/\/api.w.org\/{rel}","templated":true}]}}