{"id":513302,"date":"2026-09-06T00:33:37","date_gmt":"2026-09-06T00:33:37","guid":{"rendered":"https:\/\/www.europesays.com\/pt\/513302\/"},"modified":"2026-09-06T00:33:37","modified_gmt":"2026-09-06T00:33:37","slug":"rui-borges-ja-vejo-o-suarez-a-sorrir-ha-muito-tempo","status":"publish","type":"post","link":"https:\/\/www.europesays.com\/pt\/513302\/","title":{"rendered":"Rui Borges: \u00abJ\u00e1 vejo o Su\u00e1rez a sorrir h\u00e1 muito tempo\u00bb"},"content":{"rendered":"<p>                                                    <img decoding=\"async\" class=\"max-w-295 h-[calc(100vh-400px)] w-full select-none rounded-t object-contain object-center transition-opacity duration-500 ease-out\" src=\"https:\/\/www.europesays.com\/pt\/wp-content\/uploads\/2026\/09\/2f6dbdf2-4394-480a-93bd-bdbd563bcc1c.jpg\" alt=\"Renato Marin, guarda-redes do Nacional\" loading=\"lazy\" x-data=\"{ loaded: false }\" x-init=\"loaded = $el.complete\" x-on:load=\"loaded = true\" :class=\"loaded ? 'opacity-100' : 'opacity-0'\" x-show=\"imageGalleryOpened &amp;&amp; imageGalleryImageIndex == 1\"\/><\/p>\n<p>                                        \/ 32<\/p>\n<p>                                        Renato Marin, guarda-redes do Nacional<\/p>\n<p>                                                    <img decoding=\"async\" class=\"max-w-295 h-[calc(100vh-400px)] w-full select-none rounded-t object-contain object-center transition-opacity duration-500 ease-out\" src=\"https:\/\/www.europesays.com\/pt\/wp-content\/uploads\/2026\/09\/7c2cc509-c1eb-4ddf-8cec-0a83d8ab61c7.jpg\" alt=\"Rui Borges, treinador do Sporting\" loading=\"lazy\" x-data=\"{ loaded: false }\" x-init=\"loaded = $el.complete\" x-on:load=\"loaded = true\" :class=\"loaded ? 'opacity-100' : 'opacity-0'\" x-show=\"imageGalleryOpened &amp;&amp; imageGalleryImageIndex == 2\"\/><\/p>\n<p>                                        \/ 32<\/p>\n<p>                                        Rui Borges, treinador do Sporting<\/p>\n<p>                                                    <img decoding=\"async\" class=\"max-w-295 h-[calc(100vh-400px)] w-full select-none rounded-t object-contain object-center transition-opacity duration-500 ease-out\" src=\"https:\/\/www.europesays.com\/pt\/wp-content\/uploads\/2026\/09\/de753c70-052f-415b-b9c6-e77af5209f8e.jpg\" alt=\"Bruno Abreu, treinador interino do Nacional\" loading=\"lazy\" x-data=\"{ loaded: false }\" x-init=\"loaded = $el.complete\" x-on:load=\"loaded = true\" :class=\"loaded ? 'opacity-100' : 'opacity-0'\" x-show=\"imageGalleryOpened &amp;&amp; imageGalleryImageIndex == 3\"\/><\/p>\n<p>                                        \/ 32<\/p>\n<p>                                        Bruno Abreu, treinador interino do Nacional<\/p>\n<p>                                                    <img decoding=\"async\" class=\"max-w-295 h-[calc(100vh-400px)] w-full select-none rounded-t object-contain object-center transition-opacity duration-500 ease-out\" src=\"https:\/\/www.europesays.com\/pt\/wp-content\/uploads\/2026\/09\/60d950c3-3d49-4e46-8abc-029875d3cf05.jpg\" alt=\"Wesley Gasolina\" loading=\"lazy\" x-data=\"{ loaded: false }\" x-init=\"loaded = $el.complete\" x-on:load=\"loaded = true\" :class=\"loaded ? 'opacity-100' : 'opacity-0'\" x-show=\"imageGalleryOpened &amp;&amp; imageGalleryImageIndex == 4\"\/><\/p>\n<p>                                                    <img decoding=\"async\" class=\"max-w-295 h-[calc(100vh-400px)] w-full select-none rounded-t object-contain object-center transition-opacity duration-500 ease-out\" src=\"https:\/\/www.europesays.com\/pt\/wp-content\/uploads\/2026\/09\/8a32fcfe-dec4-4d39-8504-34465860bb01.jpg\" alt=\"Leo Santos\" loading=\"lazy\" x-data=\"{ loaded: false }\" x-init=\"loaded = $el.complete\" x-on:load=\"loaded = true\" :class=\"loaded ? 'opacity-100' : 'opacity-0'\" x-show=\"imageGalleryOpened &amp;&amp; imageGalleryImageIndex == 5\"\/><\/p>\n<p>                                                    <img decoding=\"async\" class=\"max-w-295 h-[calc(100vh-400px)] w-full select-none rounded-t object-contain object-center transition-opacity duration-500 ease-out\" src=\"https:\/\/www.europesays.com\/pt\/wp-content\/uploads\/2026\/09\/9553da19-5447-4148-946b-0a60c762b936.jpg\" alt=\"Stavros Gavriel\" loading=\"lazy\" x-data=\"{ loaded: false }\" x-init=\"loaded = $el.complete\" x-on:load=\"loaded = true\" :class=\"loaded ? 'opacity-100' : 'opacity-0'\" x-show=\"imageGalleryOpened &amp;&amp; imageGalleryImageIndex == 6\"\/><\/p>\n<p>                                                    <img decoding=\"async\" class=\"max-w-295 h-[calc(100vh-400px)] w-full select-none rounded-t object-contain object-center transition-opacity duration-500 ease-out\" src=\"https:\/\/www.europesays.com\/pt\/wp-content\/uploads\/2026\/09\/8dc86d19-7a2c-4815-89d3-ca2cb9cd8172.jpg\" alt=\"Miguel Baeza\" loading=\"lazy\" x-data=\"{ loaded: false }\" x-init=\"loaded = $el.complete\" x-on:load=\"loaded = true\" :class=\"loaded ? 'opacity-100' : 'opacity-0'\" x-show=\"imageGalleryOpened &amp;&amp; imageGalleryImageIndex == 7\"\/><\/p>\n<p>                                                    <img decoding=\"async\" class=\"max-w-295 h-[calc(100vh-400px)] w-full select-none rounded-t object-contain object-center transition-opacity duration-500 ease-out\" src=\"https:\/\/www.europesays.com\/pt\/wp-content\/uploads\/2026\/09\/464d734b-e575-47c4-86c8-f46a89509e48.jpg\" alt=\"Rui Borges, treinador do Sporting\" loading=\"lazy\" x-data=\"{ loaded: false }\" x-init=\"loaded = $el.complete\" x-on:load=\"loaded = true\" :class=\"loaded ? 'opacity-100' : 'opacity-0'\" x-show=\"imageGalleryOpened &amp;&amp; imageGalleryImageIndex == 8\"\/><\/p>\n<p>                                        \/ 32<\/p>\n<p>                                        Rui Borges, treinador do Sporting<\/p>\n<p>                                                    <img decoding=\"async\" class=\"max-w-295 h-[calc(100vh-400px)] w-full select-none rounded-t object-contain object-center transition-opacity duration-500 ease-out\" src=\"https:\/\/www.europesays.com\/pt\/wp-content\/uploads\/2026\/09\/8f885184-54d6-4120-9a23-360714079425.jpg\" alt=\"Maxi Ara\u00fajo e Jo\u00e3o Pinheiro\" loading=\"lazy\" x-data=\"{ loaded: false }\" x-init=\"loaded = $el.complete\" x-on:load=\"loaded = true\" :class=\"loaded ? 'opacity-100' : 'opacity-0'\" x-show=\"imageGalleryOpened &amp;&amp; imageGalleryImageIndex == 9\"\/><\/p>\n<p>                                        \/ 32<\/p>\n<p>                                        Maxi Ara\u00fajo e Jo\u00e3o Pinheiro<\/p>\n<p>                                                    <img decoding=\"async\" class=\"max-w-295 h-[calc(100vh-400px)] w-full select-none rounded-t object-contain object-center transition-opacity duration-500 ease-out\" src=\"https:\/\/www.europesays.com\/pt\/wp-content\/uploads\/2026\/09\/73121d89-6f03-453b-880f-9132ca14bd5d.jpg\" alt=\"Fl\u00e1vio Gon\u00e7alves marcou frente ao Nacional - Foto: Miguel Nunes\" loading=\"lazy\" x-data=\"{ loaded: false }\" x-init=\"loaded = $el.complete\" x-on:load=\"loaded = true\" :class=\"loaded ? 'opacity-100' : 'opacity-0'\" x-show=\"imageGalleryOpened &amp;&amp; imageGalleryImageIndex == 10\"\/><\/p>\n<p>                                        \/ 32<\/p>\n<p>                                        Fl\u00e1vio Gon\u00e7alves marcou frente ao Nacional &#8211; Foto: Miguel Nunes<\/p>\n<p>                                                    <img decoding=\"async\" class=\"max-w-295 h-[calc(100vh-400px)] w-full select-none rounded-t object-contain object-center transition-opacity duration-500 ease-out\" src=\"https:\/\/www.europesays.com\/pt\/wp-content\/uploads\/2026\/09\/28680551-d3ae-4be0-a4f4-781525299300.jpg\" alt=\"Fl\u00e1vio Gon\u00e7alves marcou frente ao Nacional - Foto: Miguel Nunes\" loading=\"lazy\" x-data=\"{ loaded: false }\" x-init=\"loaded = $el.complete\" x-on:load=\"loaded = true\" :class=\"loaded ? 'opacity-100' : 'opacity-0'\" x-show=\"imageGalleryOpened &amp;&amp; imageGalleryImageIndex == 11\"\/><\/p>\n<p>                                        \/ 32<\/p>\n<p>                                        Fl\u00e1vio Gon\u00e7alves marcou frente ao Nacional &#8211; Foto: Miguel Nunes<\/p>\n<p>                                                    <img decoding=\"async\" class=\"max-w-295 h-[calc(100vh-400px)] w-full select-none rounded-t object-contain object-center transition-opacity duration-500 ease-out\" src=\"https:\/\/www.europesays.com\/pt\/wp-content\/uploads\/2026\/09\/808cca25-2321-4070-936e-fb0790e1acea.jpg\" alt=\"Su\u00e1rez e Fl\u00e1vio Gon\u00e7alves - Foto: Miguel Nunes\" loading=\"lazy\" x-data=\"{ loaded: false }\" x-init=\"loaded = $el.complete\" x-on:load=\"loaded = true\" :class=\"loaded ? 'opacity-100' : 'opacity-0'\" x-show=\"imageGalleryOpened &amp;&amp; imageGalleryImageIndex == 12\"\/><\/p>\n<p>                                        \/ 32<\/p>\n<p>                                        Su\u00e1rez e Fl\u00e1vio Gon\u00e7alves &#8211; Foto: Miguel Nunes<\/p>\n<p>                                                    <img decoding=\"async\" class=\"max-w-295 h-[calc(100vh-400px)] w-full select-none rounded-t object-contain object-center transition-opacity duration-500 ease-out\" src=\"https:\/\/www.europesays.com\/pt\/wp-content\/uploads\/2026\/09\/77280733-1a4f-4644-b692-afb2dab9e5cf.jpg\" alt=\"Festejos do Sporting - Foto: Miguel Nunes\" loading=\"lazy\" x-data=\"{ loaded: false }\" x-init=\"loaded = $el.complete\" x-on:load=\"loaded = true\" :class=\"loaded ? 'opacity-100' : 'opacity-0'\" x-show=\"imageGalleryOpened &amp;&amp; imageGalleryImageIndex == 13\"\/><\/p>\n<p>                                        \/ 32<\/p>\n<p>                                        Festejos do Sporting &#8211; Foto: Miguel Nunes<\/p>\n<p>                                                    <img decoding=\"async\" class=\"max-w-295 h-[calc(100vh-400px)] w-full select-none rounded-t object-contain object-center transition-opacity duration-500 ease-out\" src=\"https:\/\/www.europesays.com\/pt\/wp-content\/uploads\/2026\/09\/077b8b6a-6cab-481b-9ec2-76daed801cec.jpg\" alt=\"Festejos do Sporting - Foto: Miguel Nunes\" loading=\"lazy\" x-data=\"{ loaded: false }\" x-init=\"loaded = $el.complete\" x-on:load=\"loaded = true\" :class=\"loaded ? 'opacity-100' : 'opacity-0'\" x-show=\"imageGalleryOpened &amp;&amp; imageGalleryImageIndex == 14\"\/><\/p>\n<p>                                        \/ 32<\/p>\n<p>                                        Festejos do Sporting &#8211; Foto: Miguel Nunes<\/p>\n<p>                                                    <img decoding=\"async\" class=\"max-w-295 h-[calc(100vh-400px)] w-full select-none rounded-t object-contain object-center transition-opacity duration-500 ease-out\" src=\"https:\/\/www.europesays.com\/pt\/wp-content\/uploads\/2026\/09\/9bac5283-50ac-49e9-893c-53279a1586f3.jpg\" alt=\"Ba assiste ao jogo da tribuna - Foto: Miguel Nunes\" loading=\"lazy\" x-data=\"{ loaded: false }\" x-init=\"loaded = $el.complete\" x-on:load=\"loaded = true\" :class=\"loaded ? 'opacity-100' : 'opacity-0'\" x-show=\"imageGalleryOpened &amp;&amp; imageGalleryImageIndex == 15\"\/><\/p>\n<p>                                        \/ 32<\/p>\n<p>                                        Ba assiste ao jogo da tribuna &#8211; Foto: Miguel Nunes<\/p>\n<p>                                                    <img decoding=\"async\" class=\"max-w-295 h-[calc(100vh-400px)] w-full select-none rounded-t object-contain object-center transition-opacity duration-500 ease-out\" src=\"https:\/\/www.europesays.com\/pt\/wp-content\/uploads\/2026\/09\/46e630ad-0695-4a7e-8322-4378d85f1f27.jpg\" alt=\"Geny Catamo - Foto: Miguel Nunes\" loading=\"lazy\" x-data=\"{ loaded: false }\" x-init=\"loaded = $el.complete\" x-on:load=\"loaded = true\" :class=\"loaded ? 'opacity-100' : 'opacity-0'\" x-show=\"imageGalleryOpened &amp;&amp; imageGalleryImageIndex == 16\"\/><\/p>\n<p>                                        \/ 32<\/p>\n<p>                                        Geny Catamo &#8211; Foto: Miguel Nunes<\/p>\n<p>                                                    <img decoding=\"async\" class=\"max-w-295 h-[calc(100vh-400px)] w-full select-none rounded-t object-contain object-center transition-opacity duration-500 ease-out\" src=\"https:\/\/www.europesays.com\/pt\/wp-content\/uploads\/2026\/09\/48ccce01-ee67-4d82-a62c-c5e9acbf6a53.jpg\" alt=\"\u00c1rbitro Jo\u00e3o Pinheiro - Foto: Miguel Nunes\" loading=\"lazy\" x-data=\"{ loaded: false }\" x-init=\"loaded = $el.complete\" x-on:load=\"loaded = true\" :class=\"loaded ? 'opacity-100' : 'opacity-0'\" x-show=\"imageGalleryOpened &amp;&amp; imageGalleryImageIndex == 17\"\/><\/p>\n<p>                                        \/ 32<\/p>\n<p>                                        \u00c1rbitro Jo\u00e3o Pinheiro &#8211; Foto: Miguel Nunes<\/p>\n<p>                                                    <img decoding=\"async\" class=\"max-w-295 h-[calc(100vh-400px)] w-full select-none rounded-t object-contain object-center transition-opacity duration-500 ease-out\" src=\"https:\/\/www.europesays.com\/pt\/wp-content\/uploads\/2026\/09\/b5a23aff-7f2b-4356-a66d-a11cc5000ad4.jpg\" alt=\"Fl\u00e1vio Gon\u00e7alves e Fresneda - Foto: Miguel Nunes\" loading=\"lazy\" x-data=\"{ loaded: false }\" x-init=\"loaded = $el.complete\" x-on:load=\"loaded = true\" :class=\"loaded ? 'opacity-100' : 'opacity-0'\" x-show=\"imageGalleryOpened &amp;&amp; imageGalleryImageIndex == 18\"\/><\/p>\n<p>                                        \/ 32<\/p>\n<p>                                        Fl\u00e1vio Gon\u00e7alves e Fresneda &#8211; Foto: Miguel Nunes<\/p>\n<p>                                                    <img decoding=\"async\" class=\"max-w-295 h-[calc(100vh-400px)] w-full select-none rounded-t object-contain object-center transition-opacity duration-500 ease-out\" src=\"https:\/\/www.europesays.com\/pt\/wp-content\/uploads\/2026\/09\/6a3f7f90-c66b-4664-ac89-ac1912700bfc.jpg\" alt=\"Fl\u00e1vio Gon\u00e7alves a celebrar - Foto: Miguel Nunes\" loading=\"lazy\" x-data=\"{ loaded: false }\" x-init=\"loaded = $el.complete\" x-on:load=\"loaded = true\" :class=\"loaded ? 'opacity-100' : 'opacity-0'\" x-show=\"imageGalleryOpened &amp;&amp; imageGalleryImageIndex == 19\"\/><\/p>\n<p>                                        \/ 32<\/p>\n<p>                                        Fl\u00e1vio Gon\u00e7alves a celebrar &#8211; Foto: Miguel Nunes<\/p>\n<p>                                                    <img decoding=\"async\" class=\"max-w-295 h-[calc(100vh-400px)] w-full select-none rounded-t object-contain object-center transition-opacity duration-500 ease-out\" src=\"https:\/\/www.europesays.com\/pt\/wp-content\/uploads\/2026\/09\/80f75d5b-f82e-404a-9eb2-bb306ae91157.jpg\" alt=\"Fl\u00e1vio Gon\u00e7alves a celebrar - Foto: Miguel Nunes\" loading=\"lazy\" x-data=\"{ loaded: false }\" x-init=\"loaded = $el.complete\" x-on:load=\"loaded = true\" :class=\"loaded ? 'opacity-100' : 'opacity-0'\" x-show=\"imageGalleryOpened &amp;&amp; imageGalleryImageIndex == 20\"\/><\/p>\n<p>                                        \/ 32<\/p>\n<p>                                        Fl\u00e1vio Gon\u00e7alves a celebrar &#8211; Foto: Miguel Nunes<\/p>\n<p>                                                    <img decoding=\"async\" class=\"max-w-295 h-[calc(100vh-400px)] w-full select-none rounded-t object-contain object-center transition-opacity duration-500 ease-out\" src=\"https:\/\/www.europesays.com\/pt\/wp-content\/uploads\/2026\/09\/0c44de32-f5c4-41a5-8f2c-d9f65f679684.jpg\" alt=\"Doumbia e Rui Borges - Foto: Miguel Nunes\" loading=\"lazy\" x-data=\"{ loaded: false }\" x-init=\"loaded = $el.complete\" x-on:load=\"loaded = true\" :class=\"loaded ? 'opacity-100' : 'opacity-0'\" x-show=\"imageGalleryOpened &amp;&amp; imageGalleryImageIndex == 21\"\/><\/p>\n<p>                                        \/ 32<\/p>\n<p>                                        Doumbia e Rui Borges &#8211; Foto: Miguel Nunes<\/p>\n<p>                                                    <img decoding=\"async\" class=\"max-w-295 h-[calc(100vh-400px)] w-full select-none rounded-t object-contain object-center transition-opacity duration-500 ease-out\" src=\"https:\/\/www.europesays.com\/pt\/wp-content\/uploads\/2026\/09\/3ab35524-bf12-4a94-a46e-a61b18759998.jpg\" alt=\"Gon\u00e7alo In\u00e1cio com queixas no relvado - Foto: Miguel Nunes\" loading=\"lazy\" x-data=\"{ loaded: false }\" x-init=\"loaded = $el.complete\" x-on:load=\"loaded = true\" :class=\"loaded ? 'opacity-100' : 'opacity-0'\" x-show=\"imageGalleryOpened &amp;&amp; imageGalleryImageIndex == 22\"\/><\/p>\n<p>                                        \/ 32<\/p>\n<p>                                        Gon\u00e7alo In\u00e1cio com queixas no relvado &#8211; Foto: Miguel Nunes<\/p>\n<p>                                                    <img decoding=\"async\" class=\"max-w-295 h-[calc(100vh-400px)] w-full select-none rounded-t object-contain object-center transition-opacity duration-500 ease-out\" src=\"https:\/\/www.europesays.com\/pt\/wp-content\/uploads\/2026\/09\/21058131-eaf2-4a43-949c-8dbef4b7208c.jpg\" alt=\"Su\u00e1rez tenta fugir a advers\u00e1rio - Foto: Miguel Nunes\" loading=\"lazy\" x-data=\"{ loaded: false }\" x-init=\"loaded = $el.complete\" x-on:load=\"loaded = true\" :class=\"loaded ? 'opacity-100' : 'opacity-0'\" x-show=\"imageGalleryOpened &amp;&amp; imageGalleryImageIndex == 23\"\/><\/p>\n<p>                                        \/ 32<\/p>\n<p>                                        Su\u00e1rez tenta fugir a advers\u00e1rio &#8211; Foto: Miguel Nunes<\/p>\n<p>                                                    <img decoding=\"async\" class=\"max-w-295 h-[calc(100vh-400px)] w-full select-none rounded-t object-contain object-center transition-opacity duration-500 ease-out\" src=\"https:\/\/www.europesays.com\/pt\/wp-content\/uploads\/2026\/09\/aa55a701-1ceb-4026-b64b-74951362d997.jpg\" alt=\"Su\u00e1rez a festejar - Foto: Miguel Nunes\" loading=\"lazy\" x-data=\"{ loaded: false }\" x-init=\"loaded = $el.complete\" x-on:load=\"loaded = true\" :class=\"loaded ? 'opacity-100' : 'opacity-0'\" x-show=\"imageGalleryOpened &amp;&amp; imageGalleryImageIndex == 24\"\/><\/p>\n<p>                                        \/ 32<\/p>\n<p>                                        Su\u00e1rez a festejar &#8211; Foto: Miguel Nunes<\/p>\n<p>                                                    <img decoding=\"async\" class=\"max-w-295 h-[calc(100vh-400px)] w-full select-none rounded-t object-contain object-center transition-opacity duration-500 ease-out\" src=\"https:\/\/www.europesays.com\/pt\/wp-content\/uploads\/2026\/09\/b41c2f8b-3b78-46c4-95ce-7e6884582174.jpg\" alt=\"Su\u00e1rez a festejar - Foto: Miguel Nunes\" loading=\"lazy\" x-data=\"{ loaded: false }\" x-init=\"loaded = $el.complete\" x-on:load=\"loaded = true\" :class=\"loaded ? 'opacity-100' : 'opacity-0'\" x-show=\"imageGalleryOpened &amp;&amp; imageGalleryImageIndex == 25\"\/><\/p>\n<p>                                        \/ 32<\/p>\n<p>                                        Su\u00e1rez a festejar &#8211; Foto: Miguel Nunes<\/p>\n<p>                                                    <img decoding=\"async\" class=\"max-w-295 h-[calc(100vh-400px)] w-full select-none rounded-t object-contain object-center transition-opacity duration-500 ease-out\" src=\"https:\/\/www.europesays.com\/pt\/wp-content\/uploads\/2026\/09\/6ec93784-8f43-44a5-9883-81092a768637.jpg\" alt=\"Su\u00e1rez a festejar - Foto: Miguel Nunes\" loading=\"lazy\" x-data=\"{ loaded: false }\" x-init=\"loaded = $el.complete\" x-on:load=\"loaded = true\" :class=\"loaded ? 'opacity-100' : 'opacity-0'\" x-show=\"imageGalleryOpened &amp;&amp; imageGalleryImageIndex == 26\"\/><\/p>\n<p>                                        \/ 32<\/p>\n<p>                                        Su\u00e1rez a festejar &#8211; Foto: Miguel Nunes<\/p>\n<p>                                                    <img decoding=\"async\" class=\"max-w-295 h-[calc(100vh-400px)] w-full select-none rounded-t object-contain object-center transition-opacity duration-500 ease-out\" src=\"https:\/\/www.europesays.com\/pt\/wp-content\/uploads\/2026\/09\/499ec4b4-51ac-4b31-8069-b68dee4f8d9b.jpg\" alt=\"Su\u00e1rez a festejar - Foto: Miguel Nunes\" loading=\"lazy\" x-data=\"{ loaded: false }\" x-init=\"loaded = $el.complete\" x-on:load=\"loaded = true\" :class=\"loaded ? 'opacity-100' : 'opacity-0'\" x-show=\"imageGalleryOpened &amp;&amp; imageGalleryImageIndex == 27\"\/><\/p>\n<p>                                        \/ 32<\/p>\n<p>                                        Su\u00e1rez a festejar &#8211; Foto: Miguel Nunes<\/p>\n<p>                                                    <img decoding=\"async\" class=\"max-w-295 h-[calc(100vh-400px)] w-full select-none rounded-t object-contain object-center transition-opacity duration-500 ease-out\" src=\"https:\/\/www.europesays.com\/pt\/wp-content\/uploads\/2026\/09\/ea8372b0-4431-449b-a9e9-ede154ad5db9.jpg\" alt=\"Su\u00e1rez mostra sorriso - Foto: Miguel Nunes\" loading=\"lazy\" x-data=\"{ loaded: false }\" x-init=\"loaded = $el.complete\" x-on:load=\"loaded = true\" :class=\"loaded ? 'opacity-100' : 'opacity-0'\" x-show=\"imageGalleryOpened &amp;&amp; imageGalleryImageIndex == 28\"\/><\/p>\n<p>                                        \/ 32<\/p>\n<p>                                        Su\u00e1rez mostra sorriso &#8211; Foto: Miguel Nunes<\/p>\n<p>                                                    <img decoding=\"async\" class=\"max-w-295 h-[calc(100vh-400px)] w-full select-none rounded-t object-contain object-center transition-opacity duration-500 ease-out\" src=\"https:\/\/www.europesays.com\/pt\/wp-content\/uploads\/2026\/09\/fe1b92fa-845b-4738-9d29-593fafdf98e2.jpg\" alt=\"Su\u00e1rez a festejar - Foto: Miguel Nunes\" loading=\"lazy\" x-data=\"{ loaded: false }\" x-init=\"loaded = $el.complete\" x-on:load=\"loaded = true\" :class=\"loaded ? 'opacity-100' : 'opacity-0'\" x-show=\"imageGalleryOpened &amp;&amp; imageGalleryImageIndex == 29\"\/><\/p>\n<p>                                        \/ 32<\/p>\n<p>                                        Su\u00e1rez a festejar &#8211; Foto: Miguel Nunes<\/p>\n<p>                                                    <img decoding=\"async\" class=\"max-w-295 h-[calc(100vh-400px)] w-full select-none rounded-t object-contain object-center transition-opacity duration-500 ease-out\" src=\"https:\/\/www.europesays.com\/pt\/wp-content\/uploads\/2026\/09\/b6891d15-dd50-4ba0-bfc0-eb1bddcf5b20.jpg\" alt=\"Su\u00e1rez a bater pen\u00e1lti - Foto: Miguel Nunes\" loading=\"lazy\" x-data=\"{ loaded: false }\" x-init=\"loaded = $el.complete\" x-on:load=\"loaded = true\" :class=\"loaded ? 'opacity-100' : 'opacity-0'\" x-show=\"imageGalleryOpened &amp;&amp; imageGalleryImageIndex == 30\"\/><\/p>\n<p>                                        \/ 32<\/p>\n<p>                                        Su\u00e1rez a bater pen\u00e1lti &#8211; Foto: Miguel Nunes<\/p>\n<p>                                                    <img decoding=\"async\" class=\"max-w-295 h-[calc(100vh-400px)] w-full select-none rounded-t object-contain object-center transition-opacity duration-500 ease-out\" src=\"https:\/\/www.europesays.com\/pt\/wp-content\/uploads\/2026\/09\/48bb2e35-88f0-44c5-b820-24aeb6a8808c.jpg\" alt=\"Festejo de Su\u00e1rez\" loading=\"lazy\" x-data=\"{ loaded: false }\" x-init=\"loaded = $el.complete\" x-on:load=\"loaded = true\" :class=\"loaded ? 'opacity-100' : 'opacity-0'\" x-show=\"imageGalleryOpened &amp;&amp; imageGalleryImageIndex == 31\"\/><\/p>\n<p>                                                    <img decoding=\"async\" class=\"max-w-295 h-[calc(100vh-400px)] w-full select-none rounded-t object-contain object-center transition-opacity duration-500 ease-out\" src=\"https:\/\/www.europesays.com\/pt\/wp-content\/uploads\/2026\/09\/baf9084f-ad5b-4f7f-a948-35af0ed43a39.jpg\" alt=\"Fl\u00e1vio Gon\u00e7alves em a\u00e7\u00e3o frente ao Nacional - Foto: Miguel Nunes\" loading=\"lazy\" x-data=\"{ loaded: false }\" x-init=\"loaded = $el.complete\" x-on:load=\"loaded = true\" :class=\"loaded ? 'opacity-100' : 'opacity-0'\" x-show=\"imageGalleryOpened &amp;&amp; imageGalleryImageIndex == 32\"\/><\/p>\n<p>                                        \/ 32<\/p>\n<p>                                        Fl\u00e1vio Gon\u00e7alves em a\u00e7\u00e3o frente ao Nacional &#8211; Foto: Miguel Nunes<\/p>\n","protected":false},"excerpt":{"rendered":"\/ 32 Renato Marin, guarda-redes do Nacional \/ 32 Rui Borges, treinador do Sporting \/ 32 Bruno Abreu,&hellip;\n","protected":false},"author":2,"featured_media":513303,"comment_status":"","ping_status":"","sticky":false,"template":"","format":"standard","meta":{"footnotes":"","_share_on_mastodon":"0"},"categories":[87],"tags":[135,32,33,134],"class_list":["post-513302","post","type-post","status-publish","format-standard","has-post-thumbnail","category-desporto","tag-desporto","tag-portugal","tag-pt","tag-sports"],"share_on_mastodon":{"url":"https:\/\/pubeurope.com\/@pt\/117221289925566516","error":""},"_links":{"self":[{"href":"https:\/\/www.europesays.com\/pt\/wp-json\/wp\/v2\/posts\/513302","targetHints":{"allow":["GET"]}}],"collection":[{"href":"https:\/\/www.europesays.com\/pt\/wp-json\/wp\/v2\/posts"}],"about":[{"href":"https:\/\/www.europesays.com\/pt\/wp-json\/wp\/v2\/types\/post"}],"author":[{"embeddable":true,"href":"https:\/\/www.europesays.com\/pt\/wp-json\/wp\/v2\/users\/2"}],"replies":[{"embeddable":true,"href":"https:\/\/www.europesays.com\/pt\/wp-json\/wp\/v2\/comments?post=513302"}],"version-history":[{"count":0,"href":"https:\/\/www.europesays.com\/pt\/wp-json\/wp\/v2\/posts\/513302\/revisions"}],"wp:featuredmedia":[{"embeddable":true,"href":"https:\/\/www.europesays.com\/pt\/wp-json\/wp\/v2\/media\/513303"}],"wp:attachment":[{"href":"https:\/\/www.europesays.com\/pt\/wp-json\/wp\/v2\/media?parent=513302"}],"wp:term":[{"taxonomy":"category","embeddable":true,"href":"https:\/\/www.europesays.com\/pt\/wp-json\/wp\/v2\/categories?post=513302"},{"taxonomy":"post_tag","embeddable":true,"href":"https:\/\/www.europesays.com\/pt\/wp-json\/wp\/v2\/tags?post=513302"}],"curies":[{"name":"wp","href":"https:\/\/api.w.org\/{rel}","templated":true}]}}