{"id":513308,"date":"2026-09-06T00:47:12","date_gmt":"2026-09-06T00:47:12","guid":{"rendered":"https:\/\/www.europesays.com\/pt\/513308\/"},"modified":"2026-09-06T00:47:12","modified_gmt":"2026-09-06T00:47:12","slug":"a-minha-cabeca-esta-no-sporting-garante-luis-suarez","status":"publish","type":"post","link":"https:\/\/www.europesays.com\/pt\/513308\/","title":{"rendered":"\u00abA minha cabe\u00e7a est\u00e1 no Sporting\u00bb, garante Luis Su\u00e1rez"},"content":{"rendered":"<p>\u00abH\u00e1 algo que me caracteriza: n\u00e3o vou com mentiras. O meu presidente foi muito claro com esse tema h\u00e1 uma semana. Acontecem coisas no mercado e eu n\u00e3o vou dizer que n\u00e3o se passou, porque se passou, sou um homem, olho a c\u00e2mara e a todos os adeptos na cara, porque passou-se\u2026 Mas j\u00e1 \u00e9 \u00e1gua passada, n\u00e3o foi a nenhum lado e a minha cabe\u00e7a est\u00e1 no sporting. Aqui no campo estou totalmente comprometido com o <a class=\"autolink-enabled\" data-resource-id=\"448\" data-resource-type=\"team\" data-sport=\"football\" href=\"https:\/\/www.abola.pt\/futebol\/sporting-448\" rel=\"nofollow noopener\" target=\"_blank\">Sporting<\/a>\u00bb, confessou <a class=\"autolink-enabled\" data-resource-id=\"136456\" data-resource-type=\"player\" data-sport=\"football\" href=\"https:\/\/www.abola.pt\/futebol\/jogador\/luis-suarez-136456\" rel=\"nofollow noopener\" target=\"_blank\">Luis Su\u00e1rez<\/a> quando confrontado com o acordo que manteve com candidato (derrotado) \u00e0 presid\u00eancia do <a class=\"autolink-enabled\" data-resource-id=\"516\" data-resource-type=\"team\" data-sport=\"football\" href=\"https:\/\/www.abola.pt\/futebol\/fenerbahce-516\" rel=\"nofollow noopener\" target=\"_blank\">Fenerbah\u00e7e<\/a>.<\/p>\n<p>\u00abEstou a trabalhar para voltar ao melhor. O importante destes golos \u00e9 que pude ajudar a equipa a ganhar e isso \u00e9 o mais importante\u00bb, disse o autor de um golo e de uma assist\u00eancia, ao <a target=\"_blank\" class=\"editor-link autolink-enabled\" href=\"https:\/\/www.abola.pt\/futebol\/nacional-463\" data-resource-id=\"463\" data-resource-type=\"team\" data-sport=\"football\" rel=\"nofollow noopener\">Nacional<\/a>, na zona de entrevistas r\u00e1pidas da Sport TV e completou sobre o gesto de sorriso que fez ap\u00f3s o golo marcado: \u00abCreio que \u00e9 dif\u00edcil para jornalistas que queriam falar muito de mim. Dediquei-me a trabalhar e a mostrar a minha melhor vers\u00e3o e \u00e9 isso que estou a fazer.\u00bb<\/p>\n<p>\u00abSempre sorri, \u00e9 o que disse o mister, vou sorrir quando tenho de sorrir\u2026 No trabalho sempre vou a trabalhar, tu podes n\u00e3o estar sorridente no teu dia porque podes ter um mau dia\u2026\u00bb, apontou o avan\u00e7ado do <a target=\"_blank\" class=\"editor-link autolink-enabled\" href=\"https:\/\/www.abola.pt\/futebol\/sporting-448\" data-resource-id=\"448\" data-resource-type=\"team\" data-sport=\"football\" rel=\"nofollow noopener\">Sporting<\/a> e disse ainda: \u00abO meu presidente e o meu treinador falaram muito desse tema. Tanto eles como eu estamos j\u00e1 cansados de ver um monte de coisas que dizem de mim. Creio que a verdade \u00e9 que se fez aqui no campo, eu falo dentro de campo, fora falem o que quiserem.\u00bb<\/p>\n<p>\u00ab\u00c9 como tudo, em cada mercado fala-se de muitas coisas, possibilidades de tudo. Creio que hoje em dia quando se abre o mercado qualquer coisa pode acontecer, \u00e9 oferta e procura como em qualquer outro trabalho ou emprego. A verdade \u00e9 que sempre trabalhei da melhor maneira para o <a class=\"autolink-enabled\" data-resource-id=\"448\" data-resource-type=\"team\" data-sport=\"football\" href=\"https:\/\/www.abola.pt\/futebol\/sporting-448\" rel=\"nofollow noopener\" target=\"_blank\">Sporting<\/a> e assim vou continuar a fazer e demonstrar\u00bb, garantiu <a class=\"autolink-enabled\" data-resource-id=\"136456\" data-resource-type=\"player\" data-sport=\"football\" href=\"https:\/\/www.abola.pt\/futebol\/jogador\/luis-suarez-136456\" rel=\"nofollow noopener\" target=\"_blank\">Su\u00e1rez<\/a>.<\/p>\n","protected":false},"excerpt":{"rendered":"\u00abH\u00e1 algo que me caracteriza: n\u00e3o vou com mentiras. O meu presidente foi muito claro com esse tema&hellip;\n","protected":false},"author":2,"featured_media":513309,"comment_status":"","ping_status":"","sticky":false,"template":"","format":"standard","meta":{"footnotes":"","_share_on_mastodon":"0"},"categories":[87],"tags":[135,32,33,134],"class_list":["post-513308","post","type-post","status-publish","format-standard","has-post-thumbnail","category-desporto","tag-desporto","tag-portugal","tag-pt","tag-sports"],"share_on_mastodon":{"url":"https:\/\/pubeurope.com\/@pt\/117221343016981388","error":""},"_links":{"self":[{"href":"https:\/\/www.europesays.com\/pt\/wp-json\/wp\/v2\/posts\/513308","targetHints":{"allow":["GET"]}}],"collection":[{"href":"https:\/\/www.europesays.com\/pt\/wp-json\/wp\/v2\/posts"}],"about":[{"href":"https:\/\/www.europesays.com\/pt\/wp-json\/wp\/v2\/types\/post"}],"author":[{"embeddable":true,"href":"https:\/\/www.europesays.com\/pt\/wp-json\/wp\/v2\/users\/2"}],"replies":[{"embeddable":true,"href":"https:\/\/www.europesays.com\/pt\/wp-json\/wp\/v2\/comments?post=513308"}],"version-history":[{"count":0,"href":"https:\/\/www.europesays.com\/pt\/wp-json\/wp\/v2\/posts\/513308\/revisions"}],"wp:featuredmedia":[{"embeddable":true,"href":"https:\/\/www.europesays.com\/pt\/wp-json\/wp\/v2\/media\/513309"}],"wp:attachment":[{"href":"https:\/\/www.europesays.com\/pt\/wp-json\/wp\/v2\/media?parent=513308"}],"wp:term":[{"taxonomy":"category","embeddable":true,"href":"https:\/\/www.europesays.com\/pt\/wp-json\/wp\/v2\/categories?post=513308"},{"taxonomy":"post_tag","embeddable":true,"href":"https:\/\/www.europesays.com\/pt\/wp-json\/wp\/v2\/tags?post=513308"}],"curies":[{"name":"wp","href":"https:\/\/api.w.org\/{rel}","templated":true}]}}