{"id":513310,"date":"2026-09-06T00:48:44","date_gmt":"2026-09-06T00:48:44","guid":{"rendered":"https:\/\/www.europesays.com\/pt\/513310\/"},"modified":"2026-09-06T00:48:44","modified_gmt":"2026-09-06T00:48:44","slug":"psilocibina-pode-prevenir-neuropatia-da-quimioterapia","status":"publish","type":"post","link":"https:\/\/www.europesays.com\/pt\/513310\/","title":{"rendered":"Psilocibina pode prevenir neuropatia da quimioterapia"},"content":{"rendered":"<p>\t\t<a href=\"http:\/\/www.facebook.com\/sharer\/sharer.php?u=https:\/\/www.diariodocentrodomundo.com.br\/essencial\/psilocibina-prevenir-neuropatia-quimioterapia\/\" target=\"_blank\" class=\"facebook-share\" rel=\"nofollow noopener\"><\/a><br \/>\n\t\t<a href=\"https:\/\/twitter.com\/share?url=https:\/\/www.diariodocentrodomundo.com.br\/essencial\/psilocibina-prevenir-neuropatia-quimioterapia\/\" target=\"_blank\" class=\"twitter-share\" rel=\"nofollow noopener\"><\/a><br \/>\n\t\t<a href=\"#\" class=\"whatsapp-share\" data-url=\"https:\/\/www.diariodocentrodomundo.com.br\/essencial\/psilocibina-prevenir-neuropatia-quimioterapia\/\" data-title=\"Psilocibina pode prevenir danos nos nervos causados pela quimioterapia\"><\/a><br \/>\n\t<a href=\"https:\/\/www.linkedin.com\/sharing\/share-offsite\/?url=https:\/\/www.diariodocentrodomundo.com.br\/essencial\/psilocibina-prevenir-neuropatia-quimioterapia\/\" target=\"_blank\" class=\"linkedin-share\" rel=\"nofollow noopener\"><\/a><br \/>\n   <a href=\"https:\/\/www.threads.net\/intent\/post?text=Psilocibina+pode+prevenir+danos+nos+nervos+causados+pela+quimioterapia&amp;url=https%3A%2F%2Fwww.diariodocentrodomundo.com.br%2Fessencial%2Fpsilocibina-prevenir-neuropatia-quimioterapia%2F\" target=\"_blank\" class=\"threads-share\" rel=\"nofollow noopener\"><img decoding=\"async\" class=\"threads-icon perfmatters-lazy\" src=\"https:\/\/www.diariodocentrodomundo.com.br\/wp-content\/themes\/Newsmag\/images\/icons\/threads.svg\"\/><\/a> <\/p>\n<p>            <img fetchpriority=\"high\" decoding=\"async\" class=\"aligncenter\" src=\"https:\/\/www.europesays.com\/pt\/wp-content\/uploads\/2026\/09\/imagem-principal-psilocibina-prevenir-neuropatia-quimioterapia-cogumelo.webp\" alt=\"Cogumelos associados \u00e0 psilocibina\" width=\"1200\" height=\"800\"\/>Cogumelos associados \u00e0 subst\u00e2ncia psilocibina. Foto: Reprodu\u00e7\u00e3o<\/p>\n<p>A psilocibina, composto encontrado em cogumelos alucin\u00f3genos, pode ajudar a prevenir a neuropatia causada pela quimioterapia. A condi\u00e7\u00e3o provoca dor, formigamento e perda de sensibilidade nas m\u00e3os e nos p\u00e9s e pode atingir at\u00e9 60% dos pacientes, especialmente nos tratamentos que usam medicamentos \u00e0 base de platina.<\/p>\n<p>Em estudo publicado na revista Science, ratos receberam duas doses de psilocibina antes de cada ciclo de quimioterapia. Os animais tratados mantiveram a estrutura das fibras nervosas e a resposta ao toque, enquanto os que n\u00e3o receberam o composto tiveram perda de sensibilidade e altera\u00e7\u00f5es nos nervos. Os pesquisadores tamb\u00e9m n\u00e3o identificaram interfer\u00eancia da subst\u00e2ncia na a\u00e7\u00e3o da quimioterapia contra tumores.<\/p>\n<p>A quimioterapia pode interromper o transporte de energia dentro dos neur\u00f4nios sensoriais, levando \u00e0 degrada\u00e7\u00e3o das termina\u00e7\u00f5es nervosas. Em amostras de tecido nervoso humano, a psilocibina preservou o movimento das mitoc\u00f4ndrias, estruturas respons\u00e1veis pela produ\u00e7\u00e3o de energia celular. Os autores pretendem realizar um estudo cl\u00ednico para avaliar a seguran\u00e7a e a efic\u00e1cia do uso do composto antes da quimioterapia em pacientes com c\u00e2ncer.<\/p>\n<p>        <script async src=\"https:\/\/platform.twitter.com\/widgets.js\" charset=\"utf-8\"><\/script><\/p>\n","protected":false},"excerpt":{"rendered":"Cogumelos associados \u00e0 subst\u00e2ncia psilocibina. Foto: Reprodu\u00e7\u00e3o A psilocibina, composto encontrado em cogumelos alucin\u00f3genos, pode ajudar a prevenir&hellip;\n","protected":false},"author":2,"featured_media":513311,"comment_status":"","ping_status":"","sticky":false,"template":"","format":"standard","meta":{"footnotes":"","_share_on_mastodon":"0"},"categories":[86],"tags":[116,32,33,117],"class_list":["post-513310","post","type-post","status-publish","format-standard","has-post-thumbnail","category-saude","tag-health","tag-portugal","tag-pt","tag-saude"],"share_on_mastodon":{"url":"https:\/\/pubeurope.com\/@pt\/117221347521670167","error":""},"_links":{"self":[{"href":"https:\/\/www.europesays.com\/pt\/wp-json\/wp\/v2\/posts\/513310","targetHints":{"allow":["GET"]}}],"collection":[{"href":"https:\/\/www.europesays.com\/pt\/wp-json\/wp\/v2\/posts"}],"about":[{"href":"https:\/\/www.europesays.com\/pt\/wp-json\/wp\/v2\/types\/post"}],"author":[{"embeddable":true,"href":"https:\/\/www.europesays.com\/pt\/wp-json\/wp\/v2\/users\/2"}],"replies":[{"embeddable":true,"href":"https:\/\/www.europesays.com\/pt\/wp-json\/wp\/v2\/comments?post=513310"}],"version-history":[{"count":0,"href":"https:\/\/www.europesays.com\/pt\/wp-json\/wp\/v2\/posts\/513310\/revisions"}],"wp:featuredmedia":[{"embeddable":true,"href":"https:\/\/www.europesays.com\/pt\/wp-json\/wp\/v2\/media\/513311"}],"wp:attachment":[{"href":"https:\/\/www.europesays.com\/pt\/wp-json\/wp\/v2\/media?parent=513310"}],"wp:term":[{"taxonomy":"category","embeddable":true,"href":"https:\/\/www.europesays.com\/pt\/wp-json\/wp\/v2\/categories?post=513310"},{"taxonomy":"post_tag","embeddable":true,"href":"https:\/\/www.europesays.com\/pt\/wp-json\/wp\/v2\/tags?post=513310"}],"curies":[{"name":"wp","href":"https:\/\/api.w.org\/{rel}","templated":true}]}}