{"id":513316,"date":"2026-09-06T01:01:12","date_gmt":"2026-09-06T01:01:12","guid":{"rendered":"https:\/\/www.europesays.com\/pt\/513316\/"},"modified":"2026-09-06T01:01:12","modified_gmt":"2026-09-06T01:01:12","slug":"peco-desculpa-a-rui-pedro-braz-pelo-dano-causado-a-sua-reputacao-profissional","status":"publish","type":"post","link":"https:\/\/www.europesays.com\/pt\/513316\/","title":{"rendered":"\u00abPe\u00e7o desculpa a Rui Pedro Braz pelo dano causado \u00e0 sua reputa\u00e7\u00e3o profissional\u00bb"},"content":{"rendered":"<p>Um dia de ter pedido desculpa ao Al Ahli por ter levantado suspeitas sobre alegada corrup\u00e7\u00e3o a envolver Rui Pedro Braz em neg\u00f3cios a envolver contrata\u00e7\u00f5es do clube saudita, o jornalista Sacha Tavolieri deixou tamb\u00e9m uma mensagem p\u00fablica ao dirigente portugu\u00eas.<\/p>\n<p>\u00abNa sequ\u00eancia da minha anterior publica\u00e7\u00e3o a respeito de Rui Pedro Braz, esclareci que o Al Ahli nega quaisquer alega\u00e7\u00f5es de corrup\u00e7\u00e3o relacionadas com o caso Bondarenko ou qualquer situa\u00e7\u00e3o relacionada com a sua sa\u00edda [de RPB] e que os motivos para a sua sa\u00edda n\u00e3o foram os que eu tinha relatado anteriormente\u00bb, come\u00e7ou por escrever.<\/p>\n<p>\u00abReconhe\u00e7o que a minha publica\u00e7\u00e3o anterior criou uma associa\u00e7\u00e3o incorreta entre Rui Pedro Braz e alega\u00e7\u00f5es de corrup\u00e7\u00e3o. Retiro essa sugest\u00e3o e pe\u00e7o desculpa ao senhor Braz pessoalmente pelo dano causado \u00e0 sua reputa\u00e7\u00e3o profissional\u00bb, acrescentou.<\/p>\n<blockquote class=\"twitter-tweet\">\n<p lang=\"en\">Following my earlier publication concerning Rui Pedro Braz, I have since clarified that Al-Ahli Saudi<br \/>FC denies any corruption allegations linked to the Bondarenko case or any other matter relating to<br \/>his departure and that the reasons for his departure were not those I had\u2026<\/p>\n<p> \u2014 Sacha Tavolieri (@sachatavolieri)<br \/>\n  <a href=\"https:\/\/x.com\/sachatavolieri\/status\/2096186131385606341?ref_src=twsrc%5Etfw\" rel=\"nofollow\">September 5, 2026<\/a>\n <\/p><\/blockquote>\n<p>Recorde-se que Tavolieri tinha dado conta de que havia suspeitas de corrup\u00e7\u00e3o em v\u00e1rios neg\u00f3cios de contrata\u00e7\u00f5es de jogadores como Merih Demiral, Edouard Mendy, Ivan Toney e Artem Bondarenko. Sobre este \u00faltimo, era referido que o jogador e o agente pretendiam um sal\u00e1rio de 1,3 milh\u00f5es de euros por ano e que o jogador acabou por ter um contrato de \u20ac2,5M sem que qualquer explica\u00e7\u00e3o fosse dada.<\/p>\n<p>Rui Pedro Braz deixou h\u00e1 dias o <a href=\"https:\/\/maisfutebol.iol.pt\/al-ahli\/rui-pedro-braz\/oficial-rui-pedro-braz-de-saida-do-al-ahli\" rel=\"nofollow noopener\" target=\"_blank\"><strong>cargo de diretor desportivo do Al Ahli<\/strong><\/a>, que comunicou a sa\u00edda do dirigente luso por m\u00fatuo acordo ao fim de 11 meses em fun\u00e7\u00f5es.<\/p>\n","protected":false},"excerpt":{"rendered":"Um dia de ter pedido desculpa ao Al Ahli por ter levantado suspeitas sobre alegada corrup\u00e7\u00e3o a envolver&hellip;\n","protected":false},"author":2,"featured_media":513317,"comment_status":"","ping_status":"","sticky":false,"template":"","format":"standard","meta":{"footnotes":"","_share_on_mastodon":"0"},"categories":[87],"tags":[5815,1145,135,82,436,46,32,33,47,14988,134],"class_list":["post-513316","post","type-post","status-publish","format-standard","has-post-thumbnail","category-desporto","tag-al-ahli","tag-arabia-saudita","tag-desporto","tag-internacional","tag-made-in","tag-maisfutebol","tag-portugal","tag-pt","tag-pura-paixao","tag-rui-pedro-braz","tag-sports"],"share_on_mastodon":{"url":"https:\/\/pubeurope.com\/@pt\/117221398105749943","error":""},"_links":{"self":[{"href":"https:\/\/www.europesays.com\/pt\/wp-json\/wp\/v2\/posts\/513316","targetHints":{"allow":["GET"]}}],"collection":[{"href":"https:\/\/www.europesays.com\/pt\/wp-json\/wp\/v2\/posts"}],"about":[{"href":"https:\/\/www.europesays.com\/pt\/wp-json\/wp\/v2\/types\/post"}],"author":[{"embeddable":true,"href":"https:\/\/www.europesays.com\/pt\/wp-json\/wp\/v2\/users\/2"}],"replies":[{"embeddable":true,"href":"https:\/\/www.europesays.com\/pt\/wp-json\/wp\/v2\/comments?post=513316"}],"version-history":[{"count":0,"href":"https:\/\/www.europesays.com\/pt\/wp-json\/wp\/v2\/posts\/513316\/revisions"}],"wp:featuredmedia":[{"embeddable":true,"href":"https:\/\/www.europesays.com\/pt\/wp-json\/wp\/v2\/media\/513317"}],"wp:attachment":[{"href":"https:\/\/www.europesays.com\/pt\/wp-json\/wp\/v2\/media?parent=513316"}],"wp:term":[{"taxonomy":"category","embeddable":true,"href":"https:\/\/www.europesays.com\/pt\/wp-json\/wp\/v2\/categories?post=513316"},{"taxonomy":"post_tag","embeddable":true,"href":"https:\/\/www.europesays.com\/pt\/wp-json\/wp\/v2\/tags?post=513316"}],"curies":[{"name":"wp","href":"https:\/\/api.w.org\/{rel}","templated":true}]}}