{"id":513318,"date":"2026-09-06T01:02:12","date_gmt":"2026-09-06T01:02:12","guid":{"rendered":"https:\/\/www.europesays.com\/pt\/513318\/"},"modified":"2026-09-06T01:02:12","modified_gmt":"2026-09-06T01:02:12","slug":"consumo-de-ultraprocessados-e-depressao-quando-a-quimica-no-prato-importa","status":"publish","type":"post","link":"https:\/\/www.europesays.com\/pt\/513318\/","title":{"rendered":"Consumo de ultraprocessados e depress\u00e3o: quando a qu\u00edmica no prato importa"},"content":{"rendered":"<p class=\"lead\">A cor vibrante de um iogurte ou o aroma intenso de uma sobremesa industrializada podem ter um custo invis\u00edvel para a sa\u00fade mental. Um estudo abrangente identificou uma associa\u00e7\u00e3o entre o consumo de alimentos ultraprocessados e o aumento do risco de depress\u00e3o, apontando que o problema n\u00e3o reside apenas nas calorias, mas em aditivos qu\u00edmicos espec\u00edficos.<\/p>\n<p>                                <img decoding=\"async\" src=\"https:\/\/www.europesays.com\/pt\/wp-content\/uploads\/2026\/09\/60740_five.jpeg\" class=\"article-main-image\" alt=\"\u0414\u0435\u0432\u0443\u0448\u043a\u0430 \u0435\u0441\u0442 \u043f\u0438\u0440\u043e\u0436\u043d\u044b\u0435\" title=\"\u0414\u0435\u0432\u0443\u0448\u043a\u0430 \u0435\u0441\u0442 \u043f\u0438\u0440\u043e\u0436\u043d\u044b\u0435\" fetchpriority=\"high\"\/><\/p>\n<p>\n        Photo: freepik.com by freepik,  https:\/\/creativecommons.org\/public-domain\/pdm\/    <\/p>\n<p>\n        \u0414\u0435\u0432\u0443\u0448\u043a\u0430 \u0435\u0441\u0442 \u043f\u0438\u0440\u043e\u0436\u043d\u044b\u0435    <\/p>\n<p>A an\u00e1lise acompanhou 170 mil adultos durante mais de 10 anos. Os pesquisadores avaliaram 39 ingredientes t\u00edpicos de processamento profundo, como emulsificantes e amidos modificados. Os resultados mostram que tr\u00eas grupos de subst\u00e2ncias possuem a liga\u00e7\u00e3o mais forte com a deteriora\u00e7\u00e3o da sa\u00fade ps\u00edquica:<\/p>\n<ul>&#13;<br \/>\n&#13;<\/p>\n<li><strong>Aromatizantes:<\/strong> quando a propor\u00e7\u00e3o desses itens na dieta sobe de 5% para 40%, o risco de depress\u00e3o aumenta em 46%.<\/li>\n<p>&#13;<br \/>\n&#13;<\/p>\n<li><strong>Corantes:<\/strong> o aumento do consumo de 3% para 20% est\u00e1 associado a uma eleva\u00e7\u00e3o de 49% no risco.<\/li>\n<p>&#13;<br \/>\n&#13;<\/p>\n<li><strong>Ado\u00e7antes:<\/strong> pessoas cuja dieta cont\u00e9m 20% de produtos com essas subst\u00e2ncias apresentam quadros depressivos com mais frequ\u00eancia do que quem as evita.<\/li>\n<p>&#13;<br \/>\n&#13;\n<\/ul>\n<p>\u00c9 fundamental distinguir a associa\u00e7\u00e3o estat\u00edstica de uma causa direta. O estudo registra que esses fatores caminham juntos, mas n\u00e3o prova que o corante, por si s\u00f3, gera a depress\u00e3o. No entanto, os autores destacam um &#8220;efeito dose-dependente&#8221;: quanto maior a quantidade de qu\u00edmica no prato, maior a probabilidade do diagn\u00f3stico, o que reduz a chance de ser apenas uma coincid\u00eancia.<\/p>\n<p>Embora o mecanismo exato ainda n\u00e3o tenha sido confirmado, a ci\u00eancia trabalha com quatro hip\u00f3teses sobre como esses aditivos afetam o humor:<\/p>\n<ul>&#13;<br \/>\n&#13;<\/p>\n<li><strong>Microbioma:<\/strong> cerca de 90% da serotonina \u00e9 produzida no intestino. Ado\u00e7antes e corantes podem alterar a flora bacteriana, gerando inflama\u00e7\u00f5es que impactam o c\u00e9rebro via eixo intestino-c\u00e9rebro.<\/li>\n<p>&#13;<br \/>\n&#13;<\/p>\n<li><strong>Inflama\u00e7\u00e3o sist\u00eamica:<\/strong> emulsificantes podem degradar a camada protetora do intestino, permitindo que toxinas entrem na corrente sangu\u00ednea e desencadeiem processos inflamat\u00f3rios cr\u00f4nicos ligados a estados depressivos.<\/li>\n<p>&#13;<br \/>\n&#13;<\/p>\n<li><strong>Atividade neuronal:<\/strong> aromatizantes artificiais podem causar sobrecarga sensorial ou agir diretamente nos receptores cerebrais.<\/li>\n<p>&#13;<br \/>\n&#13;<\/p>\n<li><strong>Efeito de substitui\u00e7\u00e3o:<\/strong> alimentos ultraprocessados substituem comida natural. O corpo sente saciedade, mas sofre car\u00eancia de magn\u00e9sio, zinco, \u00f4mega-3 e vitaminas do complexo B, essenciais para os neurotransmissores.<\/li>\n<p>&#13;<br \/>\n&#13;\n<\/ul>\n<p>Para mitigar esses riscos, a orienta\u00e7\u00e3o \u00e9 monitorar a composi\u00e7\u00e3o dos alimentos e tentar limitar a parcela de produtos com alta carga qu\u00edmica a 10-15% da dieta total.<\/p>\n<p>O principal sinal de alerta s\u00e3o ingredientes que n\u00e3o existem em uma cozinha dom\u00e9stica: prote\u00ednas hidrolisadas, equivalentes de manteiga de cacau ou aditivos da s\u00e9rie &#8220;E&#8221;. Aten\u00e7\u00e3o especial deve ser dada aos produtos vendidos como saud\u00e1veis, como barras de prote\u00edna e bebidas &#8220;zero a\u00e7\u00facar&#8221;, que costumam concentrar as maiores doses de aromatizantes e ado\u00e7antes.<\/p>\n<p>\t\tAuthor`s name <a href=\"https:\/\/port.pravda.ru\/author\/evgenia_rumyantseva\/\" rel=\"nofollow noopener\" target=\"_blank\">Evgenia Rumyantseva<\/a><\/p>\n<p>Correspondente do Pravda.Ru, atuando na edi\u00e7\u00e3o em portugu\u00eas do site.\t\t\t\t<\/p>\n","protected":false},"excerpt":{"rendered":"A cor vibrante de um iogurte ou o aroma intenso de uma sobremesa industrializada podem ter um custo&hellip;\n","protected":false},"author":2,"featured_media":513319,"comment_status":"","ping_status":"","sticky":false,"template":"","format":"standard","meta":{"footnotes":"","_share_on_mastodon":"0"},"categories":[86],"tags":[82264,1646,82265,116,32,33,82263,117,82266],"class_list":["post-513318","post","type-post","status-publish","format-standard","has-post-thumbnail","category-saude","tag-aditivos-alimentares","tag-alimentos-ultraprocessados","tag-aromatizantes-artificiais","tag-health","tag-portugal","tag-pt","tag-risco-de-depressao","tag-saude","tag-saude-mental-e-dieta"],"share_on_mastodon":{"url":"https:\/\/pubeurope.com\/@pt\/117221402375151372","error":""},"_links":{"self":[{"href":"https:\/\/www.europesays.com\/pt\/wp-json\/wp\/v2\/posts\/513318","targetHints":{"allow":["GET"]}}],"collection":[{"href":"https:\/\/www.europesays.com\/pt\/wp-json\/wp\/v2\/posts"}],"about":[{"href":"https:\/\/www.europesays.com\/pt\/wp-json\/wp\/v2\/types\/post"}],"author":[{"embeddable":true,"href":"https:\/\/www.europesays.com\/pt\/wp-json\/wp\/v2\/users\/2"}],"replies":[{"embeddable":true,"href":"https:\/\/www.europesays.com\/pt\/wp-json\/wp\/v2\/comments?post=513318"}],"version-history":[{"count":0,"href":"https:\/\/www.europesays.com\/pt\/wp-json\/wp\/v2\/posts\/513318\/revisions"}],"wp:featuredmedia":[{"embeddable":true,"href":"https:\/\/www.europesays.com\/pt\/wp-json\/wp\/v2\/media\/513319"}],"wp:attachment":[{"href":"https:\/\/www.europesays.com\/pt\/wp-json\/wp\/v2\/media?parent=513318"}],"wp:term":[{"taxonomy":"category","embeddable":true,"href":"https:\/\/www.europesays.com\/pt\/wp-json\/wp\/v2\/categories?post=513318"},{"taxonomy":"post_tag","embeddable":true,"href":"https:\/\/www.europesays.com\/pt\/wp-json\/wp\/v2\/tags?post=513318"}],"curies":[{"name":"wp","href":"https:\/\/api.w.org\/{rel}","templated":true}]}}